{"id":91058,"date":"2018-03-11T10:09:40","date_gmt":"2018-03-11T10:09:40","guid":{"rendered":"https:\/\/www.deberes.net\/tesis\/sin-categoria\/modelos-faciales-factorizados-para-tracking-y-reconocimiento\/"},"modified":"2018-03-11T10:09:40","modified_gmt":"2018-03-11T10:09:40","slug":"modelos-faciales-factorizados-para-tracking-y-reconocimiento","status":"publish","type":"post","link":"https:\/\/www.deberes.net\/tesis\/arquitectura-de-ordenadores\/modelos-faciales-factorizados-para-tracking-y-reconocimiento\/","title":{"rendered":"Modelos faciales factorizados para tracking y reconocimiento"},"content":{"rendered":"<h2>Tesis doctoral de <strong> Jos\u00e9 Gonz\u00e1lez Mora <\/strong><\/h2>\n<p>En esta tesis se analizan distintos modelos computacionales para el an\u00e1lisis de im\u00e1genes faciales. Describimos el uso de modelos param\u00e9tricos de forma y apariencia para la codificaci\u00f3n de caras humanas en distintas aplicaciones como el seguimiento o el reconocimiento facial. Adicionalmente se analiza el uso de arquitecturas de unidades de procesamiento gr\u00e1fico (gpus) para implementar de forma eficiente este tipo de t\u00e9cnicas. las principales contribuciones son: &#8211; el desarrollo de formulaciones eficientes y robustas para el ajuste de modelos lineales de apariencia. &#8211; la introducci\u00f3n de los modelos activos de apariencia bilineales (baams) para representar de forma factorizada los cambios de pose fuera de plano en im\u00e1genes faciales. &#8211; el desarrollo de t\u00e9cnicas de construcci\u00f3n de modelos deformables 3d para uso en t\u00e9cnicas param\u00e9tricas de an\u00e1lisis facial. &#8211; un an\u00e1lisis de las posibilidades de las arquitecturas gpus como plataformas de c\u00f3mputo paralelo para la implementaci\u00f3n de estas t\u00e9cnicas as\u00ed como una comparativa de prestaciones en la implementaci\u00f3n de modelos lineales de apariencia de primer orden.<\/p>\n<p>&nbsp;<\/p>\n<h3>Datos acad\u00e9micos de la tesis doctoral \u00ab<strong>Modelos faciales factorizados para tracking y reconocimiento<\/strong>\u00ab<\/h3>\n<ul>\n<li><strong>T\u00edtulo de la tesis:<\/strong>\u00a0 Modelos faciales factorizados para tracking y reconocimiento <\/li>\n<li><strong>Autor:<\/strong>\u00a0 Jos\u00e9 Gonz\u00e1lez Mora <\/li>\n<li><strong>Universidad:<\/strong>\u00a0 M\u00e1laga<\/li>\n<li><strong>Fecha de lectura de la tesis:<\/strong>\u00a0 22\/12\/2008<\/li>\n<\/ul>\n<p>&nbsp;<\/p>\n<h3>Direcci\u00f3n y tribunal<\/h3>\n<ul>\n<li><strong>Director de la tesis<\/strong>\n<ul>\n<li>Nicolas Guil Matas<\/li>\n<\/ul>\n<\/li>\n<li><strong>Tribunal<\/strong>\n<ul>\n<li>Presidente del tribunal: nicolas Perez de la blanca capilla <\/li>\n<li>Fernando de la Torre frade (vocal)<\/li>\n<li>inmaculada Garcia fernandez (vocal)<\/li>\n<li>Luis Baumela molina (vocal)<\/li>\n<\/ul>\n<\/li>\n<\/ul>\n<p>&nbsp;<\/p>\n","protected":false},"excerpt":{"rendered":"<p>Tesis doctoral de Jos\u00e9 Gonz\u00e1lez Mora En esta tesis se analizan distintos modelos computacionales para el an\u00e1lisis de im\u00e1genes faciales. [&hellip;]<\/p>\n","protected":false},"author":1,"featured_media":0,"comment_status":"open","ping_status":"open","sticky":false,"template":"","format":"standard","meta":{"site-sidebar-layout":"default","site-content-layout":"","ast-site-content-layout":"","site-content-style":"default","site-sidebar-style":"default","ast-global-header-display":"","ast-banner-title-visibility":"","ast-main-header-display":"","ast-hfb-above-header-display":"","ast-hfb-below-header-display":"","ast-hfb-mobile-header-display":"","site-post-title":"","ast-breadcrumbs-content":"","ast-featured-img":"","footer-sml-layout":"","theme-transparent-header-meta":"","adv-header-id-meta":"","stick-header-meta":"","header-above-stick-meta":"","header-main-stick-meta":"","header-below-stick-meta":"","astra-migrate-meta-layouts":"default","ast-page-background-enabled":"default","ast-page-background-meta":{"desktop":{"background-color":"var(--ast-global-color-4)","background-image":"","background-repeat":"repeat","background-position":"center center","background-size":"auto","background-attachment":"scroll","background-type":"","background-media":"","overlay-type":"","overlay-color":"","overlay-gradient":""},"tablet":{"background-color":"","background-image":"","background-repeat":"repeat","background-position":"center center","background-size":"auto","background-attachment":"scroll","background-type":"","background-media":"","overlay-type":"","overlay-color":"","overlay-gradient":""},"mobile":{"background-color":"","background-image":"","background-repeat":"repeat","background-position":"center center","background-size":"auto","background-attachment":"scroll","background-type":"","background-media":"","overlay-type":"","overlay-color":"","overlay-gradient":""}},"ast-content-background-meta":{"desktop":{"background-color":"var(--ast-global-color-5)","background-image":"","background-repeat":"repeat","background-position":"center center","background-size":"auto","background-attachment":"scroll","background-type":"","background-media":"","overlay-type":"","overlay-color":"","overlay-gradient":""},"tablet":{"background-color":"var(--ast-global-color-5)","background-image":"","background-repeat":"repeat","background-position":"center center","background-size":"auto","background-attachment":"scroll","background-type":"","background-media":"","overlay-type":"","overlay-color":"","overlay-gradient":""},"mobile":{"background-color":"var(--ast-global-color-5)","background-image":"","background-repeat":"repeat","background-position":"center center","background-size":"auto","background-attachment":"scroll","background-type":"","background-media":"","overlay-type":"","overlay-color":"","overlay-gradient":""}},"footnotes":""},"categories":[4810,7834],"tags":[188761,45912,188760,30605,55716,3618],"class_list":["post-91058","post","type-post","status-publish","format-standard","hentry","category-arquitectura-de-ordenadores","category-malaga","tag-fernando-de-la-torre-frade","tag-inmaculada-garcia-fernandez","tag-jose-gonzalez-mora","tag-luis-baumela-molina","tag-nicolas-guil-matas","tag-nicolas-perez-de-la-blanca-capilla"],"_links":{"self":[{"href":"https:\/\/www.deberes.net\/tesis\/wp-json\/wp\/v2\/posts\/91058","targetHints":{"allow":["GET"]}}],"collection":[{"href":"https:\/\/www.deberes.net\/tesis\/wp-json\/wp\/v2\/posts"}],"about":[{"href":"https:\/\/www.deberes.net\/tesis\/wp-json\/wp\/v2\/types\/post"}],"author":[{"embeddable":true,"href":"https:\/\/www.deberes.net\/tesis\/wp-json\/wp\/v2\/users\/1"}],"replies":[{"embeddable":true,"href":"https:\/\/www.deberes.net\/tesis\/wp-json\/wp\/v2\/comments?post=91058"}],"version-history":[{"count":0,"href":"https:\/\/www.deberes.net\/tesis\/wp-json\/wp\/v2\/posts\/91058\/revisions"}],"wp:attachment":[{"href":"https:\/\/www.deberes.net\/tesis\/wp-json\/wp\/v2\/media?parent=91058"}],"wp:term":[{"taxonomy":"category","embeddable":true,"href":"https:\/\/www.deberes.net\/tesis\/wp-json\/wp\/v2\/categories?post=91058"},{"taxonomy":"post_tag","embeddable":true,"href":"https:\/\/www.deberes.net\/tesis\/wp-json\/wp\/v2\/tags?post=91058"}],"curies":[{"name":"wp","href":"https:\/\/api.w.org\/{rel}","templated":true}]}}