{"id":91072,"date":"2018-03-11T10:09:45","date_gmt":"2018-03-11T10:09:45","guid":{"rendered":"https:\/\/www.deberes.net\/tesis\/sin-categoria\/escultura-publica-sus-repercusiones-socio-culturales-y-motivo-de-vinculacion-entre-la-villa-de-tecali-de-herrera-y-la-ciudad-de-puebla-de-los-angeles-mexico\/"},"modified":"2018-03-11T10:09:45","modified_gmt":"2018-03-11T10:09:45","slug":"escultura-publica-sus-repercusiones-socio-culturales-y-motivo-de-vinculacion-entre-la-villa-de-tecali-de-herrera-y-la-ciudad-de-puebla-de-los-angeles-mexico","status":"publish","type":"post","link":"https:\/\/www.deberes.net\/tesis\/barcelona\/escultura-publica-sus-repercusiones-socio-culturales-y-motivo-de-vinculacion-entre-la-villa-de-tecali-de-herrera-y-la-ciudad-de-puebla-de-los-angeles-mexico\/","title":{"rendered":"Escultura p\u00fablica: sus repercusiones socio-culturales y motivo de vinculaci\u00f3n entre la villa de tecali de herrera y la ciudad de puebla de los \u00e1ngeles, m\u00e9xico"},"content":{"rendered":"<h2>Tesis doctoral de <strong> Elvia Cristina S\u00e1nchez De La Barquera Arroyo <\/strong><\/h2>\n<p>Como lo dicta el t\u00edtulo, esta tesis involucra a dos poblaciones: tecali y puebla, la primera de oficio talladora de piedra y poseedora de canteras, y la segunda ciudad capital con irregular trayectoria en escultura p\u00fablica y donde se ubica ciudad universitaria de la benem\u00e9rita universidad aut\u00f3noma de puebla. Ambos casos han permitido tanto la investigaci\u00f3n te\u00f3rica como la puesta en pr\u00e1ctica del trabajo escult\u00f3rico tanto en taller como en emplazamiento, sin perder de vista que el objetivo general ha sido conocer, reflexionar, motivar y fomentar la cultura escult\u00f3rica en dignificaci\u00f3n de los espacios p\u00fablicos de la ciudad de puebla, en vinculaci\u00f3n con tecali por medio de la resignificaci\u00f3n del espacio, de la recuperaci\u00f3n de las caracter\u00edsticas medioambientales y de la mejor\u00eda en la calidad de vida de los integrantes de las comunidades. as\u00ed, la tesis se ha dividido en tres partes: la primera versa en torno a las discusiones y propuestas conceptuales que justifican y motivan en resto del trabajo a desarrollar. La segunda parte consiste en la contextualizaci\u00f3n, implicando temas como el desarrollo urbano, historiogr\u00e1fico de la escultura p\u00fablica y patrimonial, as\u00ed como las posibilidades de participaci\u00f3n ciudadana. La tercera parte ha sido la propuesta de escultura p\u00fablica para ciudad universitaria por medio de un proyecto que ha intentado vincular el arte con los procesos sociales, con el mejoramiento del entorno, la dignificaci\u00f3n del espacio p\u00fablico y la participaci\u00f3n interinstitucional. Finalmente, queda decir que as\u00ed como se consiguieron metas m\u00e1s all\u00e1 de las planteadas, tambi\u00e9n se detectaron problem\u00e1ticas que requieren atenci\u00f3n y marcan pautas para futuros proyectos interdisciplinarios en ambas regiones<\/p>\n<p>&nbsp;<\/p>\n<h3>Datos acad\u00e9micos de la tesis doctoral \u00ab<strong>Escultura p\u00fablica: sus repercusiones socio-culturales y motivo de vinculaci\u00f3n entre la villa de tecali de herrera y la ciudad de puebla de los \u00e1ngeles, m\u00e9xico<\/strong>\u00ab<\/h3>\n<ul>\n<li><strong>T\u00edtulo de la tesis:<\/strong>\u00a0 Escultura p\u00fablica: sus repercusiones socio-culturales y motivo de vinculaci\u00f3n entre la villa de tecali de herrera y la ciudad de puebla de los \u00e1ngeles, m\u00e9xico <\/li>\n<li><strong>Autor:<\/strong>\u00a0 Elvia Cristina S\u00e1nchez De La Barquera Arroyo <\/li>\n<li><strong>Universidad:<\/strong>\u00a0 Barcelona<\/li>\n<li><strong>Fecha de lectura de la tesis:<\/strong>\u00a0 30\/12\/2008<\/li>\n<\/ul>\n<p>&nbsp;<\/p>\n<h3>Direcci\u00f3n y tribunal<\/h3>\n<ul>\n<li><strong>Director de la tesis<\/strong>\n<ul>\n<li>Jaume Ros Vallverd\u00fa<\/li>\n<\/ul>\n<\/li>\n<li><strong>Tribunal<\/strong>\n<ul>\n<li>Presidente del tribunal: jordi Dalmau sivila <\/li>\n<li>ascension Garcia garcia (vocal)<\/li>\n<li>ignasi ricardo Sanfeliu arboix (vocal)<\/li>\n<li>pablo Rafael Sede\u00f1o pacios (vocal)<\/li>\n<\/ul>\n<\/li>\n<\/ul>\n<p>&nbsp;<\/p>\n","protected":false},"excerpt":{"rendered":"<p>Tesis doctoral de Elvia Cristina S\u00e1nchez De La Barquera Arroyo Como lo dicta el t\u00edtulo, esta tesis involucra a dos [&hellip;]<\/p>\n","protected":false},"author":1,"featured_media":0,"comment_status":"open","ping_status":"open","sticky":false,"template":"","format":"standard","meta":{"site-sidebar-layout":"default","site-content-layout":"","ast-site-content-layout":"","site-content-style":"default","site-sidebar-style":"default","ast-global-header-display":"","ast-banner-title-visibility":"","ast-main-header-display":"","ast-hfb-above-header-display":"","ast-hfb-below-header-display":"","ast-hfb-mobile-header-display":"","site-post-title":"","ast-breadcrumbs-content":"","ast-featured-img":"","footer-sml-layout":"","theme-transparent-header-meta":"","adv-header-id-meta":"","stick-header-meta":"","header-above-stick-meta":"","header-main-stick-meta":"","header-below-stick-meta":"","astra-migrate-meta-layouts":"default","ast-page-background-enabled":"default","ast-page-background-meta":{"desktop":{"background-color":"var(--ast-global-color-4)","background-image":"","background-repeat":"repeat","background-position":"center center","background-size":"auto","background-attachment":"scroll","background-type":"","background-media":"","overlay-type":"","overlay-color":"","overlay-gradient":""},"tablet":{"background-color":"","background-image":"","background-repeat":"repeat","background-position":"center center","background-size":"auto","background-attachment":"scroll","background-type":"","background-media":"","overlay-type":"","overlay-color":"","overlay-gradient":""},"mobile":{"background-color":"","background-image":"","background-repeat":"repeat","background-position":"center center","background-size":"auto","background-attachment":"scroll","background-type":"","background-media":"","overlay-type":"","overlay-color":"","overlay-gradient":""}},"ast-content-background-meta":{"desktop":{"background-color":"var(--ast-global-color-5)","background-image":"","background-repeat":"repeat","background-position":"center center","background-size":"auto","background-attachment":"scroll","background-type":"","background-media":"","overlay-type":"","overlay-color":"","overlay-gradient":""},"tablet":{"background-color":"var(--ast-global-color-5)","background-image":"","background-repeat":"repeat","background-position":"center center","background-size":"auto","background-attachment":"scroll","background-type":"","background-media":"","overlay-type":"","overlay-color":"","overlay-gradient":""},"mobile":{"background-color":"var(--ast-global-color-5)","background-image":"","background-repeat":"repeat","background-position":"center center","background-size":"auto","background-attachment":"scroll","background-type":"","background-media":"","overlay-type":"","overlay-color":"","overlay-gradient":""}},"footnotes":""},"categories":[951,4363],"tags":[51518,188786,88403,88407,154817,62662],"class_list":["post-91072","post","type-post","status-publish","format-standard","hentry","category-barcelona","category-escultura","tag-ascension-garcia-garcia","tag-elvia-cristina-sanchez-de-la-barquera-arroyo","tag-ignasi-ricardo-sanfeliu-arboix","tag-jaume-ros-vallverdu","tag-jordi-dalmau-sivila","tag-pablo-rafael-sedeno-pacios"],"_links":{"self":[{"href":"https:\/\/www.deberes.net\/tesis\/wp-json\/wp\/v2\/posts\/91072","targetHints":{"allow":["GET"]}}],"collection":[{"href":"https:\/\/www.deberes.net\/tesis\/wp-json\/wp\/v2\/posts"}],"about":[{"href":"https:\/\/www.deberes.net\/tesis\/wp-json\/wp\/v2\/types\/post"}],"author":[{"embeddable":true,"href":"https:\/\/www.deberes.net\/tesis\/wp-json\/wp\/v2\/users\/1"}],"replies":[{"embeddable":true,"href":"https:\/\/www.deberes.net\/tesis\/wp-json\/wp\/v2\/comments?post=91072"}],"version-history":[{"count":0,"href":"https:\/\/www.deberes.net\/tesis\/wp-json\/wp\/v2\/posts\/91072\/revisions"}],"wp:attachment":[{"href":"https:\/\/www.deberes.net\/tesis\/wp-json\/wp\/v2\/media?parent=91072"}],"wp:term":[{"taxonomy":"category","embeddable":true,"href":"https:\/\/www.deberes.net\/tesis\/wp-json\/wp\/v2\/categories?post=91072"},{"taxonomy":"post_tag","embeddable":true,"href":"https:\/\/www.deberes.net\/tesis\/wp-json\/wp\/v2\/tags?post=91072"}],"curies":[{"name":"wp","href":"https:\/\/api.w.org\/{rel}","templated":true}]}}