{"id":91074,"date":"2009-07-01T00:00:00","date_gmt":"2009-07-01T00:00:00","guid":{"rendered":"https:\/\/www.deberes.net\/tesis\/sin-categoria\/relaciones-puerto-ciudad-desarrollo-metodologico\/"},"modified":"2009-07-01T00:00:00","modified_gmt":"2009-07-01T00:00:00","slug":"relaciones-puerto-ciudad-desarrollo-metodologico","status":"publish","type":"post","link":"https:\/\/www.deberes.net\/tesis\/actividad-economica\/relaciones-puerto-ciudad-desarrollo-metodologico\/","title":{"rendered":"Relaciones puerto-ciudad. desarrollo metodologico"},"content":{"rendered":"<h2>Tesis doctoral de <strong> Jos\u00e9 Pablo Rodriguez-marin Sastre <\/strong><\/h2>\n<p>La presencia de un puerto en una ciudad mar\u00edtima es determinante para la ordenaci\u00f3n, evoluci\u00f3n y definici\u00f3n de la misma. Aquellas ciudades que tienen puerto, suelen desarrollarse de \u00abespaldas al mar\u00bb, ocasionando una dicotom\u00eda, en el progreso de ambos sectores (puerto y ciudad), cuesti\u00f3n que nace imprescindible la actuaci\u00f3n inmediata y coordinada, por parte de entidades, y expertos, conocedores de la importancia de correlacionar estas dos grandes \u00e1reas, para as\u00ed, proveer los m\u00faltiples usos y ventajas, en la composici\u00f3n beneficiosa de unir y acompasar el desarrollo en m\u00faltiples \u00e1mbitos del conjunto puerto-ciudad.<\/p>\n<p>&nbsp;<\/p>\n<h3>Datos acad\u00e9micos de la tesis doctoral \u00ab<strong>Relaciones puerto-ciudad. desarrollo metodologico<\/strong>\u00ab<\/h3>\n<ul>\n<li><strong>T\u00edtulo de la tesis:<\/strong>\u00a0 Relaciones puerto-ciudad. desarrollo metodologico <\/li>\n<li><strong>Autor:<\/strong>\u00a0 Jos\u00e9 Pablo Rodriguez-marin Sastre <\/li>\n<li><strong>Universidad:<\/strong>\u00a0 Polit\u00e9cnica de catalunya<\/li>\n<li><strong>Fecha de lectura de la tesis:<\/strong>\u00a0 07\/01\/2009<\/li>\n<\/ul>\n<p>&nbsp;<\/p>\n<h3>Direcci\u00f3n y tribunal<\/h3>\n<ul>\n<li><strong>Director de la tesis<\/strong>\n<ul>\n<li>Modest Batlle Girona<\/li>\n<\/ul>\n<\/li>\n<li><strong>Tribunal<\/strong>\n<ul>\n<li>Presidente del tribunal: c\u00e9sar Molinas sans <\/li>\n<li>Jos\u00e9 Manuel Vassallo magro (vocal)<\/li>\n<li>\u00e1ngel Men\u00e9ndez rexach (vocal)<\/li>\n<li>Jorge Ca\u00f1izal berini (vocal)<\/li>\n<\/ul>\n<\/li>\n<\/ul>\n<p>&nbsp;<\/p>\n","protected":false},"excerpt":{"rendered":"<p>Tesis doctoral de Jos\u00e9 Pablo Rodriguez-marin Sastre La presencia de un puerto en una ciudad mar\u00edtima es determinante para la [&hellip;]<\/p>\n","protected":false},"author":1,"featured_media":0,"comment_status":"open","ping_status":"open","sticky":false,"template":"","format":"standard","meta":{"site-sidebar-layout":"default","site-content-layout":"","ast-site-content-layout":"","site-content-style":"default","site-sidebar-style":"default","ast-global-header-display":"","ast-banner-title-visibility":"","ast-main-header-display":"","ast-hfb-above-header-display":"","ast-hfb-below-header-display":"","ast-hfb-mobile-header-display":"","site-post-title":"","ast-breadcrumbs-content":"","ast-featured-img":"","footer-sml-layout":"","theme-transparent-header-meta":"","adv-header-id-meta":"","stick-header-meta":"","header-above-stick-meta":"","header-main-stick-meta":"","header-below-stick-meta":"","astra-migrate-meta-layouts":"default","ast-page-background-enabled":"default","ast-page-background-meta":{"desktop":{"background-color":"var(--ast-global-color-4)","background-image":"","background-repeat":"repeat","background-position":"center center","background-size":"auto","background-attachment":"scroll","background-type":"","background-media":"","overlay-type":"","overlay-color":"","overlay-gradient":""},"tablet":{"background-color":"","background-image":"","background-repeat":"repeat","background-position":"center center","background-size":"auto","background-attachment":"scroll","background-type":"","background-media":"","overlay-type":"","overlay-color":"","overlay-gradient":""},"mobile":{"background-color":"","background-image":"","background-repeat":"repeat","background-position":"center center","background-size":"auto","background-attachment":"scroll","background-type":"","background-media":"","overlay-type":"","overlay-color":"","overlay-gradient":""}},"ast-content-background-meta":{"desktop":{"background-color":"var(--ast-global-color-5)","background-image":"","background-repeat":"repeat","background-position":"center center","background-size":"auto","background-attachment":"scroll","background-type":"","background-media":"","overlay-type":"","overlay-color":"","overlay-gradient":""},"tablet":{"background-color":"var(--ast-global-color-5)","background-image":"","background-repeat":"repeat","background-position":"center center","background-size":"auto","background-attachment":"scroll","background-type":"","background-media":"","overlay-type":"","overlay-color":"","overlay-gradient":""},"mobile":{"background-color":"var(--ast-global-color-5)","background-image":"","background-repeat":"repeat","background-position":"center center","background-size":"auto","background-attachment":"scroll","background-type":"","background-media":"","overlay-type":"","overlay-color":"","overlay-gradient":""}},"footnotes":""},"categories":[772,1442,16563,15596,26414],"tags":[14619,38796,143938,70034,188789,65728],"class_list":["post-91074","post","type-post","status-publish","format-standard","hentry","category-actividad-economica","category-derecho-administrativo","category-planificacion-urbanistica","category-politecnica-de-catalunya","category-puertos","tag-angel-menendez-rexach","tag-cesar-molinas-sans","tag-jorge-canizal-berini","tag-jose-manuel-vassallo-magro","tag-jose-pablo-rodriguez-marin-sastre","tag-modest-batlle-girona"],"_links":{"self":[{"href":"https:\/\/www.deberes.net\/tesis\/wp-json\/wp\/v2\/posts\/91074","targetHints":{"allow":["GET"]}}],"collection":[{"href":"https:\/\/www.deberes.net\/tesis\/wp-json\/wp\/v2\/posts"}],"about":[{"href":"https:\/\/www.deberes.net\/tesis\/wp-json\/wp\/v2\/types\/post"}],"author":[{"embeddable":true,"href":"https:\/\/www.deberes.net\/tesis\/wp-json\/wp\/v2\/users\/1"}],"replies":[{"embeddable":true,"href":"https:\/\/www.deberes.net\/tesis\/wp-json\/wp\/v2\/comments?post=91074"}],"version-history":[{"count":0,"href":"https:\/\/www.deberes.net\/tesis\/wp-json\/wp\/v2\/posts\/91074\/revisions"}],"wp:attachment":[{"href":"https:\/\/www.deberes.net\/tesis\/wp-json\/wp\/v2\/media?parent=91074"}],"wp:term":[{"taxonomy":"category","embeddable":true,"href":"https:\/\/www.deberes.net\/tesis\/wp-json\/wp\/v2\/categories?post=91074"},{"taxonomy":"post_tag","embeddable":true,"href":"https:\/\/www.deberes.net\/tesis\/wp-json\/wp\/v2\/tags?post=91074"}],"curies":[{"name":"wp","href":"https:\/\/api.w.org\/{rel}","templated":true}]}}