{"id":91096,"date":"2009-09-01T00:00:00","date_gmt":"2009-09-01T00:00:00","guid":{"rendered":"https:\/\/www.deberes.net\/tesis\/sin-categoria\/eficacia-de-un-programa-de-intervencion-cognitivo-conductual-para-pacientes-con-trastorno-temporomandibular-investigacion-de-proceso-en-dolor-cronico\/"},"modified":"2009-09-01T00:00:00","modified_gmt":"2009-09-01T00:00:00","slug":"eficacia-de-un-programa-de-intervencion-cognitivo-conductual-para-pacientes-con-trastorno-temporomandibular-investigacion-de-proceso-en-dolor-cronico","status":"publish","type":"post","link":"https:\/\/www.deberes.net\/tesis\/psicologia\/eficacia-de-un-programa-de-intervencion-cognitivo-conductual-para-pacientes-con-trastorno-temporomandibular-investigacion-de-proceso-en-dolor-cronico\/","title":{"rendered":"Eficacia de un programa de intervenci\u00f3n cognitivo-conductual para pacientes con trastorno temporomandibular: investigaci\u00f3n de proceso en dolor cr\u00f3nico"},"content":{"rendered":"<h2>Tesis doctoral de <strong> Mar\u00eda  Teresa Ferrando Garcia <\/strong><\/h2>\n<p>El presente trabajo aborda el estudio de la eficacia de un protocolo de intervenci\u00f3n psicol\u00f3gica de car\u00e1cter cognitivo-conductual para el tratamiento de los trastornos temporomandibulares, considerados en la actualidad como un s\u00edndrome de dolor cr\u00f3nico. Los trastornos temporomandibulares engloban una serie de disfunciones de la articulaci\u00f3n temporomandibular y alteraciones funcionales del sistema masticatorio que suponen un problema significativo en el \u00e1mbito odontol\u00f3gico y en la salud p\u00fablica general. La sintomatolog\u00eda del trastorno, consiste b\u00e1sicamente en dolor espont\u00e1neo a la masticaci\u00f3n o a la palpaci\u00f3n en el \u00e1rea preauricular o en los m\u00fasculos masticatorios; asimismo pueden presentarse limitaciones en los movimientos mandibulares (llegando incluso al bloqueo), y sonidos articulares; tambi\u00e9n pueden aparecer, aunque con menor frecuencia, dolores de cabeza y o\u00eddos, dolor orofacial, hipertrofia muscular masticatoria y desgaste oclusal anormal.  con el fin de paliar las limitaciones presentes en la investigaci\u00f3n previa, el estudio de la eficacia del protocolo cognitivo-conductual contempla investigaci\u00f3n de proceso -que permite determinar c\u00faales son los mecanismos responsables del cambio terap\u00e9utico obtenido- y siguiendo un dise\u00f1o experimental con un grupo control que recibe tratamiento odontol\u00f3gico est\u00e1ndar. La muestra se compuso de 72 pacientes temporomandibulares (subtipo muscular o miofacial) que se asignaron al azar al grupo experimental, que recibi\u00f3 adem\u00e1s del tratamiento odontol\u00f3gico est\u00e1ndar la terapia cognitivo-conductual, y al grupo control. La evaluaci\u00f3n de los pacientes se realizar\u00e1 paralelamente en ambos grupos, en el momento inicial, tras la finalizaci\u00f3n del tratamiento (a los tres meses en el grupo control) y a los nueve meses de seguimiento.<\/p>\n<p>&nbsp;<\/p>\n<h3>Datos acad\u00e9micos de la tesis doctoral \u00ab<strong>Eficacia de un programa de intervenci\u00f3n cognitivo-conductual para pacientes con trastorno temporomandibular: investigaci\u00f3n de proceso en dolor cr\u00f3nico<\/strong>\u00ab<\/h3>\n<ul>\n<li><strong>T\u00edtulo de la tesis:<\/strong>\u00a0 Eficacia de un programa de intervenci\u00f3n cognitivo-conductual para pacientes con trastorno temporomandibular: investigaci\u00f3n de proceso en dolor cr\u00f3nico <\/li>\n<li><strong>Autor:<\/strong>\u00a0 Mar\u00eda  Teresa Ferrando Garcia <\/li>\n<li><strong>Universidad:<\/strong>\u00a0 Universitat de val\u00e9ncia (estudi general)<\/li>\n<li><strong>Fecha de lectura de la tesis:<\/strong>\u00a0 09\/01\/2009<\/li>\n<\/ul>\n<p>&nbsp;<\/p>\n<h3>Direcci\u00f3n y tribunal<\/h3>\n<ul>\n<li><strong>Director de la tesis<\/strong>\n<ul>\n<li>Yolanda Andreu Vaillo<\/li>\n<\/ul>\n<\/li>\n<li><strong>Tribunal<\/strong>\n<ul>\n<li>Presidente del tribunal: elena Iba\u00f1ez guerra <\/li>\n<li>Miguel angel Vallejo pareja (vocal)<\/li>\n<li>Francisco j. Labrador encinas (vocal)<\/li>\n<li>Jos\u00e9 vicente Bagan sebastian (vocal)<\/li>\n<\/ul>\n<\/li>\n<\/ul>\n<p>&nbsp;<\/p>\n","protected":false},"excerpt":{"rendered":"<p>Tesis doctoral de Mar\u00eda Teresa Ferrando Garcia El presente trabajo aborda el estudio de la eficacia de un protocolo de [&hellip;]<\/p>\n","protected":false},"author":1,"featured_media":0,"comment_status":"open","ping_status":"open","sticky":false,"template":"","format":"standard","meta":{"site-sidebar-layout":"default","site-content-layout":"","ast-site-content-layout":"","site-content-style":"default","site-sidebar-style":"default","ast-global-header-display":"","ast-banner-title-visibility":"","ast-main-header-display":"","ast-hfb-above-header-display":"","ast-hfb-below-header-display":"","ast-hfb-mobile-header-display":"","site-post-title":"","ast-breadcrumbs-content":"","ast-featured-img":"","footer-sml-layout":"","theme-transparent-header-meta":"","adv-header-id-meta":"","stick-header-meta":"","header-above-stick-meta":"","header-main-stick-meta":"","header-below-stick-meta":"","astra-migrate-meta-layouts":"default","ast-page-background-enabled":"default","ast-page-background-meta":{"desktop":{"background-color":"var(--ast-global-color-4)","background-image":"","background-repeat":"repeat","background-position":"center center","background-size":"auto","background-attachment":"scroll","background-type":"","background-media":"","overlay-type":"","overlay-color":"","overlay-gradient":""},"tablet":{"background-color":"","background-image":"","background-repeat":"repeat","background-position":"center center","background-size":"auto","background-attachment":"scroll","background-type":"","background-media":"","overlay-type":"","overlay-color":"","overlay-gradient":""},"mobile":{"background-color":"","background-image":"","background-repeat":"repeat","background-position":"center center","background-size":"auto","background-attachment":"scroll","background-type":"","background-media":"","overlay-type":"","overlay-color":"","overlay-gradient":""}},"ast-content-background-meta":{"desktop":{"background-color":"var(--ast-global-color-5)","background-image":"","background-repeat":"repeat","background-position":"center center","background-size":"auto","background-attachment":"scroll","background-type":"","background-media":"","overlay-type":"","overlay-color":"","overlay-gradient":""},"tablet":{"background-color":"var(--ast-global-color-5)","background-image":"","background-repeat":"repeat","background-position":"center center","background-size":"auto","background-attachment":"scroll","background-type":"","background-media":"","overlay-type":"","overlay-color":"","overlay-gradient":""},"mobile":{"background-color":"var(--ast-global-color-5)","background-image":"","background-repeat":"repeat","background-position":"center center","background-size":"auto","background-attachment":"scroll","background-type":"","background-media":"","overlay-type":"","overlay-color":"","overlay-gradient":""}},"footnotes":""},"categories":[324,487],"tags":[2524,5287,11372,188824,7306,120536],"class_list":["post-91096","post","type-post","status-publish","format-standard","hentry","category-psicologia","category-psicologia-clinica","tag-elena-ibanez-guerra","tag-francisco-j-labrador-encinas","tag-jose-vicente-bagan-sebastian","tag-maria-teresa-ferrando-garcia","tag-miguel-angel-vallejo-pareja","tag-yolanda-andreu-vaillo"],"_links":{"self":[{"href":"https:\/\/www.deberes.net\/tesis\/wp-json\/wp\/v2\/posts\/91096","targetHints":{"allow":["GET"]}}],"collection":[{"href":"https:\/\/www.deberes.net\/tesis\/wp-json\/wp\/v2\/posts"}],"about":[{"href":"https:\/\/www.deberes.net\/tesis\/wp-json\/wp\/v2\/types\/post"}],"author":[{"embeddable":true,"href":"https:\/\/www.deberes.net\/tesis\/wp-json\/wp\/v2\/users\/1"}],"replies":[{"embeddable":true,"href":"https:\/\/www.deberes.net\/tesis\/wp-json\/wp\/v2\/comments?post=91096"}],"version-history":[{"count":0,"href":"https:\/\/www.deberes.net\/tesis\/wp-json\/wp\/v2\/posts\/91096\/revisions"}],"wp:attachment":[{"href":"https:\/\/www.deberes.net\/tesis\/wp-json\/wp\/v2\/media?parent=91096"}],"wp:term":[{"taxonomy":"category","embeddable":true,"href":"https:\/\/www.deberes.net\/tesis\/wp-json\/wp\/v2\/categories?post=91096"},{"taxonomy":"post_tag","embeddable":true,"href":"https:\/\/www.deberes.net\/tesis\/wp-json\/wp\/v2\/tags?post=91096"}],"curies":[{"name":"wp","href":"https:\/\/api.w.org\/{rel}","templated":true}]}}