{"id":91098,"date":"2009-09-01T00:00:00","date_gmt":"2009-09-01T00:00:00","guid":{"rendered":"https:\/\/www.deberes.net\/tesis\/sin-categoria\/os-jovens-e-a-publicidade-representaa%c2%a7oes-sociais-na-mensagem-e-recepa%c2%a7ao\/"},"modified":"2009-09-01T00:00:00","modified_gmt":"2009-09-01T00:00:00","slug":"os-jovens-e-a-publicidade-representaa%c2%a7oes-sociais-na-mensagem-e-recepa%c2%a7ao","status":"publish","type":"post","link":"https:\/\/www.deberes.net\/tesis\/santiago-de-compostela\/os-jovens-e-a-publicidade-representaa%c2%a7oes-sociais-na-mensagem-e-recepa%c2%a7ao\/","title":{"rendered":"Os jovens e a publicidade: representa\u00c1\u00a7oes sociais na mensagem e recep\u00c1\u00a7ao"},"content":{"rendered":"<h2>Tesis doctoral de <strong> Nara Espi\u00f1eira Lemos <\/strong><\/h2>\n<p>A \u00e1rea tem\u00e1tica desta tese \u00e9 sobre o jovem e a publicidade, nos centrando na representa\u00ed\u00a7ao social deste p\u00fablico nas mensagens publicit\u00e1rias comerciais do brasil e em sua recep\u00ed\u00a7ao. Nos detivemos especificamente no meio: televisao e revista, observando principalmente quis os valores que estruturam a representa\u00ed\u00a7ao social destes jovens que aparecem nas mensagens de tais m\u00eddias. Quanto ao estudo de recep\u00ed\u00a7ao, seguimos a linha de estudos culturais, tomando como par\u00ed\u00a2metro a an\u00e1lise textual comparativa dos discursos dos meios e dos discursos da audi\u00ed\u00aancia permitindo que o resultado fosse analisado em rela\u00ed\u00a7ao ao contexto. a presente tese se moveu em uma perspectiva interdisciplinar, envolvendo conceitos do campo de comunicacao, psicolog\u00eda social, sociolog\u00eda e antropolog\u00eda.<\/p>\n<p>&nbsp;<\/p>\n<h3>Datos acad\u00e9micos de la tesis doctoral \u00ab<strong>Os jovens e a publicidade: representa\u00c1\u00a7oes sociais na mensagem e recep\u00c1\u00a7ao<\/strong>\u00ab<\/h3>\n<ul>\n<li><strong>T\u00edtulo de la tesis:<\/strong>\u00a0 Os jovens e a publicidade: representa\u00c1\u00a7oes sociais na mensagem e recep\u00c1\u00a7ao <\/li>\n<li><strong>Autor:<\/strong>\u00a0 Nara Espi\u00f1eira Lemos <\/li>\n<li><strong>Universidad:<\/strong>\u00a0 Santiago de compostela<\/li>\n<li><strong>Fecha de lectura de la tesis:<\/strong>\u00a0 09\/01\/2009<\/li>\n<\/ul>\n<p>&nbsp;<\/p>\n<h3>Direcci\u00f3n y tribunal<\/h3>\n<ul>\n<li><strong>Director de la tesis<\/strong>\n<ul>\n<li>Xose Antonio Neira Cruz<\/li>\n<\/ul>\n<\/li>\n<li><strong>Tribunal<\/strong>\n<ul>\n<li>Presidente del tribunal: xos\u00e9 L\u00f3pez Garc\u00eda <\/li>\n<li>Jos\u00e9 Manuel De pablos coello (vocal)<\/li>\n<li>Jos\u00e9 Soengas p\u00e9rez (vocal)<\/li>\n<li>Jorge Pedro sousa (vocal)<\/li>\n<\/ul>\n<\/li>\n<\/ul>\n<p>&nbsp;<\/p>\n","protected":false},"excerpt":{"rendered":"<p>Tesis doctoral de Nara Espi\u00f1eira Lemos A \u00e1rea tem\u00e1tica desta tese \u00e9 sobre o jovem e a publicidade, nos centrando [&hellip;]<\/p>\n","protected":false},"author":1,"featured_media":0,"comment_status":"open","ping_status":"open","sticky":false,"template":"","format":"standard","meta":{"site-sidebar-layout":"default","site-content-layout":"","ast-site-content-layout":"","site-content-style":"default","site-sidebar-style":"default","ast-global-header-display":"","ast-banner-title-visibility":"","ast-main-header-display":"","ast-hfb-above-header-display":"","ast-hfb-below-header-display":"","ast-hfb-mobile-header-display":"","site-post-title":"","ast-breadcrumbs-content":"","ast-featured-img":"","footer-sml-layout":"","theme-transparent-header-meta":"","adv-header-id-meta":"","stick-header-meta":"","header-above-stick-meta":"","header-main-stick-meta":"","header-below-stick-meta":"","astra-migrate-meta-layouts":"default","ast-page-background-enabled":"default","ast-page-background-meta":{"desktop":{"background-color":"var(--ast-global-color-4)","background-image":"","background-repeat":"repeat","background-position":"center center","background-size":"auto","background-attachment":"scroll","background-type":"","background-media":"","overlay-type":"","overlay-color":"","overlay-gradient":""},"tablet":{"background-color":"","background-image":"","background-repeat":"repeat","background-position":"center center","background-size":"auto","background-attachment":"scroll","background-type":"","background-media":"","overlay-type":"","overlay-color":"","overlay-gradient":""},"mobile":{"background-color":"","background-image":"","background-repeat":"repeat","background-position":"center center","background-size":"auto","background-attachment":"scroll","background-type":"","background-media":"","overlay-type":"","overlay-color":"","overlay-gradient":""}},"ast-content-background-meta":{"desktop":{"background-color":"var(--ast-global-color-5)","background-image":"","background-repeat":"repeat","background-position":"center center","background-size":"auto","background-attachment":"scroll","background-type":"","background-media":"","overlay-type":"","overlay-color":"","overlay-gradient":""},"tablet":{"background-color":"var(--ast-global-color-5)","background-image":"","background-repeat":"repeat","background-position":"center center","background-size":"auto","background-attachment":"scroll","background-type":"","background-media":"","overlay-type":"","overlay-color":"","overlay-gradient":""},"mobile":{"background-color":"var(--ast-global-color-5)","background-image":"","background-repeat":"repeat","background-position":"center center","background-size":"auto","background-attachment":"scroll","background-type":"","background-media":"","overlay-type":"","overlay-color":"","overlay-gradient":""}},"footnotes":""},"categories":[22865,4827,12931,977],"tags":[188829,39002,29381,188827,188828,2909],"class_list":["post-91098","post","type-post","status-publish","format-standard","hentry","category-estratificacion-social","category-publicidad","category-relaciones-culturales","category-santiago-de-compostela","tag-jorge-pedro-sousa","tag-jose-manuel-de-pablos-coello","tag-jose-soengas-perez","tag-nara-espineira-lemos","tag-xose-antonio-neira-cruz","tag-xose-lopez-garcia"],"_links":{"self":[{"href":"https:\/\/www.deberes.net\/tesis\/wp-json\/wp\/v2\/posts\/91098","targetHints":{"allow":["GET"]}}],"collection":[{"href":"https:\/\/www.deberes.net\/tesis\/wp-json\/wp\/v2\/posts"}],"about":[{"href":"https:\/\/www.deberes.net\/tesis\/wp-json\/wp\/v2\/types\/post"}],"author":[{"embeddable":true,"href":"https:\/\/www.deberes.net\/tesis\/wp-json\/wp\/v2\/users\/1"}],"replies":[{"embeddable":true,"href":"https:\/\/www.deberes.net\/tesis\/wp-json\/wp\/v2\/comments?post=91098"}],"version-history":[{"count":0,"href":"https:\/\/www.deberes.net\/tesis\/wp-json\/wp\/v2\/posts\/91098\/revisions"}],"wp:attachment":[{"href":"https:\/\/www.deberes.net\/tesis\/wp-json\/wp\/v2\/media?parent=91098"}],"wp:term":[{"taxonomy":"category","embeddable":true,"href":"https:\/\/www.deberes.net\/tesis\/wp-json\/wp\/v2\/categories?post=91098"},{"taxonomy":"post_tag","embeddable":true,"href":"https:\/\/www.deberes.net\/tesis\/wp-json\/wp\/v2\/tags?post=91098"}],"curies":[{"name":"wp","href":"https:\/\/api.w.org\/{rel}","templated":true}]}}