{"id":91165,"date":"2018-03-11T10:09:49","date_gmt":"2018-03-11T10:09:49","guid":{"rendered":"https:\/\/www.deberes.net\/tesis\/sin-categoria\/el-indians-a-barcelona-ciutat-i-arquitectura\/"},"modified":"2018-03-11T10:09:49","modified_gmt":"2018-03-11T10:09:49","slug":"el-indians-a-barcelona-ciutat-i-arquitectura","status":"publish","type":"post","link":"https:\/\/www.deberes.net\/tesis\/barcelona\/el-indians-a-barcelona-ciutat-i-arquitectura\/","title":{"rendered":"El indians a barcelona: ciutat i arquitectura"},"content":{"rendered":"<h2>Tesis doctoral de <strong> Mar\u00eda  Carmen Grandas Segarra <\/strong><\/h2>\n<p>Estudio del crecimiento y expansi\u00f3n urbana y arquitect\u00f3nica de barcelona a trav\u00e9s de la inversi\u00f3n de capital procedente de las colonias a trav\u00e9s de los indianos. El an\u00e1lisis de la metamorfosis de la ciudad incluye los transportes (ferrocarril, puerto) as\u00ed como la evoluci\u00f3n de las manifestaciones y lenguajes art\u00edsticos en la arquitectura y la escultura, tanto en la v\u00eda p\u00fablica como en cementerios y jardines.<\/p>\n<p>&nbsp;<\/p>\n<h3>Datos acad\u00e9micos de la tesis doctoral \u00ab<strong>El indians a barcelona: ciutat i arquitectura<\/strong>\u00ab<\/h3>\n<ul>\n<li><strong>T\u00edtulo de la tesis:<\/strong>\u00a0 El indians a barcelona: ciutat i arquitectura <\/li>\n<li><strong>Autor:<\/strong>\u00a0 Mar\u00eda  Carmen Grandas Segarra <\/li>\n<li><strong>Universidad:<\/strong>\u00a0 Barcelona<\/li>\n<li><strong>Fecha de lectura de la tesis:<\/strong>\u00a0 14\/01\/2009<\/li>\n<\/ul>\n<p>&nbsp;<\/p>\n<h3>Direcci\u00f3n y tribunal<\/h3>\n<ul>\n<li><strong>Director de la tesis<\/strong>\n<ul>\n<li>Jaume Sobrequ\u00e9s Callic\u00f3<\/li>\n<\/ul>\n<\/li>\n<li><strong>Tribunal<\/strong>\n<ul>\n<li>Presidente del tribunal: gaspar Feliu monfort <\/li>\n<li>jaume Fabre fornaguera (vocal)<\/li>\n<li>joan ramon Triado tur (vocal)<\/li>\n<li>antoni Remesar betlloch (vocal)<\/li>\n<\/ul>\n<\/li>\n<\/ul>\n<p>&nbsp;<\/p>\n","protected":false},"excerpt":{"rendered":"<p>Tesis doctoral de Mar\u00eda Carmen Grandas Segarra Estudio del crecimiento y expansi\u00f3n urbana y arquitect\u00f3nica de barcelona a trav\u00e9s de [&hellip;]<\/p>\n","protected":false},"author":1,"featured_media":0,"comment_status":"open","ping_status":"open","sticky":false,"template":"","format":"standard","meta":{"site-sidebar-layout":"default","site-content-layout":"","ast-site-content-layout":"","site-content-style":"default","site-sidebar-style":"default","ast-global-header-display":"","ast-banner-title-visibility":"","ast-main-header-display":"","ast-hfb-above-header-display":"","ast-hfb-below-header-display":"","ast-hfb-mobile-header-display":"","site-post-title":"","ast-breadcrumbs-content":"","ast-featured-img":"","footer-sml-layout":"","theme-transparent-header-meta":"","adv-header-id-meta":"","stick-header-meta":"","header-above-stick-meta":"","header-main-stick-meta":"","header-below-stick-meta":"","astra-migrate-meta-layouts":"default","ast-page-background-enabled":"default","ast-page-background-meta":{"desktop":{"background-color":"var(--ast-global-color-4)","background-image":"","background-repeat":"repeat","background-position":"center center","background-size":"auto","background-attachment":"scroll","background-type":"","background-media":"","overlay-type":"","overlay-color":"","overlay-gradient":""},"tablet":{"background-color":"","background-image":"","background-repeat":"repeat","background-position":"center center","background-size":"auto","background-attachment":"scroll","background-type":"","background-media":"","overlay-type":"","overlay-color":"","overlay-gradient":""},"mobile":{"background-color":"","background-image":"","background-repeat":"repeat","background-position":"center center","background-size":"auto","background-attachment":"scroll","background-type":"","background-media":"","overlay-type":"","overlay-color":"","overlay-gradient":""}},"ast-content-background-meta":{"desktop":{"background-color":"var(--ast-global-color-5)","background-image":"","background-repeat":"repeat","background-position":"center center","background-size":"auto","background-attachment":"scroll","background-type":"","background-media":"","overlay-type":"","overlay-color":"","overlay-gradient":""},"tablet":{"background-color":"var(--ast-global-color-5)","background-image":"","background-repeat":"repeat","background-position":"center center","background-size":"auto","background-attachment":"scroll","background-type":"","background-media":"","overlay-type":"","overlay-color":"","overlay-gradient":""},"mobile":{"background-color":"var(--ast-global-color-5)","background-image":"","background-repeat":"repeat","background-position":"center center","background-size":"auto","background-attachment":"scroll","background-type":"","background-media":"","overlay-type":"","overlay-color":"","overlay-gradient":""}},"footnotes":""},"categories":[951],"tags":[28049,187456,188952,113005,1017,188951],"class_list":["post-91165","post","type-post","status-publish","format-standard","hentry","category-barcelona","tag-antoni-remesar-betlloch","tag-gaspar-feliu-monfort","tag-jaume-fabre-fornaguera","tag-jaume-sobreques-callico","tag-joan-ramon-triado-tur","tag-maria-carmen-grandas-segarra"],"_links":{"self":[{"href":"https:\/\/www.deberes.net\/tesis\/wp-json\/wp\/v2\/posts\/91165","targetHints":{"allow":["GET"]}}],"collection":[{"href":"https:\/\/www.deberes.net\/tesis\/wp-json\/wp\/v2\/posts"}],"about":[{"href":"https:\/\/www.deberes.net\/tesis\/wp-json\/wp\/v2\/types\/post"}],"author":[{"embeddable":true,"href":"https:\/\/www.deberes.net\/tesis\/wp-json\/wp\/v2\/users\/1"}],"replies":[{"embeddable":true,"href":"https:\/\/www.deberes.net\/tesis\/wp-json\/wp\/v2\/comments?post=91165"}],"version-history":[{"count":0,"href":"https:\/\/www.deberes.net\/tesis\/wp-json\/wp\/v2\/posts\/91165\/revisions"}],"wp:attachment":[{"href":"https:\/\/www.deberes.net\/tesis\/wp-json\/wp\/v2\/media?parent=91165"}],"wp:term":[{"taxonomy":"category","embeddable":true,"href":"https:\/\/www.deberes.net\/tesis\/wp-json\/wp\/v2\/categories?post=91165"},{"taxonomy":"post_tag","embeddable":true,"href":"https:\/\/www.deberes.net\/tesis\/wp-json\/wp\/v2\/tags?post=91165"}],"curies":[{"name":"wp","href":"https:\/\/api.w.org\/{rel}","templated":true}]}}