{"id":91182,"date":"2018-03-11T10:09:53","date_gmt":"2018-03-11T10:09:53","guid":{"rendered":"https:\/\/www.deberes.net\/tesis\/sin-categoria\/determinantes-do-valor-dos-activos-intanga%c2%adveis-resultantes-de-actividades-de-investigaa%c2%a7ao-e-desenvolvemente\/"},"modified":"2018-03-11T10:09:53","modified_gmt":"2018-03-11T10:09:53","slug":"determinantes-do-valor-dos-activos-intanga%c2%adveis-resultantes-de-actividades-de-investigaa%c2%a7ao-e-desenvolvemente","status":"publish","type":"post","link":"https:\/\/www.deberes.net\/tesis\/gestion-financiera\/determinantes-do-valor-dos-activos-intanga%c2%adveis-resultantes-de-actividades-de-investigaa%c2%a7ao-e-desenvolvemente\/","title":{"rendered":"Determinantes do valor dos activos intang\u00edveis resultantes de actividades de investiga\u00c1\u00a7ao e desenvolvemente"},"content":{"rendered":"<h2>Tesis doctoral de <strong> Ana Mar\u00eda Alves  Bandeira <\/strong><\/h2>\n<p>Determinantes do valor dos activos intang\u00edveis resultantes de actividade s de investiga\u00ed\u00a7ao e desenvolvimento<\/p>\n<p>&nbsp;<\/p>\n<h3>Datos acad\u00e9micos de la tesis doctoral \u00ab<strong>Determinantes do valor dos activos intang\u00edveis resultantes de actividades de investiga\u00c1\u00a7ao e desenvolvemente<\/strong>\u00ab<\/h3>\n<ul>\n<li><strong>T\u00edtulo de la tesis:<\/strong>\u00a0 Determinantes do valor dos activos intang\u00edveis resultantes de actividades de investiga\u00c1\u00a7ao e desenvolvemente <\/li>\n<li><strong>Autor:<\/strong>\u00a0 Ana Mar\u00eda Alves  Bandeira <\/li>\n<li><strong>Universidad:<\/strong>\u00a0 Vigo<\/li>\n<li><strong>Fecha de lectura de la tesis:<\/strong>\u00a0 15\/01\/2009<\/li>\n<\/ul>\n<p>&nbsp;<\/p>\n<h3>Direcci\u00f3n y tribunal<\/h3>\n<ul>\n<li><strong>Director de la tesis<\/strong>\n<ul>\n<li>Miguel \u00e1ngel Crespo Dom\u00ednguez<\/li>\n<\/ul>\n<\/li>\n<li><strong>Tribunal<\/strong>\n<ul>\n<li>Presidente del tribunal: Jos\u00e9 ignacio Martinez churiaque <\/li>\n<li>Jos\u00e9 Luis Iglesias s\u00e1nchez (vocal)<\/li>\n<li>  (vocal)<\/li>\n<li>  (vocal)<\/li>\n<\/ul>\n<\/li>\n<\/ul>\n<p>&nbsp;<\/p>\n","protected":false},"excerpt":{"rendered":"<p>Tesis doctoral de Ana Mar\u00eda Alves Bandeira Determinantes do valor dos activos intang\u00edveis resultantes de actividade s de investiga\u00ed\u00a7ao e [&hellip;]<\/p>\n","protected":false},"author":1,"featured_media":0,"comment_status":"open","ping_status":"open","sticky":false,"template":"","format":"standard","meta":{"site-sidebar-layout":"default","site-content-layout":"","ast-site-content-layout":"","site-content-style":"default","site-sidebar-style":"default","ast-global-header-display":"","ast-banner-title-visibility":"","ast-main-header-display":"","ast-hfb-above-header-display":"","ast-hfb-below-header-display":"","ast-hfb-mobile-header-display":"","site-post-title":"","ast-breadcrumbs-content":"","ast-featured-img":"","footer-sml-layout":"","theme-transparent-header-meta":"","adv-header-id-meta":"","stick-header-meta":"","header-above-stick-meta":"","header-main-stick-meta":"","header-below-stick-meta":"","astra-migrate-meta-layouts":"default","ast-page-background-enabled":"default","ast-page-background-meta":{"desktop":{"background-color":"var(--ast-global-color-4)","background-image":"","background-repeat":"repeat","background-position":"center center","background-size":"auto","background-attachment":"scroll","background-type":"","background-media":"","overlay-type":"","overlay-color":"","overlay-gradient":""},"tablet":{"background-color":"","background-image":"","background-repeat":"repeat","background-position":"center center","background-size":"auto","background-attachment":"scroll","background-type":"","background-media":"","overlay-type":"","overlay-color":"","overlay-gradient":""},"mobile":{"background-color":"","background-image":"","background-repeat":"repeat","background-position":"center center","background-size":"auto","background-attachment":"scroll","background-type":"","background-media":"","overlay-type":"","overlay-color":"","overlay-gradient":""}},"ast-content-background-meta":{"desktop":{"background-color":"var(--ast-global-color-5)","background-image":"","background-repeat":"repeat","background-position":"center center","background-size":"auto","background-attachment":"scroll","background-type":"","background-media":"","overlay-type":"","overlay-color":"","overlay-gradient":""},"tablet":{"background-color":"var(--ast-global-color-5)","background-image":"","background-repeat":"repeat","background-position":"center center","background-size":"auto","background-attachment":"scroll","background-type":"","background-media":"","overlay-type":"","overlay-color":"","overlay-gradient":""},"mobile":{"background-color":"var(--ast-global-color-5)","background-image":"","background-repeat":"repeat","background-position":"center center","background-size":"auto","background-attachment":"scroll","background-type":"","background-media":"","overlay-type":"","overlay-color":"","overlay-gradient":""}},"footnotes":""},"categories":[1698,18657],"tags":[188988,188989,187887,32637],"class_list":["post-91182","post","type-post","status-publish","format-standard","hentry","category-gestion-financiera","category-vigo","tag-ana-maria-alves-bandeira","tag-jose-ignacio-Martinez-churiaque","tag-jose-luis-iglesias-sanchez","tag-miguel-angel-crespo-dominguez"],"_links":{"self":[{"href":"https:\/\/www.deberes.net\/tesis\/wp-json\/wp\/v2\/posts\/91182","targetHints":{"allow":["GET"]}}],"collection":[{"href":"https:\/\/www.deberes.net\/tesis\/wp-json\/wp\/v2\/posts"}],"about":[{"href":"https:\/\/www.deberes.net\/tesis\/wp-json\/wp\/v2\/types\/post"}],"author":[{"embeddable":true,"href":"https:\/\/www.deberes.net\/tesis\/wp-json\/wp\/v2\/users\/1"}],"replies":[{"embeddable":true,"href":"https:\/\/www.deberes.net\/tesis\/wp-json\/wp\/v2\/comments?post=91182"}],"version-history":[{"count":0,"href":"https:\/\/www.deberes.net\/tesis\/wp-json\/wp\/v2\/posts\/91182\/revisions"}],"wp:attachment":[{"href":"https:\/\/www.deberes.net\/tesis\/wp-json\/wp\/v2\/media?parent=91182"}],"wp:term":[{"taxonomy":"category","embeddable":true,"href":"https:\/\/www.deberes.net\/tesis\/wp-json\/wp\/v2\/categories?post=91182"},{"taxonomy":"post_tag","embeddable":true,"href":"https:\/\/www.deberes.net\/tesis\/wp-json\/wp\/v2\/tags?post=91182"}],"curies":[{"name":"wp","href":"https:\/\/api.w.org\/{rel}","templated":true}]}}