{"id":91215,"date":"2018-03-11T10:09:53","date_gmt":"2018-03-11T10:09:53","guid":{"rendered":"https:\/\/www.deberes.net\/tesis\/sin-categoria\/estructuras-empresariales-en-el-mercado-de-madera-para-suelos-espana-1994-2005\/"},"modified":"2018-03-11T10:09:53","modified_gmt":"2018-03-11T10:09:53","slug":"estructuras-empresariales-en-el-mercado-de-madera-para-suelos-espana-1994-2005","status":"publish","type":"post","link":"https:\/\/www.deberes.net\/tesis\/produccion\/estructuras-empresariales-en-el-mercado-de-madera-para-suelos-espana-1994-2005\/","title":{"rendered":"Estructuras empresariales en el mercado de madera para suelos, espa\u00f1a 1994-2005"},"content":{"rendered":"<h2>Tesis doctoral de <strong> Fernando Tom\u00e9 Bermejo <\/strong><\/h2>\n<p>An\u00e1lisis de la industria de pavimentos de madera en espa\u00f1a entre 1994 y 2005 a trav\u00e9s de diferentes variables observadas: n\u00famero de productores, ingresos, cuotas de mercado, tipolog\u00edas de productos fabricados, etc.   estudio del comportamiento de los consumidores ante un mercado de posibles bienes diferenciados por segmentos.   an\u00e1lisis de la sustituibilidad entre diferentes variedades de suelos de madera.   estudio del comportamiento de los productores y la posible adopci\u00f3n de conductas estrat\u00e9gicas caracter\u00edsticas de un oligopolio con posible diferenciaci\u00f3n de productos.  primer cap\u00edtulo : caracter\u00edsticas de la industria de suelos de madera en espa\u00f1a 1994-2005  segundo cap\u00edtulo : el poder de mercado  tercer cap\u00edtulo : modelo   cuarto cap\u00edtulo : datos  quinto cap\u00edtulo : resultados   sexto cap\u00edtulo : resumen y conclusiones  s\u00e9ptimo cap\u00edtulo : ap\u00e9ndice de datos y cuadros  bibliograf\u00eda.<\/p>\n<p>&nbsp;<\/p>\n<h3>Datos acad\u00e9micos de la tesis doctoral \u00ab<strong>Estructuras empresariales en el mercado de madera para suelos, espa\u00f1a 1994-2005<\/strong>\u00ab<\/h3>\n<ul>\n<li><strong>T\u00edtulo de la tesis:<\/strong>\u00a0 Estructuras empresariales en el mercado de madera para suelos, espa\u00f1a 1994-2005 <\/li>\n<li><strong>Autor:<\/strong>\u00a0 Fernando Tom\u00e9 Bermejo <\/li>\n<li><strong>Universidad:<\/strong>\u00a0 Alcal\u00e1<\/li>\n<li><strong>Fecha de lectura de la tesis:<\/strong>\u00a0 16\/01\/2009<\/li>\n<\/ul>\n<p>&nbsp;<\/p>\n<h3>Direcci\u00f3n y tribunal<\/h3>\n<ul>\n<li><strong>Director de la tesis<\/strong>\n<ul>\n<li>delgado L\u00f3pez D\u00edaz<\/li>\n<\/ul>\n<\/li>\n<li><strong>Tribunal<\/strong>\n<ul>\n<li>Presidente del tribunal: emilio Cerd\u00e1 tena <\/li>\n<li>clemente Del rio g\u00f3mez (vocal)<\/li>\n<li>silvio Mart\u00ednez vicente (vocal)<\/li>\n<li>blanca Rodr\u00edguez polo (vocal)<\/li>\n<\/ul>\n<\/li>\n<\/ul>\n<p>&nbsp;<\/p>\n","protected":false},"excerpt":{"rendered":"<p>Tesis doctoral de Fernando Tom\u00e9 Bermejo An\u00e1lisis de la industria de pavimentos de madera en espa\u00f1a entre 1994 y 2005 [&hellip;]<\/p>\n","protected":false},"author":1,"featured_media":0,"comment_status":"open","ping_status":"open","sticky":false,"template":"","format":"standard","meta":{"site-sidebar-layout":"default","site-content-layout":"","ast-site-content-layout":"","site-content-style":"default","site-sidebar-style":"default","ast-global-header-display":"","ast-banner-title-visibility":"","ast-main-header-display":"","ast-hfb-above-header-display":"","ast-hfb-below-header-display":"","ast-hfb-mobile-header-display":"","site-post-title":"","ast-breadcrumbs-content":"","ast-featured-img":"","footer-sml-layout":"","theme-transparent-header-meta":"","adv-header-id-meta":"","stick-header-meta":"","header-above-stick-meta":"","header-main-stick-meta":"","header-below-stick-meta":"","astra-migrate-meta-layouts":"default","ast-page-background-enabled":"default","ast-page-background-meta":{"desktop":{"background-color":"var(--ast-global-color-4)","background-image":"","background-repeat":"repeat","background-position":"center center","background-size":"auto","background-attachment":"scroll","background-type":"","background-media":"","overlay-type":"","overlay-color":"","overlay-gradient":""},"tablet":{"background-color":"","background-image":"","background-repeat":"repeat","background-position":"center center","background-size":"auto","background-attachment":"scroll","background-type":"","background-media":"","overlay-type":"","overlay-color":"","overlay-gradient":""},"mobile":{"background-color":"","background-image":"","background-repeat":"repeat","background-position":"center center","background-size":"auto","background-attachment":"scroll","background-type":"","background-media":"","overlay-type":"","overlay-color":"","overlay-gradient":""}},"ast-content-background-meta":{"desktop":{"background-color":"var(--ast-global-color-5)","background-image":"","background-repeat":"repeat","background-position":"center center","background-size":"auto","background-attachment":"scroll","background-type":"","background-media":"","overlay-type":"","overlay-color":"","overlay-gradient":""},"tablet":{"background-color":"var(--ast-global-color-5)","background-image":"","background-repeat":"repeat","background-position":"center center","background-size":"auto","background-attachment":"scroll","background-type":"","background-media":"","overlay-type":"","overlay-color":"","overlay-gradient":""},"mobile":{"background-color":"var(--ast-global-color-5)","background-image":"","background-repeat":"repeat","background-position":"center center","background-size":"auto","background-attachment":"scroll","background-type":"","background-media":"","overlay-type":"","overlay-color":"","overlay-gradient":""}},"footnotes":""},"categories":[17426,14764,18539,829,706],"tags":[68405,4683,189044,6971,189043,99322],"class_list":["post-91215","post","type-post","status-publish","format-standard","hentry","category-alcala","category-comercio-interior","category-comportamiento-del-consumidor","category-modelos-y-teorias-del-desarrollo-economico","category-produccion","tag-blanca-rodriguez-polo","tag-clemente-del-rio-gomez","tag-delgado-lopez-diaz","tag-emilio-cerda-tena","tag-fernando-tome-bermejo","tag-silvio-Martinez-vicente"],"_links":{"self":[{"href":"https:\/\/www.deberes.net\/tesis\/wp-json\/wp\/v2\/posts\/91215","targetHints":{"allow":["GET"]}}],"collection":[{"href":"https:\/\/www.deberes.net\/tesis\/wp-json\/wp\/v2\/posts"}],"about":[{"href":"https:\/\/www.deberes.net\/tesis\/wp-json\/wp\/v2\/types\/post"}],"author":[{"embeddable":true,"href":"https:\/\/www.deberes.net\/tesis\/wp-json\/wp\/v2\/users\/1"}],"replies":[{"embeddable":true,"href":"https:\/\/www.deberes.net\/tesis\/wp-json\/wp\/v2\/comments?post=91215"}],"version-history":[{"count":0,"href":"https:\/\/www.deberes.net\/tesis\/wp-json\/wp\/v2\/posts\/91215\/revisions"}],"wp:attachment":[{"href":"https:\/\/www.deberes.net\/tesis\/wp-json\/wp\/v2\/media?parent=91215"}],"wp:term":[{"taxonomy":"category","embeddable":true,"href":"https:\/\/www.deberes.net\/tesis\/wp-json\/wp\/v2\/categories?post=91215"},{"taxonomy":"post_tag","embeddable":true,"href":"https:\/\/www.deberes.net\/tesis\/wp-json\/wp\/v2\/tags?post=91215"}],"curies":[{"name":"wp","href":"https:\/\/api.w.org\/{rel}","templated":true}]}}