{"id":91273,"date":"2018-03-11T10:09:58","date_gmt":"2018-03-11T10:09:58","guid":{"rendered":"https:\/\/www.deberes.net\/tesis\/sin-categoria\/de-brasil-a-espana-un-estudio-sobre-la-migracion-desde-una-perspectiva-integrada-de-los-lugares-de-origen-y-de-destino\/"},"modified":"2018-03-11T10:09:58","modified_gmt":"2018-03-11T10:09:58","slug":"de-brasil-a-espana-un-estudio-sobre-la-migracion-desde-una-perspectiva-integrada-de-los-lugares-de-origen-y-de-destino","status":"publish","type":"post","link":"https:\/\/www.deberes.net\/tesis\/sociologia\/de-brasil-a-espana-un-estudio-sobre-la-migracion-desde-una-perspectiva-integrada-de-los-lugares-de-origen-y-de-destino\/","title":{"rendered":"De brasil a espa\u00f1a: un estudio sobre la migraci\u00f3n desde una perspectiva integrada de los lugares de origen y de destino"},"content":{"rendered":"<h2>Tesis doctoral de <strong> Erika Masanet Ripoll <\/strong><\/h2>\n<p>El objetivo general de la tesis es el estudio, desde una perspectiva integrada de los dos espacios de la migraci\u00f3n (emigraci\u00f3n e inmigraci\u00f3n), de las caracter\u00edsticas y especificidades del proceso migratorio brasile\u00f1o hacia espa\u00f1a, en el cual adquiere relevancia la voz de los sujetos que partieron, de los que se quedaron y de los que tienen un proyecto de emigrar. La metodolog\u00eda empleada en la investigaci\u00f3n ha sido, en general, de corte cualitativo, siendo los relatos de vida y las entrevistas en profundidad las t\u00e9cnicas cualitativas de producci\u00f3n de datos primarios utilizadas. Del mismo modo, tambi\u00e9n se ha complementado con datos cuantitativos procedentes de fuentes secundarias (estad\u00edsticas). Entre los resultados de la investigaci\u00f3n, cabe destacar la influencia de los or\u00edgenes sociales, familiares y geogr\u00e1ficos del migrante, sus trayectorias vitales y las situaciones y condiciones en origen, en el proyecto migratorio y posterior trayectoria migratoria.<\/p>\n<p>&nbsp;<\/p>\n<h3>Datos acad\u00e9micos de la tesis doctoral \u00ab<strong>De brasil a espa\u00f1a: un estudio sobre la migraci\u00f3n desde una perspectiva integrada de los lugares de origen y de destino<\/strong>\u00ab<\/h3>\n<ul>\n<li><strong>T\u00edtulo de la tesis:<\/strong>\u00a0 De brasil a espa\u00f1a: un estudio sobre la migraci\u00f3n desde una perspectiva integrada de los lugares de origen y de destino <\/li>\n<li><strong>Autor:<\/strong>\u00a0 Erika Masanet Ripoll <\/li>\n<li><strong>Universidad:<\/strong>\u00a0 Alicante<\/li>\n<li><strong>Fecha de lectura de la tesis:<\/strong>\u00a0 21\/01\/2009<\/li>\n<\/ul>\n<p>&nbsp;<\/p>\n<h3>Direcci\u00f3n y tribunal<\/h3>\n<ul>\n<li><strong>Director de la tesis<\/strong>\n<ul>\n<li>Miguel \u00e1ngel Mateo P\u00e9rez<\/li>\n<\/ul>\n<\/li>\n<li><strong>Tribunal<\/strong>\n<ul>\n<li>Presidente del tribunal: crist\u00f3bal Torres albero <\/li>\n<li>Juan Zarco colon (vocal)<\/li>\n<li>Jos\u00e9 Mar\u00eda Tortosa blasco (vocal)<\/li>\n<li>Luis enrique Alonso benito (vocal)<\/li>\n<\/ul>\n<\/li>\n<\/ul>\n<p>&nbsp;<\/p>\n","protected":false},"excerpt":{"rendered":"<p>Tesis doctoral de Erika Masanet Ripoll El objetivo general de la tesis es el estudio, desde una perspectiva integrada de [&hellip;]<\/p>\n","protected":false},"author":1,"featured_media":0,"comment_status":"open","ping_status":"open","sticky":false,"template":"","format":"standard","meta":{"site-sidebar-layout":"default","site-content-layout":"","ast-site-content-layout":"","site-content-style":"default","site-sidebar-style":"default","ast-global-header-display":"","ast-banner-title-visibility":"","ast-main-header-display":"","ast-hfb-above-header-display":"","ast-hfb-below-header-display":"","ast-hfb-mobile-header-display":"","site-post-title":"","ast-breadcrumbs-content":"","ast-featured-img":"","footer-sml-layout":"","theme-transparent-header-meta":"","adv-header-id-meta":"","stick-header-meta":"","header-above-stick-meta":"","header-main-stick-meta":"","header-below-stick-meta":"","astra-migrate-meta-layouts":"default","ast-page-background-enabled":"default","ast-page-background-meta":{"desktop":{"background-color":"var(--ast-global-color-4)","background-image":"","background-repeat":"repeat","background-position":"center center","background-size":"auto","background-attachment":"scroll","background-type":"","background-media":"","overlay-type":"","overlay-color":"","overlay-gradient":""},"tablet":{"background-color":"","background-image":"","background-repeat":"repeat","background-position":"center center","background-size":"auto","background-attachment":"scroll","background-type":"","background-media":"","overlay-type":"","overlay-color":"","overlay-gradient":""},"mobile":{"background-color":"","background-image":"","background-repeat":"repeat","background-position":"center center","background-size":"auto","background-attachment":"scroll","background-type":"","background-media":"","overlay-type":"","overlay-color":"","overlay-gradient":""}},"ast-content-background-meta":{"desktop":{"background-color":"var(--ast-global-color-5)","background-image":"","background-repeat":"repeat","background-position":"center center","background-size":"auto","background-attachment":"scroll","background-type":"","background-media":"","overlay-type":"","overlay-color":"","overlay-gradient":""},"tablet":{"background-color":"var(--ast-global-color-5)","background-image":"","background-repeat":"repeat","background-position":"center center","background-size":"auto","background-attachment":"scroll","background-type":"","background-media":"","overlay-type":"","overlay-color":"","overlay-gradient":""},"mobile":{"background-color":"var(--ast-global-color-5)","background-image":"","background-repeat":"repeat","background-position":"center center","background-size":"auto","background-attachment":"scroll","background-type":"","background-media":"","overlay-type":"","overlay-color":"","overlay-gradient":""}},"footnotes":""},"categories":[19166,23723,1354,269],"tags":[36258,189147,24026,37311,4645,119606],"class_list":["post-91273","post","type-post","status-publish","format-standard","hentry","category-alicante","category-migraciones","category-movilidad-y-migraciones-internacionales","category-sociologia","tag-cristobal-torres-albero","tag-erika-masanet-ripoll","tag-jose-maria-tortosa-blasco","tag-juan-zarco-colon","tag-luis-enrique-alonso-benito","tag-miguel-angel-mateo-perez"],"_links":{"self":[{"href":"https:\/\/www.deberes.net\/tesis\/wp-json\/wp\/v2\/posts\/91273","targetHints":{"allow":["GET"]}}],"collection":[{"href":"https:\/\/www.deberes.net\/tesis\/wp-json\/wp\/v2\/posts"}],"about":[{"href":"https:\/\/www.deberes.net\/tesis\/wp-json\/wp\/v2\/types\/post"}],"author":[{"embeddable":true,"href":"https:\/\/www.deberes.net\/tesis\/wp-json\/wp\/v2\/users\/1"}],"replies":[{"embeddable":true,"href":"https:\/\/www.deberes.net\/tesis\/wp-json\/wp\/v2\/comments?post=91273"}],"version-history":[{"count":0,"href":"https:\/\/www.deberes.net\/tesis\/wp-json\/wp\/v2\/posts\/91273\/revisions"}],"wp:attachment":[{"href":"https:\/\/www.deberes.net\/tesis\/wp-json\/wp\/v2\/media?parent=91273"}],"wp:term":[{"taxonomy":"category","embeddable":true,"href":"https:\/\/www.deberes.net\/tesis\/wp-json\/wp\/v2\/categories?post=91273"},{"taxonomy":"post_tag","embeddable":true,"href":"https:\/\/www.deberes.net\/tesis\/wp-json\/wp\/v2\/tags?post=91273"}],"curies":[{"name":"wp","href":"https:\/\/api.w.org\/{rel}","templated":true}]}}