{"id":91346,"date":"2018-03-11T10:10:02","date_gmt":"2018-03-11T10:10:02","guid":{"rendered":"https:\/\/www.deberes.net\/tesis\/sin-categoria\/sociologa%c2%ada-corporativismo-y-pola%c2%adtica-social-en-espana-las-decadas-del-pensamiento-corporativo-en-espana-de-ramiro-de-maeztu-a-gonzalo-fernandez-de-la-mora-1877-1977\/"},"modified":"2018-03-11T10:10:02","modified_gmt":"2018-03-11T10:10:02","slug":"sociologa%c2%ada-corporativismo-y-pola%c2%adtica-social-en-espana-las-decadas-del-pensamiento-corporativo-en-espana-de-ramiro-de-maeztu-a-gonzalo-fernandez-de-la-mora-1877-1977","status":"publish","type":"post","link":"https:\/\/www.deberes.net\/tesis\/historia-de-las-ideas-politicas\/sociologa%c2%ada-corporativismo-y-pola%c2%adtica-social-en-espana-las-decadas-del-pensamiento-corporativo-en-espana-de-ramiro-de-maeztu-a-gonzalo-fernandez-de-la-mora-1877-1977\/","title":{"rendered":"Sociolog\u00eda, corporativismo y pol\u00edtica social en espa\u00f1a. las d\u00e9cadas del pensamiento corporativo en espa\u00f1a: de ramiro de maeztu a gonzalo fern\u00e1ndez de la mora (1877-1977)"},"content":{"rendered":"<h2>Tesis doctoral de <strong> Sergio Fern\u00e1ndez Riquelme <\/strong><\/h2>\n<p>Tesis doctoral: \u00absociolog\u00eda, corporativismo y pol\u00edtica social. Las d\u00e9cadas del pensamiento corporativo en espa\u00f1a: de ramiro de maeztu a gonzalo fern\u00e1ndez de la mora [1877-1977] autor: sergio fern\u00e1ndez riquelme. director: jer\u00f3nimo molina cano.         departamento: sociolog\u00eda y pol\u00edtica social. Universidad de murcia.      durante m\u00e1s de un siglo, el corporativismo fue concebido por distintos escritores y pol\u00edticos, en espa\u00f1a y en europa, como una nueva modalidad de la pol\u00edtica social, no siempre advertida como tal. Nuestra tesis pretende, superando los debates bizantinos al respecto, teorizar sobre una idea forjada en el siglo xix y materializada pol\u00edtica y jur\u00eddicamente en el xx: el corporativismo y su proyecci\u00f3n hist\u00f3rica y social. As\u00ed, no nos limitares a presentar lo corporativo como una concepci\u00f3n del trabajo organizado agotada en la estatizaci\u00f3n del sindicalismo, en la representaci\u00f3n de intereses o en su vinculaci\u00f3n al autoritarismo pol\u00edtico. Iremos m\u00e1s all\u00e1. Mostraremos su eclosi\u00f3n como doctrina nacida ante cuesti\u00f3n social y la lucha de clases y referida al impacto de la econom\u00eda industrial y a la noci\u00f3n organicista de la \u00abarmon\u00eda social\u00bb. el material historiogr\u00e1fico que aportamos documenta una dimensi\u00f3n espec\u00edfica del corporativismo: el lugar de esta doctrina social dentro de un fen\u00f3meno, la \u00abtecnificaci\u00f3n de la pol\u00edtica\u00bb, a\u00fan objeto de debate por su proyecci\u00f3n en lo que francisco-f\u00e9lix montiel [1908-2005], durante los a\u00f1os de la edificaci\u00f3n en espa\u00f1a del estado administrativo, denomin\u00f3 la \u00abdemocracia funcional\u00bb . Con este planteamiento asumiremos la necesaria actualidad de la \u00abteorizaci\u00f3n sobre la historia\u00bb, reabierta desde finales de los a\u00f1os 70 por el inter\u00e9s que entonces se suscit\u00f3 por el papel de la tecnocracia y de las asociaciones de origen econ\u00f3mico-profesional en la gesti\u00f3n y administraci\u00f3n de la pol\u00edtica en las democracias occidentales ; nos haremos as\u00ed eco de la tesis \u00abpresentista\u00bb que apunt\u00f3 benedetto croce [1866-1952]: \u00absolo un inter\u00e9s de la vida presente puede mover a indagar sobre un hecho pasado; el cual, en cuanto se identifica con un inter\u00e9s de la vida presente, no responde a un inter\u00e9s pasado, sino presente\u00bb . este inter\u00e9s presentista determina la comprensi\u00f3n del curso del pensamiento corporativo en europa, situando la clave interpretativa en su evoluci\u00f3n doctrinal y en sus oscilaciones pol\u00edticas. La clave de esta interpretaci\u00f3n hist\u00f3rica del corporativismo se sit\u00faa, pues, como se\u00f1alaba rodrigo fern\u00e1ndez carvajal [1924-1997] al reflexionar sobre el m\u00e9todo propio de la historiograf\u00eda de las ideas, en resaltar sus rasgos espec\u00edficos, recapitular sus precedentes ideol\u00f3gicos y establecer correlaciones con su orden de hechos determinantes . Por ello, el recorrido historiogr\u00e1fico que aqu\u00ed se propone sit\u00faa al corporativismo como una idea de origen econ\u00f3mico-t\u00e9cnico , una doctrina de naturaleza organicista, y un proyecto institucional y pol\u00edtico de alcance constitucional; fen\u00f3meno que sit\u00faa al \u00abtrabajo organizado\u00bb corporativamente como criterio de organizaci\u00f3n pol\u00edtico-social, naturalizando as\u00ed t\u00e9cnica y administrativamente los problemas sociales generados por la moderna civilizaci\u00f3n industrial. En su momento, en su \u00e9poca, mijail manoilescu [1891-1950] confiaba en \u00abque el advenimiento del corporativismo, como fen\u00f3meno universal de nuestra \u00e9poca, es inevitable\u00bb .<\/p>\n<p>&nbsp;<\/p>\n<h3>Datos acad\u00e9micos de la tesis doctoral \u00ab<strong>Sociolog\u00eda, corporativismo y pol\u00edtica social en espa\u00f1a. las d\u00e9cadas del pensamiento corporativo en espa\u00f1a: de ramiro de maeztu a gonzalo fern\u00e1ndez de la mora (1877-1977)<\/strong>\u00ab<\/h3>\n<ul>\n<li><strong>T\u00edtulo de la tesis:<\/strong>\u00a0 Sociolog\u00eda, corporativismo y pol\u00edtica social en espa\u00f1a. las d\u00e9cadas del pensamiento corporativo en espa\u00f1a: de ramiro de maeztu a gonzalo fern\u00e1ndez de la mora (1877-1977) <\/li>\n<li><strong>Autor:<\/strong>\u00a0 Sergio Fern\u00e1ndez Riquelme <\/li>\n<li><strong>Universidad:<\/strong>\u00a0 Murcia<\/li>\n<li><strong>Fecha de lectura de la tesis:<\/strong>\u00a0 23\/01\/2009<\/li>\n<\/ul>\n<p>&nbsp;<\/p>\n<h3>Direcci\u00f3n y tribunal<\/h3>\n<ul>\n<li><strong>Director de la tesis<\/strong>\n<ul>\n<li>Jeronimo Molina Cano<\/li>\n<\/ul>\n<\/li>\n<li><strong>Tribunal<\/strong>\n<ul>\n<li>Presidente del tribunal: dalmacio Negro pav\u00f3n <\/li>\n<li>Miguel anxo Bastos boubeta (vocal)<\/li>\n<li>julio Iglesias de ussel (vocal)<\/li>\n<li>urbano Ferrer santos (vocal)<\/li>\n<\/ul>\n<\/li>\n<\/ul>\n<p>&nbsp;<\/p>\n","protected":false},"excerpt":{"rendered":"<p>Tesis doctoral de Sergio Fern\u00e1ndez Riquelme Tesis doctoral: \u00absociolog\u00eda, corporativismo y pol\u00edtica social. Las d\u00e9cadas del pensamiento corporativo en espa\u00f1a: [&hellip;]<\/p>\n","protected":false},"author":1,"featured_media":0,"comment_status":"open","ping_status":"open","sticky":false,"template":"","format":"standard","meta":{"site-sidebar-layout":"default","site-content-layout":"","ast-site-content-layout":"","site-content-style":"default","site-sidebar-style":"default","ast-global-header-display":"","ast-banner-title-visibility":"","ast-main-header-display":"","ast-hfb-above-header-display":"","ast-hfb-below-header-display":"","ast-hfb-mobile-header-display":"","site-post-title":"","ast-breadcrumbs-content":"","ast-featured-img":"","footer-sml-layout":"","theme-transparent-header-meta":"","adv-header-id-meta":"","stick-header-meta":"","header-above-stick-meta":"","header-main-stick-meta":"","header-below-stick-meta":"","astra-migrate-meta-layouts":"default","ast-page-background-enabled":"default","ast-page-background-meta":{"desktop":{"background-color":"var(--ast-global-color-4)","background-image":"","background-repeat":"repeat","background-position":"center center","background-size":"auto","background-attachment":"scroll","background-type":"","background-media":"","overlay-type":"","overlay-color":"","overlay-gradient":""},"tablet":{"background-color":"","background-image":"","background-repeat":"repeat","background-position":"center center","background-size":"auto","background-attachment":"scroll","background-type":"","background-media":"","overlay-type":"","overlay-color":"","overlay-gradient":""},"mobile":{"background-color":"","background-image":"","background-repeat":"repeat","background-position":"center center","background-size":"auto","background-attachment":"scroll","background-type":"","background-media":"","overlay-type":"","overlay-color":"","overlay-gradient":""}},"ast-content-background-meta":{"desktop":{"background-color":"var(--ast-global-color-5)","background-image":"","background-repeat":"repeat","background-position":"center center","background-size":"auto","background-attachment":"scroll","background-type":"","background-media":"","overlay-type":"","overlay-color":"","overlay-gradient":""},"tablet":{"background-color":"var(--ast-global-color-5)","background-image":"","background-repeat":"repeat","background-position":"center center","background-size":"auto","background-attachment":"scroll","background-type":"","background-media":"","overlay-type":"","overlay-color":"","overlay-gradient":""},"mobile":{"background-color":"var(--ast-global-color-5)","background-image":"","background-repeat":"repeat","background-position":"center center","background-size":"auto","background-attachment":"scroll","background-type":"","background-media":"","overlay-type":"","overlay-color":"","overlay-gradient":""}},"footnotes":""},"categories":[3538,8235,3984,6917],"tags":[4685,51450,3578,142198,189278,46448],"class_list":["post-91346","post","type-post","status-publish","format-standard","hentry","category-historia-de-las-ideas-politicas","category-murcia","category-politica-social","category-teoria-politica","tag-dalmacio-negro-pavon","tag-jeronimo-molina-cano","tag-julio-iglesias-de-ussel","tag-miguel-anxo-bastos-boubeta","tag-sergio-fernandez-riquelme","tag-urbano-ferrer-santos"],"_links":{"self":[{"href":"https:\/\/www.deberes.net\/tesis\/wp-json\/wp\/v2\/posts\/91346","targetHints":{"allow":["GET"]}}],"collection":[{"href":"https:\/\/www.deberes.net\/tesis\/wp-json\/wp\/v2\/posts"}],"about":[{"href":"https:\/\/www.deberes.net\/tesis\/wp-json\/wp\/v2\/types\/post"}],"author":[{"embeddable":true,"href":"https:\/\/www.deberes.net\/tesis\/wp-json\/wp\/v2\/users\/1"}],"replies":[{"embeddable":true,"href":"https:\/\/www.deberes.net\/tesis\/wp-json\/wp\/v2\/comments?post=91346"}],"version-history":[{"count":0,"href":"https:\/\/www.deberes.net\/tesis\/wp-json\/wp\/v2\/posts\/91346\/revisions"}],"wp:attachment":[{"href":"https:\/\/www.deberes.net\/tesis\/wp-json\/wp\/v2\/media?parent=91346"}],"wp:term":[{"taxonomy":"category","embeddable":true,"href":"https:\/\/www.deberes.net\/tesis\/wp-json\/wp\/v2\/categories?post=91346"},{"taxonomy":"post_tag","embeddable":true,"href":"https:\/\/www.deberes.net\/tesis\/wp-json\/wp\/v2\/tags?post=91346"}],"curies":[{"name":"wp","href":"https:\/\/api.w.org\/{rel}","templated":true}]}}