{"id":91349,"date":"2018-03-11T10:10:02","date_gmt":"2018-03-11T10:10:02","guid":{"rendered":"https:\/\/www.deberes.net\/tesis\/sin-categoria\/inmersion-en-la-imagen-visual-espacio-vision-y-presencia\/"},"modified":"2018-03-11T10:10:02","modified_gmt":"2018-03-11T10:10:02","slug":"inmersion-en-la-imagen-visual-espacio-vision-y-presencia","status":"publish","type":"post","link":"https:\/\/www.deberes.net\/tesis\/escultura\/inmersion-en-la-imagen-visual-espacio-vision-y-presencia\/","title":{"rendered":"Inmersi\u00f3n en la imagen visual: espacio, visi\u00f3n y presencia."},"content":{"rendered":"<h2>Tesis doctoral de <strong> Francisco Mart\u00ed Ferrer <\/strong><\/h2>\n<p>El objeto de este trabajo es el an\u00e1lisis y la comparaci\u00f3n de las estrategias de inmersi\u00f3n en la imagen bidimensional utilizadas para la producci\u00f3n art\u00edstica antes y despu\u00e9s de la aparici\u00f3n de la imagen digital. A partir de ese momento, las im\u00e1genes codificadas num\u00e9ricamente poseen la capacidad de ser invocadas de forma pr\u00e1cticamente instant\u00e1nea en cualquier orden, proceso que anteriormente s\u00f3lo pod\u00eda darse en el cerebro. Las im\u00e1genes son parte de un espacio de datos que puede navegarse de forma continua o discontinua. El acceso directo a los datos propicia  la discontinuidad, de forma que la continuidad es una condici\u00f3n que debe ser construida creando sistemas de navegaci\u00f3n dimensionalmente coherentes. En este contexto, se analizan las relaciones de los nuevos sistemas inmersivos con sus antecesores, en los \u00e1mbitos de las pantallas,  las m\u00e1quinas de visi\u00f3n y las t\u00e9cnicas de producci\u00f3n de im\u00e1genes; y se diferencia entre las obras que reconstruyen el espacio registrado original y las que crean nuevos conceptos espaciales, mediante la reinterpretaci\u00f3n de las condiciones f\u00edsicas de desplazamiento, la dimensionalizaci\u00f3n espacial del tiempo y las t\u00e9cnicas recombinatorias apoyadas en bases de datos.<\/p>\n<p>&nbsp;<\/p>\n<h3>Datos acad\u00e9micos de la tesis doctoral \u00ab<strong>Inmersi\u00f3n en la imagen visual: espacio, visi\u00f3n y presencia.<\/strong>\u00ab<\/h3>\n<ul>\n<li><strong>T\u00edtulo de la tesis:<\/strong>\u00a0 Inmersi\u00f3n en la imagen visual: espacio, visi\u00f3n y presencia. <\/li>\n<li><strong>Autor:<\/strong>\u00a0 Francisco Mart\u00ed Ferrer <\/li>\n<li><strong>Universidad:<\/strong>\u00a0 Polit\u00e9cnica de Valencia<\/li>\n<li><strong>Fecha de lectura de la tesis:<\/strong>\u00a0 23\/01\/2009<\/li>\n<\/ul>\n<p>&nbsp;<\/p>\n<h3>Direcci\u00f3n y tribunal<\/h3>\n<ul>\n<li><strong>Director de la tesis<\/strong>\n<ul>\n<li>Emilio Jos\u00e9 Mart\u00ednez Arroyo<\/li>\n<\/ul>\n<\/li>\n<li><strong>Tribunal<\/strong>\n<ul>\n<li>Presidente del tribunal: Miguel Molina alarc\u00f3n <\/li>\n<li>pedro Ortu\u00f1o mengual (vocal)<\/li>\n<li>armando Montesinos blanco (vocal)<\/li>\n<li>Mar\u00eda blanca Montalvo gallego (vocal)<\/li>\n<\/ul>\n<\/li>\n<\/ul>\n<p>&nbsp;<\/p>\n","protected":false},"excerpt":{"rendered":"<p>Tesis doctoral de Francisco Mart\u00ed Ferrer El objeto de este trabajo es el an\u00e1lisis y la comparaci\u00f3n de las estrategias [&hellip;]<\/p>\n","protected":false},"author":1,"featured_media":0,"comment_status":"open","ping_status":"open","sticky":false,"template":"","format":"standard","meta":{"site-sidebar-layout":"default","site-content-layout":"","ast-site-content-layout":"","site-content-style":"default","site-sidebar-style":"default","ast-global-header-display":"","ast-banner-title-visibility":"","ast-main-header-display":"","ast-hfb-above-header-display":"","ast-hfb-below-header-display":"","ast-hfb-mobile-header-display":"","site-post-title":"","ast-breadcrumbs-content":"","ast-featured-img":"","footer-sml-layout":"","theme-transparent-header-meta":"","adv-header-id-meta":"","stick-header-meta":"","header-above-stick-meta":"","header-main-stick-meta":"","header-below-stick-meta":"","astra-migrate-meta-layouts":"default","ast-page-background-enabled":"default","ast-page-background-meta":{"desktop":{"background-color":"var(--ast-global-color-4)","background-image":"","background-repeat":"repeat","background-position":"center center","background-size":"auto","background-attachment":"scroll","background-type":"","background-media":"","overlay-type":"","overlay-color":"","overlay-gradient":""},"tablet":{"background-color":"","background-image":"","background-repeat":"repeat","background-position":"center center","background-size":"auto","background-attachment":"scroll","background-type":"","background-media":"","overlay-type":"","overlay-color":"","overlay-gradient":""},"mobile":{"background-color":"","background-image":"","background-repeat":"repeat","background-position":"center center","background-size":"auto","background-attachment":"scroll","background-type":"","background-media":"","overlay-type":"","overlay-color":"","overlay-gradient":""}},"ast-content-background-meta":{"desktop":{"background-color":"var(--ast-global-color-5)","background-image":"","background-repeat":"repeat","background-position":"center center","background-size":"auto","background-attachment":"scroll","background-type":"","background-media":"","overlay-type":"","overlay-color":"","overlay-gradient":""},"tablet":{"background-color":"var(--ast-global-color-5)","background-image":"","background-repeat":"repeat","background-position":"center center","background-size":"auto","background-attachment":"scroll","background-type":"","background-media":"","overlay-type":"","overlay-color":"","overlay-gradient":""},"mobile":{"background-color":"var(--ast-global-color-5)","background-image":"","background-repeat":"repeat","background-position":"center center","background-size":"auto","background-attachment":"scroll","background-type":"","background-media":"","overlay-type":"","overlay-color":"","overlay-gradient":""}},"footnotes":""},"categories":[4363,16820],"tags":[80587,25954,189284,83907,31322,60333],"class_list":["post-91349","post","type-post","status-publish","format-standard","hentry","category-escultura","category-politecnica-de-valencia","tag-armando-montesinos-blanco","tag-emilio-jose-Martinez-arroyo","tag-francisco-marti-ferrer","tag-maria-blanca-montalvo-gallego","tag-miguel-molina-alarcon","tag-pedro-ortuno-mengual"],"_links":{"self":[{"href":"https:\/\/www.deberes.net\/tesis\/wp-json\/wp\/v2\/posts\/91349","targetHints":{"allow":["GET"]}}],"collection":[{"href":"https:\/\/www.deberes.net\/tesis\/wp-json\/wp\/v2\/posts"}],"about":[{"href":"https:\/\/www.deberes.net\/tesis\/wp-json\/wp\/v2\/types\/post"}],"author":[{"embeddable":true,"href":"https:\/\/www.deberes.net\/tesis\/wp-json\/wp\/v2\/users\/1"}],"replies":[{"embeddable":true,"href":"https:\/\/www.deberes.net\/tesis\/wp-json\/wp\/v2\/comments?post=91349"}],"version-history":[{"count":0,"href":"https:\/\/www.deberes.net\/tesis\/wp-json\/wp\/v2\/posts\/91349\/revisions"}],"wp:attachment":[{"href":"https:\/\/www.deberes.net\/tesis\/wp-json\/wp\/v2\/media?parent=91349"}],"wp:term":[{"taxonomy":"category","embeddable":true,"href":"https:\/\/www.deberes.net\/tesis\/wp-json\/wp\/v2\/categories?post=91349"},{"taxonomy":"post_tag","embeddable":true,"href":"https:\/\/www.deberes.net\/tesis\/wp-json\/wp\/v2\/tags?post=91349"}],"curies":[{"name":"wp","href":"https:\/\/api.w.org\/{rel}","templated":true}]}}