{"id":91403,"date":"2018-03-11T10:10:07","date_gmt":"2018-03-11T10:10:07","guid":{"rendered":"https:\/\/www.deberes.net\/tesis\/sin-categoria\/la-creatividad-en-la-practica-violina%c2%adstica\/"},"modified":"2018-03-11T10:10:07","modified_gmt":"2018-03-11T10:10:07","slug":"la-creatividad-en-la-practica-violina%c2%adstica","status":"publish","type":"post","link":"https:\/\/www.deberes.net\/tesis\/musica-y-musicologia\/la-creatividad-en-la-practica-violina%c2%adstica\/","title":{"rendered":"La creatividad en la pr\u00e1ctica violin\u00edstica"},"content":{"rendered":"<h2>Tesis doctoral de <strong> Biljana Bellotti Mustecic <\/strong><\/h2>\n<p>La creatividad en la pr\u00e1ctica violin\u00edstica  el presente trabajo pretende el acercamiento a una realidad educativa: la ense\u00f1anza musical a trav\u00e9s de la pr\u00e1ctica violinista que se lleva a cabo a trav\u00e9s de un grupo de alumnos, como ya comentaremos m\u00e1s adelante, con edades comprendidas entre los 6 y 22 a\u00f1os.  el objetivo fundamental que impulsa la realizaci\u00f3n de esta investigaci\u00f3n es conocer la relaci\u00f3n existente entre el desarrollo de la creatividad y la pr\u00e1ctica violin\u00edstica.  en concreto, nuestra hip\u00f3tesis de investigaci\u00f3n es que existe una asociaci\u00f3n significativa entre la pr\u00e1ctica violin\u00edstica temprana y la creatividad.  para ello, nos marcamos el estudio de tres objetivos m\u00e1s, a saber:   &#8211; conocer como es la pr\u00e1ctica violin\u00edstica de los estudiantes.  &#8211; identificar el grado de creatividad de los estudiantes.  &#8211; descubrir la opini\u00f3n de la familia sobre la ense\u00f1anza\/aprendizaje de la pr\u00e1ctica violin\u00edstica de sus hijos.  aunque en la literatura, por un lado, encontramos referencias a que es obsoleta la discuisi\u00f3n cuantitativo-cualitativo (de la herr\u00e1n, 2005), por otro, sigue persistiendo esta clasificaci\u00f3n.  la l\u00ednea metodol\u00f3gica que se elija, debe dar respuesta a las preguntas planteadas, desde su naturaleza y su procedimiento. Es decir, existir\u00e1 coherencia entre los objetivos e hip\u00f3tesis y el m\u00e9todo o manera de buscar la respuesta.  as\u00ed, nuestra investigaci\u00f3n, en palabras de mcmillan y schumacher (2005) responde a la modalidad de investigaci\u00f3n (cohen y manion, 2002) de tipo cuantitativa<\/p>\n<p>&nbsp;<\/p>\n<h3>Datos acad\u00e9micos de la tesis doctoral \u00ab<strong>La creatividad en la pr\u00e1ctica violin\u00edstica<\/strong>\u00ab<\/h3>\n<ul>\n<li><strong>T\u00edtulo de la tesis:<\/strong>\u00a0 La creatividad en la pr\u00e1ctica violin\u00edstica <\/li>\n<li><strong>Autor:<\/strong>\u00a0 Biljana Bellotti Mustecic <\/li>\n<li><strong>Universidad:<\/strong>\u00a0 Granada<\/li>\n<li><strong>Fecha de lectura de la tesis:<\/strong>\u00a0 27\/01\/2009<\/li>\n<\/ul>\n<p>&nbsp;<\/p>\n<h3>Direcci\u00f3n y tribunal<\/h3>\n<ul>\n<li><strong>Director de la tesis<\/strong>\n<ul>\n<li>Julia Bernal  Vazquez<\/li>\n<\/ul>\n<\/li>\n<li><strong>Tribunal<\/strong>\n<ul>\n<li>Presidente del tribunal: manuel Lorenzo delgado <\/li>\n<li>Mar\u00eda del valle De moya  mart\u00ednez (vocal)<\/li>\n<li>dolores Madrid vivar (vocal)<\/li>\n<li>ewald Felber (vocal)<\/li>\n<\/ul>\n<\/li>\n<\/ul>\n<p>&nbsp;<\/p>\n","protected":false},"excerpt":{"rendered":"<p>Tesis doctoral de Biljana Bellotti Mustecic La creatividad en la pr\u00e1ctica violin\u00edstica el presente trabajo pretende el acercamiento a una [&hellip;]<\/p>\n","protected":false},"author":1,"featured_media":0,"comment_status":"open","ping_status":"open","sticky":false,"template":"","format":"standard","meta":{"site-sidebar-layout":"default","site-content-layout":"","ast-site-content-layout":"","site-content-style":"default","site-sidebar-style":"default","ast-global-header-display":"","ast-banner-title-visibility":"","ast-main-header-display":"","ast-hfb-above-header-display":"","ast-hfb-below-header-display":"","ast-hfb-mobile-header-display":"","site-post-title":"","ast-breadcrumbs-content":"","ast-featured-img":"","footer-sml-layout":"","theme-transparent-header-meta":"","adv-header-id-meta":"","stick-header-meta":"","header-above-stick-meta":"","header-main-stick-meta":"","header-below-stick-meta":"","astra-migrate-meta-layouts":"default","ast-page-background-enabled":"default","ast-page-background-meta":{"desktop":{"background-color":"var(--ast-global-color-4)","background-image":"","background-repeat":"repeat","background-position":"center center","background-size":"auto","background-attachment":"scroll","background-type":"","background-media":"","overlay-type":"","overlay-color":"","overlay-gradient":""},"tablet":{"background-color":"","background-image":"","background-repeat":"repeat","background-position":"center center","background-size":"auto","background-attachment":"scroll","background-type":"","background-media":"","overlay-type":"","overlay-color":"","overlay-gradient":""},"mobile":{"background-color":"","background-image":"","background-repeat":"repeat","background-position":"center center","background-size":"auto","background-attachment":"scroll","background-type":"","background-media":"","overlay-type":"","overlay-color":"","overlay-gradient":""}},"ast-content-background-meta":{"desktop":{"background-color":"var(--ast-global-color-5)","background-image":"","background-repeat":"repeat","background-position":"center center","background-size":"auto","background-attachment":"scroll","background-type":"","background-media":"","overlay-type":"","overlay-color":"","overlay-gradient":""},"tablet":{"background-color":"var(--ast-global-color-5)","background-image":"","background-repeat":"repeat","background-position":"center center","background-size":"auto","background-attachment":"scroll","background-type":"","background-media":"","overlay-type":"","overlay-color":"","overlay-gradient":""},"mobile":{"background-color":"var(--ast-global-color-5)","background-image":"","background-repeat":"repeat","background-position":"center center","background-size":"auto","background-attachment":"scroll","background-type":"","background-media":"","overlay-type":"","overlay-color":"","overlay-gradient":""}},"footnotes":""},"categories":[9132],"tags":[189370,64521,166058,52281,8686,66832],"class_list":["post-91403","post","type-post","status-publish","format-standard","hentry","category-musica-y-musicologia","tag-biljana-bellotti-mustecic","tag-dolores-madrid-vivar","tag-ewald-felber","tag-julia-bernal-vazquez","tag-manuel-lorenzo-delgado","tag-maria-del-valle-de-moya-Martinez"],"_links":{"self":[{"href":"https:\/\/www.deberes.net\/tesis\/wp-json\/wp\/v2\/posts\/91403","targetHints":{"allow":["GET"]}}],"collection":[{"href":"https:\/\/www.deberes.net\/tesis\/wp-json\/wp\/v2\/posts"}],"about":[{"href":"https:\/\/www.deberes.net\/tesis\/wp-json\/wp\/v2\/types\/post"}],"author":[{"embeddable":true,"href":"https:\/\/www.deberes.net\/tesis\/wp-json\/wp\/v2\/users\/1"}],"replies":[{"embeddable":true,"href":"https:\/\/www.deberes.net\/tesis\/wp-json\/wp\/v2\/comments?post=91403"}],"version-history":[{"count":0,"href":"https:\/\/www.deberes.net\/tesis\/wp-json\/wp\/v2\/posts\/91403\/revisions"}],"wp:attachment":[{"href":"https:\/\/www.deberes.net\/tesis\/wp-json\/wp\/v2\/media?parent=91403"}],"wp:term":[{"taxonomy":"category","embeddable":true,"href":"https:\/\/www.deberes.net\/tesis\/wp-json\/wp\/v2\/categories?post=91403"},{"taxonomy":"post_tag","embeddable":true,"href":"https:\/\/www.deberes.net\/tesis\/wp-json\/wp\/v2\/tags?post=91403"}],"curies":[{"name":"wp","href":"https:\/\/api.w.org\/{rel}","templated":true}]}}