{"id":91404,"date":"2018-03-11T10:10:07","date_gmt":"2018-03-11T10:10:07","guid":{"rendered":"https:\/\/www.deberes.net\/tesis\/sin-categoria\/el-cambio-funcional-entre-categorias-equivalentesla-reaignacion-de-funciones-por-el-empresario\/"},"modified":"2018-03-11T10:10:07","modified_gmt":"2018-03-11T10:10:07","slug":"el-cambio-funcional-entre-categorias-equivalentesla-reaignacion-de-funciones-por-el-empresario","status":"publish","type":"post","link":"https:\/\/www.deberes.net\/tesis\/derecho-privado\/el-cambio-funcional-entre-categorias-equivalentesla-reaignacion-de-funciones-por-el-empresario\/","title":{"rendered":"El cambio funcional entre categor\u00edas equivalentes:la reaignaci\u00f3n de funciones por el empresario"},"content":{"rendered":"<h2>Tesis doctoral de <strong> Francisco Javier Pozo Moreira <\/strong><\/h2>\n<p>La tesis intenta dar a conocer el contexto jur\u00eddico normativo de aparici\u00f3n de la movilidad funcional entre categor\u00edas profesionales equivalentes (art\u00edculo 22.3 del estatuto de los trabajadores, redacci\u00f3n dada por la ley 11\/1994), su noci\u00f3n doctrinal y pr\u00e1ctica as\u00ed como las posibilidades que ofrece la instituci\u00f3n de las categor\u00edas equivalentes a la hora de realizar la movilidad funcional en la empresa  se somete a examen un aspecto concreto y peculiar de la movilidad funcional en ejercicio del poder de direcci\u00f3n positivizado espec\u00edficamente: la movilidad entre categor\u00edas profesionales  equivalentes dentro del sistema de clasificaci\u00f3n profesional por categor\u00edas profesionales de aplicaci\u00f3n a la empresa.   se determinan las conexiones del sistema de clasificaci\u00f3n profesional con el poder de direcci\u00f3n y la movilidad funcional como modificaci\u00f3n del objeto de la obligaci\u00f3n del trabajador, y de la prestaci\u00f3n de trabajo debida por el trabajador, sin modificar sustancialmente del propio objeto del contrato de trabajo.   se estudia  en todos sus aspectos los cambios de condiciones de trabajo posteriores y unilaterales de la prestaci\u00f3n laboral por el empresario que se convierten, indirectamente, en prestaci\u00f3n de trabajo debida por el trabajador en el desarrollo de su contrato.    the comparators for functional mobility between equivalent categories are set down in article 22(3) of the spanish workers statute after being amended by law 11\/1994. That statutory provision looks at the level of qualification of the worker to be moved, and the level of qualification that would be required in the new position. Moving from one professional category to another within the same level of qualification can still involve a change of activity (and even an internal job transfer), but requires work of the same type of professional category because otherwise there will not be an equivalent qualification for the other type of work.<\/p>\n<p>&nbsp;<\/p>\n<h3>Datos acad\u00e9micos de la tesis doctoral \u00ab<strong>El cambio funcional entre categor\u00edas equivalentes:la reaignaci\u00f3n de funciones por el empresario<\/strong>\u00ab<\/h3>\n<ul>\n<li><strong>T\u00edtulo de la tesis:<\/strong>\u00a0 El cambio funcional entre categor\u00edas equivalentes:la reaignaci\u00f3n de funciones por el empresario <\/li>\n<li><strong>Autor:<\/strong>\u00a0 Francisco Javier Pozo Moreira <\/li>\n<li><strong>Universidad:<\/strong>\u00a0 Alcal\u00e1<\/li>\n<li><strong>Fecha de lectura de la tesis:<\/strong>\u00a0 27\/01\/2009<\/li>\n<\/ul>\n<p>&nbsp;<\/p>\n<h3>Direcci\u00f3n y tribunal<\/h3>\n<ul>\n<li><strong>Director de la tesis<\/strong>\n<ul>\n<li>Miguel Rodriguez Pi\u00f1ero Bravo Ferrer<\/li>\n<\/ul>\n<\/li>\n<li><strong>Tribunal<\/strong>\n<ul>\n<li>Presidente del tribunal: ricardo Escudero rodriguez <\/li>\n<li>magdalena Nogueira guastavino (vocal)<\/li>\n<li>Jes\u00fas Mercader uguina (vocal)<\/li>\n<li>isabelle Daugareilh (vocal)<\/li>\n<\/ul>\n<\/li>\n<\/ul>\n<p>&nbsp;<\/p>\n","protected":false},"excerpt":{"rendered":"<p>Tesis doctoral de Francisco Javier Pozo Moreira La tesis intenta dar a conocer el contexto jur\u00eddico normativo de aparici\u00f3n de [&hellip;]<\/p>\n","protected":false},"author":1,"featured_media":0,"comment_status":"open","ping_status":"open","sticky":false,"template":"","format":"standard","meta":{"site-sidebar-layout":"default","site-content-layout":"","ast-site-content-layout":"","site-content-style":"default","site-sidebar-style":"default","ast-global-header-display":"","ast-banner-title-visibility":"","ast-main-header-display":"","ast-hfb-above-header-display":"","ast-hfb-below-header-display":"","ast-hfb-mobile-header-display":"","site-post-title":"","ast-breadcrumbs-content":"","ast-featured-img":"","footer-sml-layout":"","theme-transparent-header-meta":"","adv-header-id-meta":"","stick-header-meta":"","header-above-stick-meta":"","header-main-stick-meta":"","header-below-stick-meta":"","astra-migrate-meta-layouts":"default","ast-page-background-enabled":"default","ast-page-background-meta":{"desktop":{"background-color":"var(--ast-global-color-4)","background-image":"","background-repeat":"repeat","background-position":"center center","background-size":"auto","background-attachment":"scroll","background-type":"","background-media":"","overlay-type":"","overlay-color":"","overlay-gradient":""},"tablet":{"background-color":"","background-image":"","background-repeat":"repeat","background-position":"center center","background-size":"auto","background-attachment":"scroll","background-type":"","background-media":"","overlay-type":"","overlay-color":"","overlay-gradient":""},"mobile":{"background-color":"","background-image":"","background-repeat":"repeat","background-position":"center center","background-size":"auto","background-attachment":"scroll","background-type":"","background-media":"","overlay-type":"","overlay-color":"","overlay-gradient":""}},"ast-content-background-meta":{"desktop":{"background-color":"var(--ast-global-color-5)","background-image":"","background-repeat":"repeat","background-position":"center center","background-size":"auto","background-attachment":"scroll","background-type":"","background-media":"","overlay-type":"","overlay-color":"","overlay-gradient":""},"tablet":{"background-color":"var(--ast-global-color-5)","background-image":"","background-repeat":"repeat","background-position":"center center","background-size":"auto","background-attachment":"scroll","background-type":"","background-media":"","overlay-type":"","overlay-color":"","overlay-gradient":""},"mobile":{"background-color":"var(--ast-global-color-5)","background-image":"","background-repeat":"repeat","background-position":"center center","background-size":"auto","background-attachment":"scroll","background-type":"","background-media":"","overlay-type":"","overlay-color":"","overlay-gradient":""}},"footnotes":""},"categories":[17426,3894],"tags":[189371,189372,37717,83921,3701,26866],"class_list":["post-91404","post","type-post","status-publish","format-standard","hentry","category-alcala","category-derecho-privado","tag-francisco-javier-pozo-moreira","tag-isabelle-daugareilh","tag-jesus-mercader-uguina","tag-magdalena-nogueira-guastavino","tag-miguel-rodriguez-pinero-bravo-ferrer","tag-ricardo-escudero-rodriguez"],"_links":{"self":[{"href":"https:\/\/www.deberes.net\/tesis\/wp-json\/wp\/v2\/posts\/91404","targetHints":{"allow":["GET"]}}],"collection":[{"href":"https:\/\/www.deberes.net\/tesis\/wp-json\/wp\/v2\/posts"}],"about":[{"href":"https:\/\/www.deberes.net\/tesis\/wp-json\/wp\/v2\/types\/post"}],"author":[{"embeddable":true,"href":"https:\/\/www.deberes.net\/tesis\/wp-json\/wp\/v2\/users\/1"}],"replies":[{"embeddable":true,"href":"https:\/\/www.deberes.net\/tesis\/wp-json\/wp\/v2\/comments?post=91404"}],"version-history":[{"count":0,"href":"https:\/\/www.deberes.net\/tesis\/wp-json\/wp\/v2\/posts\/91404\/revisions"}],"wp:attachment":[{"href":"https:\/\/www.deberes.net\/tesis\/wp-json\/wp\/v2\/media?parent=91404"}],"wp:term":[{"taxonomy":"category","embeddable":true,"href":"https:\/\/www.deberes.net\/tesis\/wp-json\/wp\/v2\/categories?post=91404"},{"taxonomy":"post_tag","embeddable":true,"href":"https:\/\/www.deberes.net\/tesis\/wp-json\/wp\/v2\/tags?post=91404"}],"curies":[{"name":"wp","href":"https:\/\/api.w.org\/{rel}","templated":true}]}}