{"id":91422,"date":"2018-03-11T10:10:12","date_gmt":"2018-03-11T10:10:12","guid":{"rendered":"https:\/\/www.deberes.net\/tesis\/sin-categoria\/los-mil-da%c2%adas-hispano-chilenos-1970-1973\/"},"modified":"2018-03-11T10:10:12","modified_gmt":"2018-03-11T10:10:12","slug":"los-mil-da%c2%adas-hispano-chilenos-1970-1973","status":"publish","type":"post","link":"https:\/\/www.deberes.net\/tesis\/historia-contemporanea\/los-mil-da%c2%adas-hispano-chilenos-1970-1973\/","title":{"rendered":"Los mil d\u00edas hispano-chilenos 1970-1973"},"content":{"rendered":"<h2>Tesis doctoral de <strong> Mar\u00eda  Jose Henriquez Uzal <\/strong><\/h2>\n<p>La derivada pol\u00edtica de la estrategia que la diplomacia espa\u00f1ola desarroll\u00f3 hacia el chile de la unidad popular, fue la de apoyar a salvador allende para evitar que el proyecto pol\u00edtico por \u00e9l encabezado derivara en una segunda cuba, pero la unidad popular termin\u00f3 con un golpe de estado. \u00c2\u00bfcu\u00e1l fue, entonces, el error?. Claramente el planteamiento del palacio de santa cruz hacia iberoamerica, durante la gesti\u00f3n de gregorio l\u00f3pez bravo, hab\u00eda encontrado en chile el espacio perfecto para llevarlo a la pr\u00e1ctica: el proceso de cambios, la distancia de estados unidos y la membres\u00eda del pa\u00eds austral al pacto andino con su potencial mercado de mas de 50 millones de habitantes, que constitu\u00eda la puerta de entrada perfecta a una regi\u00f3n del todo promisoria. En adici\u00f3n, las distintas orientaciones ideol\u00f3gicas no deb\u00edan intervenir en un inocuo despliegue comercial, econ\u00f3mico, financiero y de cooperaci\u00f3n t\u00e9cnica: espa\u00f1a apostaba al desarrollismo y a su diferenciaci\u00f3n con los estados unidos. Sin embargo, el pa\u00eds ib\u00e9rico careci\u00f3 del poder real y material que marcara la diferencia, a\u00fan as\u00ed el apoyo hispano no fue nimio, pero espa\u00f1a no era estados unidos. Posiblemente y de la misma manera en que l\u00f3pez bravo sobreestim\u00f3 su ascendente con el general\u00edsimo, sobreestim\u00f3 la capacidad del estado para llevar adelante un proyecto que en el caso de chile, puso finalmente en cuesti\u00f3n los condicionantes propios de un r\u00e9gimen como el franquista, porque la derivada pol\u00edtica de la penetraci\u00f3n econ\u00f3mica resulto ser insoslayable, pero ya se hab\u00eda ido demasiado lejos y la racionalidad subyacente al proyecto exterior termin\u00f3 reducida a pegaso, a salvar lo salvable y nada m\u00e1s. Se perdi\u00f3 la fe en allende como l\u00edder y la diplomacia hispana gener\u00f3 una percepci\u00f3n muy similar a la de la gran mayor\u00eda de la oposici\u00f3n chilena, es decir que el proceso se encaminaba ineludiblemente hacia la instauraci\u00f3n del marxismo en chile. Cabe preguntarse si la ayuda o ataque exterior pudieron ser determinantes cuando la desestabilizaci\u00f3n correspondi\u00f3 en grado sumo a los propios chilenos. Y es que incluso el \u00c2\u00bfimperio\u00c2\u00bf encuentra l\u00edmites cuando la correlaci\u00f3n de fuerzas interna no le es favorable. m\u00e1s all\u00e1 de la disquisici\u00f3n precedente, sobre la cual podr\u00edamos encontrar innumerables ejemplos, la apuesta hispana no fue un salto en el vac\u00edo ten\u00eda un precedente claro- cuba- y un estudio sistem\u00e1tico como aval, en el que entre otras cosas se arg\u00ed\u00bc\u00eda que la inestabilidad en am\u00e9rica latina era un dato m\u00e1s de la causa que no pod\u00eda significar la marginaci\u00f3n hispana de aquel espacio. Pero, la inestabilidad latinoamericana muchas veces resulta determinante. En esta l\u00ednea, la aprehensi\u00f3n del \u00c2\u00bfmomento\u00c2\u00bf por el que atravesaba la regi\u00f3n fue acertada no as\u00ed la capacidad real de la dictadura para \u00c2\u00bfintervenirlo\u00c2\u00bf. Una sobreestimaci\u00f3n de la que no ha carecido buena parte de la pol\u00edtica exterior hispana posterior. Si bien, el propio plan iberoamericano puede ser tenido en muchos de sus pasajes como un precedente, como un documento adelantando en el tiempo en muchos aspectos, por ejemplo en relaci\u00f3n a la exportaci\u00f3n de capitales, aunque en ese momento fuese al menos cuestionable. Desde otro \u00e1ngulo, apoyar en chile lo que se prohib\u00eda en espa\u00f1a redund\u00f3 precisamente en la falta de r\u00e9ditos pol\u00edticos internos. Es cierto que la relaci\u00f3n si bien fue importante en su momento no fue determinante para nada, ello explica el olvido, como tambi\u00e9n se explica por la contradicci\u00f3n subyacente. El \u00c2\u00bfliberal reprimido\u00c2\u00bf hubo de verse reprimido por completo en buena medida porque la neutralidad se volvi\u00f3 sospechosa, al menos en relaci\u00f3n a am\u00e9rica latina, y en t\u00e9rminos generales porque super\u00f3 ciertos l\u00edmites. Por lo dem\u00e1s se trat\u00f3 de un tiempo de cambios vertiginosos, un momento de aceleraci\u00f3n hist\u00f3rica que contribuy\u00f3 a cubrir el per\u00edodo que medio entre los 12 a\u00f1os de castiella al frente de los destinos exteriores de espa\u00f1a y la crisis general del r\u00e9gimen. En cuanto a la sociedad espa\u00f1ola, espec\u00edficamente a la oposici\u00f3n de aquella \u00e9poca, este olvido en particular resulta mucho m\u00e1s importante que los propios hechos, ya que de alguna manera se habr\u00eda tenido que conceder un rasgo positivo al franquismo: era el anti-modelo el que en definitiva apoyaba al modelo. Constataci\u00f3n dif\u00edcil de asumir. Por otra parte, la memoria hispana sobre la v\u00eda chilena hacia el socialismo y sobre la figura del propio salvador allende, difiere considerablemente del olvido relativo a los mil d\u00edas hispano chilenos. Como se ha dicho aquella memoria hubo de pasar por el tamiz de la transici\u00f3n y ello explica, entre otras situaciones, que la actual derecha espa\u00f1ola considere a salvador allende como un dem\u00f3crata y est\u00e9 dispuesta a votar positivamente una propuesta no de ley en el congreso de los diputados en este sentido. Actitud que al menos sorprender\u00eda -por inconcebible- a no pocos correligionarios en el pa\u00eds austral. de la misma manera en que los franquistas fingieron no haberlo sido nunca, los anti franquistas fingieron seguir apegados a los principios tradicionales de la izquierda, pero el propio caso chileno ense\u00f1ar\u00eda algunas lecciones. En definitiva, buena parte del consenso relativo a la figura de salvador allende presente en la clase pol\u00edtica espa\u00f1ola dice relaci\u00f3n con otro consenso, a saber la imagen que en la actualidad proyecta augusto pinochet.<\/p>\n<p>&nbsp;<\/p>\n<h3>Datos acad\u00e9micos de la tesis doctoral \u00ab<strong>Los mil d\u00edas hispano-chilenos 1970-1973<\/strong>\u00ab<\/h3>\n<ul>\n<li><strong>T\u00edtulo de la tesis:<\/strong>\u00a0 Los mil d\u00edas hispano-chilenos 1970-1973 <\/li>\n<li><strong>Autor:<\/strong>\u00a0 Mar\u00eda  Jose Henriquez Uzal <\/li>\n<li><strong>Universidad:<\/strong>\u00a0 Aut\u00f3noma de Madrid<\/li>\n<li><strong>Fecha de lectura de la tesis:<\/strong>\u00a0 28\/01\/2009<\/li>\n<\/ul>\n<p>&nbsp;<\/p>\n<h3>Direcci\u00f3n y tribunal<\/h3>\n<ul>\n<li><strong>Director de la tesis<\/strong>\n<ul>\n<li>Javier Donezar  Diez De Ulzurrum<\/li>\n<\/ul>\n<\/li>\n<li><strong>Tribunal<\/strong>\n<ul>\n<li>Presidente del tribunal: \u00e1lvaro Soto carmona <\/li>\n<li>Antonio Remiro brotons (vocal)<\/li>\n<li>pedro P\u00e9rez herrero (vocal)<\/li>\n<li>  (vocal)<\/li>\n<\/ul>\n<\/li>\n<\/ul>\n<p>&nbsp;<\/p>\n","protected":false},"excerpt":{"rendered":"<p>Tesis doctoral de Mar\u00eda Jose Henriquez Uzal La derivada pol\u00edtica de la estrategia que la diplomacia espa\u00f1ola desarroll\u00f3 hacia el [&hellip;]<\/p>\n","protected":false},"author":1,"featured_media":0,"comment_status":"open","ping_status":"open","sticky":false,"template":"","format":"standard","meta":{"site-sidebar-layout":"default","site-content-layout":"","ast-site-content-layout":"","site-content-style":"default","site-sidebar-style":"default","ast-global-header-display":"","ast-banner-title-visibility":"","ast-main-header-display":"","ast-hfb-above-header-display":"","ast-hfb-below-header-display":"","ast-hfb-mobile-header-display":"","site-post-title":"","ast-breadcrumbs-content":"","ast-featured-img":"","footer-sml-layout":"","theme-transparent-header-meta":"","adv-header-id-meta":"","stick-header-meta":"","header-above-stick-meta":"","header-main-stick-meta":"","header-below-stick-meta":"","astra-migrate-meta-layouts":"default","ast-page-background-enabled":"default","ast-page-background-meta":{"desktop":{"background-color":"var(--ast-global-color-4)","background-image":"","background-repeat":"repeat","background-position":"center center","background-size":"auto","background-attachment":"scroll","background-type":"","background-media":"","overlay-type":"","overlay-color":"","overlay-gradient":""},"tablet":{"background-color":"","background-image":"","background-repeat":"repeat","background-position":"center center","background-size":"auto","background-attachment":"scroll","background-type":"","background-media":"","overlay-type":"","overlay-color":"","overlay-gradient":""},"mobile":{"background-color":"","background-image":"","background-repeat":"repeat","background-position":"center center","background-size":"auto","background-attachment":"scroll","background-type":"","background-media":"","overlay-type":"","overlay-color":"","overlay-gradient":""}},"ast-content-background-meta":{"desktop":{"background-color":"var(--ast-global-color-5)","background-image":"","background-repeat":"repeat","background-position":"center center","background-size":"auto","background-attachment":"scroll","background-type":"","background-media":"","overlay-type":"","overlay-color":"","overlay-gradient":""},"tablet":{"background-color":"var(--ast-global-color-5)","background-image":"","background-repeat":"repeat","background-position":"center center","background-size":"auto","background-attachment":"scroll","background-type":"","background-media":"","overlay-type":"","overlay-color":"","overlay-gradient":""},"mobile":{"background-color":"var(--ast-global-color-5)","background-image":"","background-repeat":"repeat","background-position":"center center","background-size":"auto","background-attachment":"scroll","background-type":"","background-media":"","overlay-type":"","overlay-color":"","overlay-gradient":""}},"footnotes":""},"categories":[1816],"tags":[5659,5293,189406,189405,7273],"class_list":["post-91422","post","type-post","status-publish","format-standard","hentry","category-historia-contemporanea","tag-alvaro-soto-carmona","tag-antonio-remiro-brotons","tag-javier-donezar-diez-de-ulzurrum","tag-maria-jose-henriquez-uzal","tag-pedro-perez-herrero"],"_links":{"self":[{"href":"https:\/\/www.deberes.net\/tesis\/wp-json\/wp\/v2\/posts\/91422","targetHints":{"allow":["GET"]}}],"collection":[{"href":"https:\/\/www.deberes.net\/tesis\/wp-json\/wp\/v2\/posts"}],"about":[{"href":"https:\/\/www.deberes.net\/tesis\/wp-json\/wp\/v2\/types\/post"}],"author":[{"embeddable":true,"href":"https:\/\/www.deberes.net\/tesis\/wp-json\/wp\/v2\/users\/1"}],"replies":[{"embeddable":true,"href":"https:\/\/www.deberes.net\/tesis\/wp-json\/wp\/v2\/comments?post=91422"}],"version-history":[{"count":0,"href":"https:\/\/www.deberes.net\/tesis\/wp-json\/wp\/v2\/posts\/91422\/revisions"}],"wp:attachment":[{"href":"https:\/\/www.deberes.net\/tesis\/wp-json\/wp\/v2\/media?parent=91422"}],"wp:term":[{"taxonomy":"category","embeddable":true,"href":"https:\/\/www.deberes.net\/tesis\/wp-json\/wp\/v2\/categories?post=91422"},{"taxonomy":"post_tag","embeddable":true,"href":"https:\/\/www.deberes.net\/tesis\/wp-json\/wp\/v2\/tags?post=91422"}],"curies":[{"name":"wp","href":"https:\/\/api.w.org\/{rel}","templated":true}]}}