{"id":91432,"date":"2018-03-11T10:10:12","date_gmt":"2018-03-11T10:10:12","guid":{"rendered":"https:\/\/www.deberes.net\/tesis\/sin-categoria\/la-banda-sinfonica-mun-icipal-de-madrid-interpretes-de-los-cien-primeros-anos-de-una-historia\/"},"modified":"2018-03-11T10:10:12","modified_gmt":"2018-03-11T10:10:12","slug":"la-banda-sinfonica-mun-icipal-de-madrid-interpretes-de-los-cien-primeros-anos-de-una-historia","status":"publish","type":"post","link":"https:\/\/www.deberes.net\/tesis\/historia-local\/la-banda-sinfonica-mun-icipal-de-madrid-interpretes-de-los-cien-primeros-anos-de-una-historia\/","title":{"rendered":"La banda sinf\u00f3nica mun icipal de Madrid. int\u00e9rpretes de los cien primeros a\u00f1os de una historia."},"content":{"rendered":"<h2>Tesis doctoral de <strong> Gaspar Genov\u00e9s Pitarch <\/strong><\/h2>\n<p>La tesis trata sobre la hist\u00f3ria de la banda sinf\u00f3nica municipal de Madrid. Dicha entidad se fund\u00f3 el 2 de junio de 1909 por lo que proximamente va a cumplir sus cien a\u00f1os. en la investigaci\u00f3n se ha contextualizado tanto el campo pol\u00edtico como social como econ\u00f3mico, lo que tiene mucho que ver para entender el porqu\u00e9 de la banda. en la investigaci\u00f3n hemos aportado la parte hist\u00f3rica del tema pero por otra parte hemos ampliado esa informaci\u00f3n con entrevistas a personas que vivieron la situaci\u00f3n de la banda dando a la investigaci\u00f3n como una parte m\u00e1s humana. de la investigaci\u00f3n hemos obtenido conclusiones reafirmantes de lo que fue, es y ser\u00e1 dicha instituci\u00f3n band\u00edstica, aportando nuevos datos (sobre todo en la \u00e9poca de la guerra civil espa\u00f1ola) que hemos podido obtener de dicha investigaci\u00f3n.<\/p>\n<p>&nbsp;<\/p>\n<h3>Datos acad\u00e9micos de la tesis doctoral \u00ab<strong>La banda sinf\u00f3nica mun icipal de Madrid. int\u00e9rpretes de los cien primeros a\u00f1os de una historia.<\/strong>\u00ab<\/h3>\n<ul>\n<li><strong>T\u00edtulo de la tesis:<\/strong>\u00a0 La banda sinf\u00f3nica mun icipal de Madrid. int\u00e9rpretes de los cien primeros a\u00f1os de una historia. <\/li>\n<li><strong>Autor:<\/strong>\u00a0 Gaspar Genov\u00e9s Pitarch <\/li>\n<li><strong>Universidad:<\/strong>\u00a0 Universitat de val\u00e9ncia (estudi general)<\/li>\n<li><strong>Fecha de lectura de la tesis:<\/strong>\u00a0 29\/01\/2009<\/li>\n<\/ul>\n<p>&nbsp;<\/p>\n<h3>Direcci\u00f3n y tribunal<\/h3>\n<ul>\n<li><strong>Director de la tesis<\/strong>\n<ul>\n<li>Francisco Carlos Bueno Camejo<\/li>\n<\/ul>\n<\/li>\n<li><strong>Tribunal<\/strong>\n<ul>\n<li>Presidente del tribunal: rom\u00ed\u00a0 De la calle de la calle <\/li>\n<li>gloria Camarero gomez (vocal)<\/li>\n<li>eduardo Arnau grau (vocal)<\/li>\n<li>ram\u00f3n Ram\u00edrez beneyto (vocal)<\/li>\n<\/ul>\n<\/li>\n<\/ul>\n<p>&nbsp;<\/p>\n","protected":false},"excerpt":{"rendered":"<p>Tesis doctoral de Gaspar Genov\u00e9s Pitarch La tesis trata sobre la hist\u00f3ria de la banda sinf\u00f3nica municipal de Madrid. Dicha [&hellip;]<\/p>\n","protected":false},"author":1,"featured_media":0,"comment_status":"open","ping_status":"open","sticky":false,"template":"","format":"standard","meta":{"site-sidebar-layout":"default","site-content-layout":"","ast-site-content-layout":"","site-content-style":"default","site-sidebar-style":"default","ast-global-header-display":"","ast-banner-title-visibility":"","ast-main-header-display":"","ast-hfb-above-header-display":"","ast-hfb-below-header-display":"","ast-hfb-mobile-header-display":"","site-post-title":"","ast-breadcrumbs-content":"","ast-featured-img":"","footer-sml-layout":"","theme-transparent-header-meta":"","adv-header-id-meta":"","stick-header-meta":"","header-above-stick-meta":"","header-main-stick-meta":"","header-below-stick-meta":"","astra-migrate-meta-layouts":"default","ast-page-background-enabled":"default","ast-page-background-meta":{"desktop":{"background-color":"var(--ast-global-color-4)","background-image":"","background-repeat":"repeat","background-position":"center center","background-size":"auto","background-attachment":"scroll","background-type":"","background-media":"","overlay-type":"","overlay-color":"","overlay-gradient":""},"tablet":{"background-color":"","background-image":"","background-repeat":"repeat","background-position":"center center","background-size":"auto","background-attachment":"scroll","background-type":"","background-media":"","overlay-type":"","overlay-color":"","overlay-gradient":""},"mobile":{"background-color":"","background-image":"","background-repeat":"repeat","background-position":"center center","background-size":"auto","background-attachment":"scroll","background-type":"","background-media":"","overlay-type":"","overlay-color":"","overlay-gradient":""}},"ast-content-background-meta":{"desktop":{"background-color":"var(--ast-global-color-5)","background-image":"","background-repeat":"repeat","background-position":"center center","background-size":"auto","background-attachment":"scroll","background-type":"","background-media":"","overlay-type":"","overlay-color":"","overlay-gradient":""},"tablet":{"background-color":"var(--ast-global-color-5)","background-image":"","background-repeat":"repeat","background-position":"center center","background-size":"auto","background-attachment":"scroll","background-type":"","background-media":"","overlay-type":"","overlay-color":"","overlay-gradient":""},"mobile":{"background-color":"var(--ast-global-color-5)","background-image":"","background-repeat":"repeat","background-position":"center center","background-size":"auto","background-attachment":"scroll","background-type":"","background-media":"","overlay-type":"","overlay-color":"","overlay-gradient":""}},"footnotes":""},"categories":[7632,2224,32760,9132],"tags":[66062,143464,189419,80817,166521,16851],"class_list":["post-91432","post","type-post","status-publish","format-standard","hentry","category-historia-de-la-musica","category-historia-local","category-metodos-de-investigacion-social","category-musica-y-musicologia","tag-eduardo-arnau-grau","tag-francisco-carlos-bueno-camejo","tag-gaspar-genoves-pitarch","tag-gloria-camarero-gomez","tag-ramon-ramirez-beneyto","tag-romi-de-la-calle-de-la-calle"],"_links":{"self":[{"href":"https:\/\/www.deberes.net\/tesis\/wp-json\/wp\/v2\/posts\/91432","targetHints":{"allow":["GET"]}}],"collection":[{"href":"https:\/\/www.deberes.net\/tesis\/wp-json\/wp\/v2\/posts"}],"about":[{"href":"https:\/\/www.deberes.net\/tesis\/wp-json\/wp\/v2\/types\/post"}],"author":[{"embeddable":true,"href":"https:\/\/www.deberes.net\/tesis\/wp-json\/wp\/v2\/users\/1"}],"replies":[{"embeddable":true,"href":"https:\/\/www.deberes.net\/tesis\/wp-json\/wp\/v2\/comments?post=91432"}],"version-history":[{"count":0,"href":"https:\/\/www.deberes.net\/tesis\/wp-json\/wp\/v2\/posts\/91432\/revisions"}],"wp:attachment":[{"href":"https:\/\/www.deberes.net\/tesis\/wp-json\/wp\/v2\/media?parent=91432"}],"wp:term":[{"taxonomy":"category","embeddable":true,"href":"https:\/\/www.deberes.net\/tesis\/wp-json\/wp\/v2\/categories?post=91432"},{"taxonomy":"post_tag","embeddable":true,"href":"https:\/\/www.deberes.net\/tesis\/wp-json\/wp\/v2\/tags?post=91432"}],"curies":[{"name":"wp","href":"https:\/\/api.w.org\/{rel}","templated":true}]}}