{"id":91437,"date":"2018-03-11T10:10:12","date_gmt":"2018-03-11T10:10:12","guid":{"rendered":"https:\/\/www.deberes.net\/tesis\/sin-categoria\/hacia-un-sistema-participativo-de-garantia-para-la-produccion-ecologica-en-andalucia\/"},"modified":"2018-03-11T10:10:12","modified_gmt":"2018-03-11T10:10:12","slug":"hacia-un-sistema-participativo-de-garantia-para-la-produccion-ecologica-en-andalucia","status":"publish","type":"post","link":"https:\/\/www.deberes.net\/tesis\/sector-de-agricultura-silvicultura-ganaderia-y-pesca\/hacia-un-sistema-participativo-de-garantia-para-la-produccion-ecologica-en-andalucia\/","title":{"rendered":"Hacia un sistema participativo de garantia para la produccion ecologica en andalucia"},"content":{"rendered":"<h2>Tesis doctoral de <strong> Mar\u00eda  Carmen Cuellar Padilla <\/strong><\/h2>\n<p>El sistema de garant\u00eda para los productos ecol\u00f3gicos en la uni\u00f3n europea viene regulado por el reglamento 2092\/91 y la norma din en 45011. A trav\u00e9s de ellos se establece como mecanismo obligatorio la certificaci\u00f3n por tercera parte o por auditor\u00edas t\u00e9cnicas de este tipo de producto para ser considerados como tales. En andaluc\u00eda, en el a\u00f1o 2005, tres grupos productores plantearon la necesidad de buscar alternativas a este sistema de certificaci\u00f3n que, por determinadas caracter\u00edsticas, desincentivaba el registro oficial de sus producciones ecol\u00f3gicas. Esta tesis doctoral se ha enmarcado en el proyecto a trav\u00e9s del cual se ha construido una alternativa a la certificaci\u00f3n por tercera parte denominada sistema participativo de garant\u00eda. A partir del proyecto de \u00e1mbito andaluz, hemos profundizado en el an\u00e1lisis de este tipo de sistemas a trav\u00e9s del estudio de caso de dos iniciativas consolidadas extranjeras: una en francia y otra en brasil.  los resultados de la investigaci\u00f3n son de dos tipos: estructurales, ya que hemos analizado los discursos de las personas inmersas en las experiencias de sistemas participativos de garant\u00eda estudiadas en torno a la producci\u00f3n ecol\u00f3gica, la garant\u00eda participativa y la problem\u00e1tica de la certificaci\u00f3n por tercera parte; y dial\u00e9cticos, analizando la evoluci\u00f3n y el cambio social agroecol\u00f3gico impulsado a trav\u00e9s del proceso participativo llevado a cabo con los grupos productores andaluces implicados.   esta tesis doctoral se enmarca en la dimensi\u00f3n socioecon\u00f3mica de la producci\u00f3n ecol\u00f3gica. Trabaja dos componentes b\u00e1sicos de esta dimensi\u00f3n: las relaciones entre la producci\u00f3n y el consumo de productos ecol\u00f3gicos; y la garant\u00eda como intermediaria entre ambos actores. Asimismo, profundiza en un concepto innovador en nuestros contextos sociopol\u00edticos: los sistemas participativos de garant\u00eda como mecanismos alternativos a la certificaci\u00f3n por tercera parte de la producci\u00f3n ecol\u00f3gica.<\/p>\n<p>&nbsp;<\/p>\n<h3>Datos acad\u00e9micos de la tesis doctoral \u00ab<strong>Hacia un sistema participativo de garantia para la produccion ecologica en andalucia<\/strong>\u00ab<\/h3>\n<ul>\n<li><strong>T\u00edtulo de la tesis:<\/strong>\u00a0 Hacia un sistema participativo de garantia para la produccion ecologica en andalucia <\/li>\n<li><strong>Autor:<\/strong>\u00a0 Mar\u00eda  Carmen Cuellar Padilla <\/li>\n<li><strong>Universidad:<\/strong>\u00a0 C\u00f3rdoba<\/li>\n<li><strong>Fecha de lectura de la tesis:<\/strong>\u00a0 29\/01\/2009<\/li>\n<\/ul>\n<p>&nbsp;<\/p>\n<h3>Direcci\u00f3n y tribunal<\/h3>\n<ul>\n<li><strong>Director de la tesis<\/strong>\n<ul>\n<li>Eduardo Sevilla Guzman<\/li>\n<\/ul>\n<\/li>\n<li><strong>Tribunal<\/strong>\n<ul>\n<li>Presidente del tribunal: jose Taberner guasp <\/li>\n<li>itziar Aguirre jimenez (vocal)<\/li>\n<li>xabier Sim\u00f3n fern\u00e1ndez (vocal)<\/li>\n<li>joao Costa gomes (vocal)<\/li>\n<\/ul>\n<\/li>\n<\/ul>\n<p>&nbsp;<\/p>\n","protected":false},"excerpt":{"rendered":"<p>Tesis doctoral de Mar\u00eda Carmen Cuellar Padilla El sistema de garant\u00eda para los productos ecol\u00f3gicos en la uni\u00f3n europea viene [&hellip;]<\/p>\n","protected":false},"author":1,"featured_media":0,"comment_status":"open","ping_status":"open","sticky":false,"template":"","format":"standard","meta":{"site-sidebar-layout":"default","site-content-layout":"","ast-site-content-layout":"","site-content-style":"default","site-sidebar-style":"default","ast-global-header-display":"","ast-banner-title-visibility":"","ast-main-header-display":"","ast-hfb-above-header-display":"","ast-hfb-below-header-display":"","ast-hfb-mobile-header-display":"","site-post-title":"","ast-breadcrumbs-content":"","ast-featured-img":"","footer-sml-layout":"","theme-transparent-header-meta":"","adv-header-id-meta":"","stick-header-meta":"","header-above-stick-meta":"","header-main-stick-meta":"","header-below-stick-meta":"","astra-migrate-meta-layouts":"default","ast-page-background-enabled":"default","ast-page-background-meta":{"desktop":{"background-color":"var(--ast-global-color-4)","background-image":"","background-repeat":"repeat","background-position":"center center","background-size":"auto","background-attachment":"scroll","background-type":"","background-media":"","overlay-type":"","overlay-color":"","overlay-gradient":""},"tablet":{"background-color":"","background-image":"","background-repeat":"repeat","background-position":"center center","background-size":"auto","background-attachment":"scroll","background-type":"","background-media":"","overlay-type":"","overlay-color":"","overlay-gradient":""},"mobile":{"background-color":"","background-image":"","background-repeat":"repeat","background-position":"center center","background-size":"auto","background-attachment":"scroll","background-type":"","background-media":"","overlay-type":"","overlay-color":"","overlay-gradient":""}},"ast-content-background-meta":{"desktop":{"background-color":"var(--ast-global-color-5)","background-image":"","background-repeat":"repeat","background-position":"center center","background-size":"auto","background-attachment":"scroll","background-type":"","background-media":"","overlay-type":"","overlay-color":"","overlay-gradient":""},"tablet":{"background-color":"var(--ast-global-color-5)","background-image":"","background-repeat":"repeat","background-position":"center center","background-size":"auto","background-attachment":"scroll","background-type":"","background-media":"","overlay-type":"","overlay-color":"","overlay-gradient":""},"mobile":{"background-color":"var(--ast-global-color-5)","background-image":"","background-repeat":"repeat","background-position":"center center","background-size":"auto","background-attachment":"scroll","background-type":"","background-media":"","overlay-type":"","overlay-color":"","overlay-gradient":""}},"footnotes":""},"categories":[6217,973,47010,1168,935],"tags":[21393,48941,189429,42765,189428,32986],"class_list":["post-91437","post","type-post","status-publish","format-standard","hentry","category-cambio-y-desarrollo-social","category-cordoba","category-politica-cultural","category-procesos-de-grupos","category-sector-de-agricultura-silvicultura-ganaderia-y-pesca","tag-eduardo-sevilla-guzman","tag-itziar-aguirre-jimenez","tag-joao-costa-gomes","tag-jose-taberner-guasp","tag-maria-carmen-cuellar-padilla","tag-xabier-simon-fernandez"],"_links":{"self":[{"href":"https:\/\/www.deberes.net\/tesis\/wp-json\/wp\/v2\/posts\/91437","targetHints":{"allow":["GET"]}}],"collection":[{"href":"https:\/\/www.deberes.net\/tesis\/wp-json\/wp\/v2\/posts"}],"about":[{"href":"https:\/\/www.deberes.net\/tesis\/wp-json\/wp\/v2\/types\/post"}],"author":[{"embeddable":true,"href":"https:\/\/www.deberes.net\/tesis\/wp-json\/wp\/v2\/users\/1"}],"replies":[{"embeddable":true,"href":"https:\/\/www.deberes.net\/tesis\/wp-json\/wp\/v2\/comments?post=91437"}],"version-history":[{"count":0,"href":"https:\/\/www.deberes.net\/tesis\/wp-json\/wp\/v2\/posts\/91437\/revisions"}],"wp:attachment":[{"href":"https:\/\/www.deberes.net\/tesis\/wp-json\/wp\/v2\/media?parent=91437"}],"wp:term":[{"taxonomy":"category","embeddable":true,"href":"https:\/\/www.deberes.net\/tesis\/wp-json\/wp\/v2\/categories?post=91437"},{"taxonomy":"post_tag","embeddable":true,"href":"https:\/\/www.deberes.net\/tesis\/wp-json\/wp\/v2\/tags?post=91437"}],"curies":[{"name":"wp","href":"https:\/\/api.w.org\/{rel}","templated":true}]}}