{"id":91456,"date":"2018-03-11T10:10:12","date_gmt":"2018-03-11T10:10:12","guid":{"rendered":"https:\/\/www.deberes.net\/tesis\/sin-categoria\/cultures-media-tiques-adolescents-un-estudi-psicosocial-centrat-en-el-tel\/"},"modified":"2018-03-11T10:10:12","modified_gmt":"2018-03-11T10:10:12","slug":"cultures-media-tiques-adolescents-un-estudi-psicosocial-centrat-en-el-tel","status":"publish","type":"post","link":"https:\/\/www.deberes.net\/tesis\/psicologia-de-grupos-sociales\/cultures-media-tiques-adolescents-un-estudi-psicosocial-centrat-en-el-tel\/","title":{"rendered":"Cultures medi\u00c1\u00a0tiques adolescents: un estudi psicosocial centrat en el tel"},"content":{"rendered":"<h2>Tesis doctoral de <strong> Sara Malo Cerrato <\/strong><\/h2>\n<p>Desde la perspectiva psicosocial se analizan algunos aspectos de las interacciones entre progenitores e hijos\/as adolescentes entre 12 y 16 a\u00f1os en relaci\u00f3n al uso del tel\u00e9fono m\u00f3vil en el marco de la sociedad aceleradamente cambiante.   se ha utilizado m\u00e9todo plural o multi-m\u00e9todo que se ha articulado en dos fases de investigaci\u00f3n, una cuantitativa y una cualitativa, para el estudio de los fen\u00f3menos sociales complejos como lo son las relaciones intergeneracionales.   los resultados apuntan que existen interacciones entre las actitudes de los adolescentes y de los progenitores en el uso del tel\u00e9fono m\u00f3vil. Tambi\u00e9n se\u00f1alan que las tecnolog\u00edas audiovisuales com el m\u00f3vil est\u00e1n mediatizando las relaciones intergeneracionales. Es decir, no s\u00f3lo los adolescentes utilitzen mucho m\u00e1s las tecnolog\u00edas como el tel\u00e9fono m\u00f3vil que los adultos, sino que sobre el contexto social que tiene impacto este uso es fundamentalmente con los amigos. Es necesario que se produzca un mayor acercamiento intergeneracional respecto a mantener conversaciones entre adultos y adolescentes entorno a temas que les motiven e interesen, com es el caso de las tics.<\/p>\n<p>&nbsp;<\/p>\n<h3>Datos acad\u00e9micos de la tesis doctoral \u00ab<strong>Cultures medi\u00c1\u00a0tiques adolescents: un estudi psicosocial centrat en el tel<\/strong>\u00ab<\/h3>\n<ul>\n<li><strong>T\u00edtulo de la tesis:<\/strong>\u00a0 Cultures medi\u00c1\u00a0tiques adolescents: un estudi psicosocial centrat en el tel <\/li>\n<li><strong>Autor:<\/strong>\u00a0 Sara Malo Cerrato <\/li>\n<li><strong>Universidad:<\/strong>\u00a0 Girona<\/li>\n<li><strong>Fecha de lectura de la tesis:<\/strong>\u00a0 30\/01\/2009<\/li>\n<\/ul>\n<p>&nbsp;<\/p>\n<h3>Direcci\u00f3n y tribunal<\/h3>\n<ul>\n<li><strong>Director de la tesis<\/strong>\n<ul>\n<li>Ferran Casas Aznar<\/li>\n<\/ul>\n<\/li>\n<li><strong>Tribunal<\/strong>\n<ul>\n<li>Presidente del tribunal: frederic Munn\u00e9 matamala <\/li>\n<li>M\u00aa eug\u00e9nia Gras p\u00e9rez (vocal)<\/li>\n<li>gonzalo Musitu ochoa (vocal)<\/li>\n<li>rosa M\u00aa P\u00e9rez calvo (vocal)<\/li>\n<\/ul>\n<\/li>\n<\/ul>\n<p>&nbsp;<\/p>\n","protected":false},"excerpt":{"rendered":"<p>Tesis doctoral de Sara Malo Cerrato Desde la perspectiva psicosocial se analizan algunos aspectos de las interacciones entre progenitores e [&hellip;]<\/p>\n","protected":false},"author":1,"featured_media":0,"comment_status":"open","ping_status":"open","sticky":false,"template":"","format":"standard","meta":{"site-sidebar-layout":"default","site-content-layout":"","ast-site-content-layout":"","site-content-style":"default","site-sidebar-style":"default","ast-global-header-display":"","ast-banner-title-visibility":"","ast-main-header-display":"","ast-hfb-above-header-display":"","ast-hfb-below-header-display":"","ast-hfb-mobile-header-display":"","site-post-title":"","ast-breadcrumbs-content":"","ast-featured-img":"","footer-sml-layout":"","theme-transparent-header-meta":"","adv-header-id-meta":"","stick-header-meta":"","header-above-stick-meta":"","header-main-stick-meta":"","header-below-stick-meta":"","astra-migrate-meta-layouts":"default","ast-page-background-enabled":"default","ast-page-background-meta":{"desktop":{"background-color":"var(--ast-global-color-4)","background-image":"","background-repeat":"repeat","background-position":"center center","background-size":"auto","background-attachment":"scroll","background-type":"","background-media":"","overlay-type":"","overlay-color":"","overlay-gradient":""},"tablet":{"background-color":"","background-image":"","background-repeat":"repeat","background-position":"center center","background-size":"auto","background-attachment":"scroll","background-type":"","background-media":"","overlay-type":"","overlay-color":"","overlay-gradient":""},"mobile":{"background-color":"","background-image":"","background-repeat":"repeat","background-position":"center center","background-size":"auto","background-attachment":"scroll","background-type":"","background-media":"","overlay-type":"","overlay-color":"","overlay-gradient":""}},"ast-content-background-meta":{"desktop":{"background-color":"var(--ast-global-color-5)","background-image":"","background-repeat":"repeat","background-position":"center center","background-size":"auto","background-attachment":"scroll","background-type":"","background-media":"","overlay-type":"","overlay-color":"","overlay-gradient":""},"tablet":{"background-color":"var(--ast-global-color-5)","background-image":"","background-repeat":"repeat","background-position":"center center","background-size":"auto","background-attachment":"scroll","background-type":"","background-media":"","overlay-type":"","overlay-color":"","overlay-gradient":""},"mobile":{"background-color":"var(--ast-global-color-5)","background-image":"","background-repeat":"repeat","background-position":"center center","background-size":"auto","background-attachment":"scroll","background-type":"","background-media":"","overlay-type":"","overlay-color":"","overlay-gradient":""}},"footnotes":""},"categories":[18809,947,970],"tags":[3581,1170,11387,189465,189466,189464],"class_list":["post-91456","post","type-post","status-publish","format-standard","hentry","category-girona","category-psicologia-de-grupos-sociales","category-psicologia-del-nino-y-del-adolescente","tag-ferran-casas-aznar","tag-frederic-munne-matamala","tag-gonzalo-musitu-ochoa","tag-ma-eugenia-gras-perez","tag-rosa-ma-perez-calvo","tag-sara-malo-cerrato"],"_links":{"self":[{"href":"https:\/\/www.deberes.net\/tesis\/wp-json\/wp\/v2\/posts\/91456","targetHints":{"allow":["GET"]}}],"collection":[{"href":"https:\/\/www.deberes.net\/tesis\/wp-json\/wp\/v2\/posts"}],"about":[{"href":"https:\/\/www.deberes.net\/tesis\/wp-json\/wp\/v2\/types\/post"}],"author":[{"embeddable":true,"href":"https:\/\/www.deberes.net\/tesis\/wp-json\/wp\/v2\/users\/1"}],"replies":[{"embeddable":true,"href":"https:\/\/www.deberes.net\/tesis\/wp-json\/wp\/v2\/comments?post=91456"}],"version-history":[{"count":0,"href":"https:\/\/www.deberes.net\/tesis\/wp-json\/wp\/v2\/posts\/91456\/revisions"}],"wp:attachment":[{"href":"https:\/\/www.deberes.net\/tesis\/wp-json\/wp\/v2\/media?parent=91456"}],"wp:term":[{"taxonomy":"category","embeddable":true,"href":"https:\/\/www.deberes.net\/tesis\/wp-json\/wp\/v2\/categories?post=91456"},{"taxonomy":"post_tag","embeddable":true,"href":"https:\/\/www.deberes.net\/tesis\/wp-json\/wp\/v2\/tags?post=91456"}],"curies":[{"name":"wp","href":"https:\/\/api.w.org\/{rel}","templated":true}]}}