{"id":91465,"date":"2018-03-11T10:10:12","date_gmt":"2018-03-11T10:10:12","guid":{"rendered":"https:\/\/www.deberes.net\/tesis\/sin-categoria\/self-written-speech-the-subject-tells-her-self\/"},"modified":"2018-03-11T10:10:12","modified_gmt":"2018-03-11T10:10:12","slug":"self-written-speech-the-subject-tells-her-self","status":"publish","type":"post","link":"https:\/\/www.deberes.net\/tesis\/lengua-y-literatura\/self-written-speech-the-subject-tells-her-self\/","title":{"rendered":"Self-written speech: the subject tells her self"},"content":{"rendered":"<h2>Tesis doctoral de <strong> Mar\u00eda Cabillas Romero <\/strong><\/h2>\n<p>El objetivo de esta tesis es explorar la din\u00e1mica que caracteriza el proceso de escritura personal. Para ello surge el concepto de habla para s\u00ed escrita, o self-written speech, a trav\u00e9s del cual se examinan las distintas dimensiones que constituyen el fen\u00f3meno de la escritura del yo. Por una parte, se revisa la dimensi\u00f3n del proceso de contar-se, defendiendo la dialogicidad que marca a este proceso y revisando algunos de los rasgos de este di\u00e1logo y su din\u00e1mica. Por otra parte, est\u00e1 la dimensi\u00f3n de escribir para contar sobre s\u00ed, y de nuevo se revisan los aspectos de negociaci\u00f3n que conlleva forjar una escritura en la que definimos no s\u00f3lo una realidad sino a nosotros mismos en ella.   partiendo de un enfoque interdisciplinar, esta tesis combina un abordaje basado en la tradici\u00f3n sociocultural iniciada por lev vygotsky con contribuciones de autores post-estructuralistas como jacques derrida y judith butler. La metodolog\u00eda de an\u00e1lisis consiste en an\u00e1lisis cultural, interactuando con el material de estudio desde la teor\u00eda y viceversa, de forma que mi ambas dimensiones resultan igualmente importante de cara al producto final, los materiales extendiendo el alcance te\u00f3rico y la teor\u00eda iluminando la profundidad del material. Los objetos estudiados han sido los diarios personales de virginia woolf y de frida kahlo y la autobiograf\u00eda de nathalie sarraute.<\/p>\n<p>&nbsp;<\/p>\n<h3>Datos acad\u00e9micos de la tesis doctoral \u00ab<strong>Self-written speech: the subject tells her self<\/strong>\u00ab<\/h3>\n<ul>\n<li><strong>T\u00edtulo de la tesis:<\/strong>\u00a0 Self-written speech: the subject tells her self <\/li>\n<li><strong>Autor:<\/strong>\u00a0 Mar\u00eda Cabillas Romero <\/li>\n<li><strong>Universidad:<\/strong>\u00a0 Pablo de olavide<\/li>\n<li><strong>Fecha de lectura de la tesis:<\/strong>\u00a0 30\/01\/2009<\/li>\n<\/ul>\n<p>&nbsp;<\/p>\n<h3>Direcci\u00f3n y tribunal<\/h3>\n<ul>\n<li><strong>Director de la tesis<\/strong>\n<ul>\n<li>Jos\u00e9 Antonio Sanchez Medina<\/li>\n<\/ul>\n<\/li>\n<li><strong>Tribunal<\/strong>\n<ul>\n<li>Presidente del tribunal: manuel De la mata ben\u00edtez <\/li>\n<li>florentino Blanco trejo (vocal)<\/li>\n<li>willem Wardekker (vocal)<\/li>\n<li>Mar\u00eda  Jes\u00fas Cala carrillo (vocal)<\/li>\n<\/ul>\n<\/li>\n<\/ul>\n<p>&nbsp;<\/p>\n","protected":false},"excerpt":{"rendered":"<p>Tesis doctoral de Mar\u00eda Cabillas Romero El objetivo de esta tesis es explorar la din\u00e1mica que caracteriza el proceso de [&hellip;]<\/p>\n","protected":false},"author":1,"featured_media":0,"comment_status":"open","ping_status":"open","sticky":false,"template":"","format":"standard","meta":{"site-sidebar-layout":"default","site-content-layout":"","ast-site-content-layout":"","site-content-style":"default","site-sidebar-style":"default","ast-global-header-display":"","ast-banner-title-visibility":"","ast-main-header-display":"","ast-hfb-above-header-display":"","ast-hfb-below-header-display":"","ast-hfb-mobile-header-display":"","site-post-title":"","ast-breadcrumbs-content":"","ast-featured-img":"","footer-sml-layout":"","theme-transparent-header-meta":"","adv-header-id-meta":"","stick-header-meta":"","header-above-stick-meta":"","header-main-stick-meta":"","header-below-stick-meta":"","astra-migrate-meta-layouts":"default","ast-page-background-enabled":"default","ast-page-background-meta":{"desktop":{"background-color":"var(--ast-global-color-4)","background-image":"","background-repeat":"repeat","background-position":"center center","background-size":"auto","background-attachment":"scroll","background-type":"","background-media":"","overlay-type":"","overlay-color":"","overlay-gradient":""},"tablet":{"background-color":"","background-image":"","background-repeat":"repeat","background-position":"center center","background-size":"auto","background-attachment":"scroll","background-type":"","background-media":"","overlay-type":"","overlay-color":"","overlay-gradient":""},"mobile":{"background-color":"","background-image":"","background-repeat":"repeat","background-position":"center center","background-size":"auto","background-attachment":"scroll","background-type":"","background-media":"","overlay-type":"","overlay-color":"","overlay-gradient":""}},"ast-content-background-meta":{"desktop":{"background-color":"var(--ast-global-color-5)","background-image":"","background-repeat":"repeat","background-position":"center center","background-size":"auto","background-attachment":"scroll","background-type":"","background-media":"","overlay-type":"","overlay-color":"","overlay-gradient":""},"tablet":{"background-color":"var(--ast-global-color-5)","background-image":"","background-repeat":"repeat","background-position":"center center","background-size":"auto","background-attachment":"scroll","background-type":"","background-media":"","overlay-type":"","overlay-color":"","overlay-gradient":""},"mobile":{"background-color":"var(--ast-global-color-5)","background-image":"","background-repeat":"repeat","background-position":"center center","background-size":"auto","background-attachment":"scroll","background-type":"","background-media":"","overlay-type":"","overlay-color":"","overlay-gradient":""}},"footnotes":""},"categories":[636,37286],"tags":[44223,144939,149793,189480,172517,189481],"class_list":["post-91465","post","type-post","status-publish","format-standard","hentry","category-lengua-y-literatura","category-pablo-de-olavide","tag-florentino-blanco-trejo","tag-jose-antonio-sanchez-medina","tag-manuel-de-la-mata-benitez","tag-maria-cabillas-romero","tag-maria-jesus-cala-carrillo","tag-willem-wardekker"],"_links":{"self":[{"href":"https:\/\/www.deberes.net\/tesis\/wp-json\/wp\/v2\/posts\/91465","targetHints":{"allow":["GET"]}}],"collection":[{"href":"https:\/\/www.deberes.net\/tesis\/wp-json\/wp\/v2\/posts"}],"about":[{"href":"https:\/\/www.deberes.net\/tesis\/wp-json\/wp\/v2\/types\/post"}],"author":[{"embeddable":true,"href":"https:\/\/www.deberes.net\/tesis\/wp-json\/wp\/v2\/users\/1"}],"replies":[{"embeddable":true,"href":"https:\/\/www.deberes.net\/tesis\/wp-json\/wp\/v2\/comments?post=91465"}],"version-history":[{"count":0,"href":"https:\/\/www.deberes.net\/tesis\/wp-json\/wp\/v2\/posts\/91465\/revisions"}],"wp:attachment":[{"href":"https:\/\/www.deberes.net\/tesis\/wp-json\/wp\/v2\/media?parent=91465"}],"wp:term":[{"taxonomy":"category","embeddable":true,"href":"https:\/\/www.deberes.net\/tesis\/wp-json\/wp\/v2\/categories?post=91465"},{"taxonomy":"post_tag","embeddable":true,"href":"https:\/\/www.deberes.net\/tesis\/wp-json\/wp\/v2\/tags?post=91465"}],"curies":[{"name":"wp","href":"https:\/\/api.w.org\/{rel}","templated":true}]}}