{"id":91482,"date":"2018-03-11T10:10:18","date_gmt":"2018-03-11T10:10:18","guid":{"rendered":"https:\/\/www.deberes.net\/tesis\/sin-categoria\/neuroqua%c2%admica-de-las-crisis-epilepticas-en-el-hamster-gashsal-adulto-papel-del-cotransportador-kcc2receptor-de-gabaa-oxido-na%c2%adtrico-sintetasa-y-protea%c2%adna-prionica-celular\/"},"modified":"2018-03-11T10:10:18","modified_gmt":"2018-03-11T10:10:18","slug":"neuroqua%c2%admica-de-las-crisis-epilepticas-en-el-hamster-gashsal-adulto-papel-del-cotransportador-kcc2receptor-de-gabaa-oxido-na%c2%adtrico-sintetasa-y-protea%c2%adna-prionica-celular","status":"publish","type":"post","link":"https:\/\/www.deberes.net\/tesis\/medicina-interna\/neuroqua%c2%admica-de-las-crisis-epilepticas-en-el-hamster-gashsal-adulto-papel-del-cotransportador-kcc2receptor-de-gabaa-oxido-na%c2%adtrico-sintetasa-y-protea%c2%adna-prionica-celular\/","title":{"rendered":"Neuroqu\u00edmica de las crisis epil\u00e9pticas en el h\u00e1mster gash:sal adulto: papel del cotransportador kcc2,receptor de gabaa, \u00f3xido n\u00edtrico sintetasa y prote\u00edna pri\u00f3nica celular"},"content":{"rendered":"<h2>Tesis doctoral de <strong> Ana Isabel Prieto Mart\u00edn <\/strong><\/h2>\n<p>La epilepsia es una enfermedad casi tan antigua como la humanidad. Para los griegos la epilepsia o \u00abenfermedad de h\u00e9rcules\u00bb era atribuida a las divinidades, mientras que para los romanos la epilepsia era conocida con el nombre de \u00abmorbus comicialis\u00bb a causa de su ocurrencia en el d\u00eda de la comicia o del mal ag\u00ed\u00bcero.<\/p>\n<p>&nbsp;<\/p>\n<h3>Datos acad\u00e9micos de la tesis doctoral \u00ab<strong>Neuroqu\u00edmica de las crisis epil\u00e9pticas en el h\u00e1mster gash:sal adulto: papel del cotransportador kcc2,receptor de gabaa, \u00f3xido n\u00edtrico sintetasa y prote\u00edna pri\u00f3nica celular<\/strong>\u00ab<\/h3>\n<ul>\n<li><strong>T\u00edtulo de la tesis:<\/strong>\u00a0 Neuroqu\u00edmica de las crisis epil\u00e9pticas en el h\u00e1mster gash:sal adulto: papel del cotransportador kcc2,receptor de gabaa, \u00f3xido n\u00edtrico sintetasa y prote\u00edna pri\u00f3nica celular <\/li>\n<li><strong>Autor:<\/strong>\u00a0 Ana Isabel Prieto Mart\u00edn <\/li>\n<li><strong>Universidad:<\/strong>\u00a0 Aut\u00f3noma de Madrid<\/li>\n<li><strong>Fecha de lectura de la tesis:<\/strong>\u00a0 30\/01\/2009<\/li>\n<\/ul>\n<p>&nbsp;<\/p>\n<h3>Direcci\u00f3n y tribunal<\/h3>\n<ul>\n<li><strong>Director de la tesis<\/strong>\n<ul>\n<li>Francisco Arnalich Fern\u00e1ndez<\/li>\n<\/ul>\n<\/li>\n<li><strong>Tribunal<\/strong>\n<ul>\n<li>Presidente del tribunal: Luis felipe Pallardo sanchez <\/li>\n<li>Luis Jos\u00e9 Mu\u00f1oz de la pascua (vocal)<\/li>\n<li>Mar\u00eda  francisca Galindo anaya (vocal)<\/li>\n<li>Mar\u00eda  dolores estilita Lopez garcia (vocal)<\/li>\n<\/ul>\n<\/li>\n<\/ul>\n<p>&nbsp;<\/p>\n","protected":false},"excerpt":{"rendered":"<p>Tesis doctoral de Ana Isabel Prieto Mart\u00edn La epilepsia es una enfermedad casi tan antigua como la humanidad. Para los [&hellip;]<\/p>\n","protected":false},"author":1,"featured_media":0,"comment_status":"open","ping_status":"open","sticky":false,"template":"","format":"standard","meta":{"site-sidebar-layout":"default","site-content-layout":"","ast-site-content-layout":"","site-content-style":"default","site-sidebar-style":"default","ast-global-header-display":"","ast-banner-title-visibility":"","ast-main-header-display":"","ast-hfb-above-header-display":"","ast-hfb-below-header-display":"","ast-hfb-mobile-header-display":"","site-post-title":"","ast-breadcrumbs-content":"","ast-featured-img":"","footer-sml-layout":"","theme-transparent-header-meta":"","adv-header-id-meta":"","stick-header-meta":"","header-above-stick-meta":"","header-main-stick-meta":"","header-below-stick-meta":"","astra-migrate-meta-layouts":"default","ast-page-background-enabled":"default","ast-page-background-meta":{"desktop":{"background-color":"var(--ast-global-color-4)","background-image":"","background-repeat":"repeat","background-position":"center center","background-size":"auto","background-attachment":"scroll","background-type":"","background-media":"","overlay-type":"","overlay-color":"","overlay-gradient":""},"tablet":{"background-color":"","background-image":"","background-repeat":"repeat","background-position":"center center","background-size":"auto","background-attachment":"scroll","background-type":"","background-media":"","overlay-type":"","overlay-color":"","overlay-gradient":""},"mobile":{"background-color":"","background-image":"","background-repeat":"repeat","background-position":"center center","background-size":"auto","background-attachment":"scroll","background-type":"","background-media":"","overlay-type":"","overlay-color":"","overlay-gradient":""}},"ast-content-background-meta":{"desktop":{"background-color":"var(--ast-global-color-5)","background-image":"","background-repeat":"repeat","background-position":"center center","background-size":"auto","background-attachment":"scroll","background-type":"","background-media":"","overlay-type":"","overlay-color":"","overlay-gradient":""},"tablet":{"background-color":"var(--ast-global-color-5)","background-image":"","background-repeat":"repeat","background-position":"center center","background-size":"auto","background-attachment":"scroll","background-type":"","background-media":"","overlay-type":"","overlay-color":"","overlay-gradient":""},"mobile":{"background-color":"var(--ast-global-color-5)","background-image":"","background-repeat":"repeat","background-position":"center center","background-size":"auto","background-attachment":"scroll","background-type":"","background-media":"","overlay-type":"","overlay-color":"","overlay-gradient":""}},"footnotes":""},"categories":[139],"tags":[189513,824,14834,158479,90676,43912],"class_list":["post-91482","post","type-post","status-publish","format-standard","hentry","category-medicina-interna","tag-ana-isabel-prieto-martin","tag-francisco-arnalich-fernandez","tag-luis-felipe-pallardo-sanchez","tag-luis-jose-munoz-de-la-pascua","tag-maria-dolores-estilita-lopez-garcia","tag-maria-francisca-galindo-anaya"],"_links":{"self":[{"href":"https:\/\/www.deberes.net\/tesis\/wp-json\/wp\/v2\/posts\/91482","targetHints":{"allow":["GET"]}}],"collection":[{"href":"https:\/\/www.deberes.net\/tesis\/wp-json\/wp\/v2\/posts"}],"about":[{"href":"https:\/\/www.deberes.net\/tesis\/wp-json\/wp\/v2\/types\/post"}],"author":[{"embeddable":true,"href":"https:\/\/www.deberes.net\/tesis\/wp-json\/wp\/v2\/users\/1"}],"replies":[{"embeddable":true,"href":"https:\/\/www.deberes.net\/tesis\/wp-json\/wp\/v2\/comments?post=91482"}],"version-history":[{"count":0,"href":"https:\/\/www.deberes.net\/tesis\/wp-json\/wp\/v2\/posts\/91482\/revisions"}],"wp:attachment":[{"href":"https:\/\/www.deberes.net\/tesis\/wp-json\/wp\/v2\/media?parent=91482"}],"wp:term":[{"taxonomy":"category","embeddable":true,"href":"https:\/\/www.deberes.net\/tesis\/wp-json\/wp\/v2\/categories?post=91482"},{"taxonomy":"post_tag","embeddable":true,"href":"https:\/\/www.deberes.net\/tesis\/wp-json\/wp\/v2\/tags?post=91482"}],"curies":[{"name":"wp","href":"https:\/\/api.w.org\/{rel}","templated":true}]}}