{"id":91504,"date":"2009-03-02T00:00:00","date_gmt":"2009-03-02T00:00:00","guid":{"rendered":"https:\/\/www.deberes.net\/tesis\/sin-categoria\/la-gestion-del-tiempo-y-su-reflejo-en-el-lenguaje\/"},"modified":"2009-03-02T00:00:00","modified_gmt":"2009-03-02T00:00:00","slug":"la-gestion-del-tiempo-y-su-reflejo-en-el-lenguaje","status":"publish","type":"post","link":"https:\/\/www.deberes.net\/tesis\/lengua-y-cultura\/la-gestion-del-tiempo-y-su-reflejo-en-el-lenguaje\/","title":{"rendered":"La gesti\u00f3n del tiempo y su reflejo en el lenguaje"},"content":{"rendered":"<h2>Tesis doctoral de <strong> M\u00aa Ar\u00e1nzazu Mart\u00edn L\u00f3pez <\/strong><\/h2>\n<p>La tesis aborda el concepto de tiempo -en su sentido cronol\u00f3gico- desde una perspectiva socioling\u00ed\u00bc\u00edstica. Se trata de un trabajo de reflexi\u00f3n que invita, a su vez, a la reflexi\u00f3n de otros en torno al concepto que tenemos del tiempo en nuestra cultura.  en la primera parte se analiza el modo en que entendemos el tiempo, que se ha convertido en un bien equiparable o incluso m\u00e1s valioso que el dinero y nos genera serios problemas para conseguir su \u00f3ptima adiministraci\u00f3n. En pleno siglo xxi, a pesar del aumento de la esperanza de vida y de la existencia de avances tecnol\u00f3gicos que agilizan el desarrollo de nuestras actividades, sentimos que no somos capaces de hacer frente a las m\u00faltiples responsabilidades que se derivan de nuestros roles como padres, hijos, pareja, amigos, profesionales y estudiantes. El resultado es que acabamos siendo v\u00edctimas de la \u00abenfermedad del tiempo\u00bb, estrechamente vinculada al estr\u00e9s, con graves consecuencias tanto f\u00edsicas como mentales. la segunda parte de la tesis se centra en el modo en que el lenguaje refleja nuestra cultura de la prisa y sus contradicciones. Tras ver lo que dicen las definiciones de los diccionarios y recoger muestras del refranero y de los mensajes publicitarios, esta parte finaliza con una fraseolog\u00eda del tiempo, que es la antesala del vocabulario imprescindible del tiempo, que constituye la tercera parte del trabajo. La tesis finaliza con un interrogante final acerca de la capacidad del lenguaje de adoptar un papel m\u00e1s protagonista en relaci\u00f3n con la cultura, proponiendo su consideraci\u00f3n no ya como mero espejo de lo que ocurre a su alrededor sino como una medicina para ayudarnos a combaitir la enfermedad del tiempo.<\/p>\n<p>&nbsp;<\/p>\n<h3>Datos acad\u00e9micos de la tesis doctoral \u00ab<strong>La gesti\u00f3n del tiempo y su reflejo en el lenguaje<\/strong>\u00ab<\/h3>\n<ul>\n<li><strong>T\u00edtulo de la tesis:<\/strong>\u00a0 La gesti\u00f3n del tiempo y su reflejo en el lenguaje <\/li>\n<li><strong>Autor:<\/strong>\u00a0 M\u00aa Ar\u00e1nzazu Mart\u00edn L\u00f3pez <\/li>\n<li><strong>Universidad:<\/strong>\u00a0 Universitat de val\u00e9ncia (estudi general)<\/li>\n<li><strong>Fecha de lectura de la tesis:<\/strong>\u00a0 03\/02\/2009<\/li>\n<\/ul>\n<p>&nbsp;<\/p>\n<h3>Direcci\u00f3n y tribunal<\/h3>\n<ul>\n<li><strong>Director de la tesis<\/strong>\n<ul>\n<li>Ricard Morant Marco<\/li>\n<\/ul>\n<\/li>\n<li><strong>Tribunal<\/strong>\n<ul>\n<li>Presidente del tribunal: \u00e1ngel L\u00f3pez Garc\u00eda-molins <\/li>\n<li>carmen Gal\u00e1n rodr\u00edguez (vocal)<\/li>\n<li>Jos\u00e9 Antonio Diaz rojo (vocal)<\/li>\n<li>debra lynne Westall pixton (vocal)<\/li>\n<\/ul>\n<\/li>\n<\/ul>\n<p>&nbsp;<\/p>\n","protected":false},"excerpt":{"rendered":"<p>Tesis doctoral de M\u00aa Ar\u00e1nzazu Mart\u00edn L\u00f3pez La tesis aborda el concepto de tiempo -en su sentido cronol\u00f3gico- desde una [&hellip;]<\/p>\n","protected":false},"author":1,"featured_media":0,"comment_status":"open","ping_status":"open","sticky":false,"template":"","format":"standard","meta":{"site-sidebar-layout":"default","site-content-layout":"","ast-site-content-layout":"","site-content-style":"default","site-sidebar-style":"default","ast-global-header-display":"","ast-banner-title-visibility":"","ast-main-header-display":"","ast-hfb-above-header-display":"","ast-hfb-below-header-display":"","ast-hfb-mobile-header-display":"","site-post-title":"","ast-breadcrumbs-content":"","ast-featured-img":"","footer-sml-layout":"","theme-transparent-header-meta":"","adv-header-id-meta":"","stick-header-meta":"","header-above-stick-meta":"","header-main-stick-meta":"","header-below-stick-meta":"","astra-migrate-meta-layouts":"default","ast-page-background-enabled":"default","ast-page-background-meta":{"desktop":{"background-color":"var(--ast-global-color-4)","background-image":"","background-repeat":"repeat","background-position":"center center","background-size":"auto","background-attachment":"scroll","background-type":"","background-media":"","overlay-type":"","overlay-color":"","overlay-gradient":""},"tablet":{"background-color":"","background-image":"","background-repeat":"repeat","background-position":"center center","background-size":"auto","background-attachment":"scroll","background-type":"","background-media":"","overlay-type":"","overlay-color":"","overlay-gradient":""},"mobile":{"background-color":"","background-image":"","background-repeat":"repeat","background-position":"center center","background-size":"auto","background-attachment":"scroll","background-type":"","background-media":"","overlay-type":"","overlay-color":"","overlay-gradient":""}},"ast-content-background-meta":{"desktop":{"background-color":"var(--ast-global-color-5)","background-image":"","background-repeat":"repeat","background-position":"center center","background-size":"auto","background-attachment":"scroll","background-type":"","background-media":"","overlay-type":"","overlay-color":"","overlay-gradient":""},"tablet":{"background-color":"var(--ast-global-color-5)","background-image":"","background-repeat":"repeat","background-position":"center center","background-size":"auto","background-attachment":"scroll","background-type":"","background-media":"","overlay-type":"","overlay-color":"","overlay-gradient":""},"mobile":{"background-color":"var(--ast-global-color-5)","background-image":"","background-repeat":"repeat","background-position":"center center","background-size":"auto","background-attachment":"scroll","background-type":"","background-media":"","overlay-type":"","overlay-color":"","overlay-gradient":""}},"footnotes":""},"categories":[10615,32374,24577,8763],"tags":[43585,66854,67505,39007,189552,52401],"class_list":["post-91504","post","type-post","status-publish","format-standard","hentry","category-estres","category-estudios-de-tiempo-y-movimiento","category-evolucion-de-las-sociedades","category-lengua-y-cultura","tag-angel-lopez-garcia-molins","tag-carmen-galan-rodriguez","tag-debra-lynne-westall-pixton","tag-jose-antonio-diaz-rojo","tag-ma-aranzazu-martin-lopez","tag-ricard-morant-marco"],"_links":{"self":[{"href":"https:\/\/www.deberes.net\/tesis\/wp-json\/wp\/v2\/posts\/91504","targetHints":{"allow":["GET"]}}],"collection":[{"href":"https:\/\/www.deberes.net\/tesis\/wp-json\/wp\/v2\/posts"}],"about":[{"href":"https:\/\/www.deberes.net\/tesis\/wp-json\/wp\/v2\/types\/post"}],"author":[{"embeddable":true,"href":"https:\/\/www.deberes.net\/tesis\/wp-json\/wp\/v2\/users\/1"}],"replies":[{"embeddable":true,"href":"https:\/\/www.deberes.net\/tesis\/wp-json\/wp\/v2\/comments?post=91504"}],"version-history":[{"count":0,"href":"https:\/\/www.deberes.net\/tesis\/wp-json\/wp\/v2\/posts\/91504\/revisions"}],"wp:attachment":[{"href":"https:\/\/www.deberes.net\/tesis\/wp-json\/wp\/v2\/media?parent=91504"}],"wp:term":[{"taxonomy":"category","embeddable":true,"href":"https:\/\/www.deberes.net\/tesis\/wp-json\/wp\/v2\/categories?post=91504"},{"taxonomy":"post_tag","embeddable":true,"href":"https:\/\/www.deberes.net\/tesis\/wp-json\/wp\/v2\/tags?post=91504"}],"curies":[{"name":"wp","href":"https:\/\/api.w.org\/{rel}","templated":true}]}}