{"id":91516,"date":"2009-05-02T00:00:00","date_gmt":"2009-05-02T00:00:00","guid":{"rendered":"https:\/\/www.deberes.net\/tesis\/sin-categoria\/estado-de-salud-y-funcionalidad-en-personas-mayores-de-65-anos\/"},"modified":"2009-05-02T00:00:00","modified_gmt":"2009-05-02T00:00:00","slug":"estado-de-salud-y-funcionalidad-en-personas-mayores-de-65-anos","status":"publish","type":"post","link":"https:\/\/www.deberes.net\/tesis\/fisioterapia\/estado-de-salud-y-funcionalidad-en-personas-mayores-de-65-anos\/","title":{"rendered":"Estado de salud y funcionalidad en personas mayores de 65 a\u00f1os"},"content":{"rendered":"<h2>Tesis doctoral de <strong> Martha Cecilia Le\u00f3n Garz\u00f3n <\/strong><\/h2>\n<p>Este estudio se dirige a identificar aspectos sociodemogr\u00e1ficos, y del estado de salud y funcional , y su relaci\u00f3n con el riesgo de ca\u00eddas, de un grupo de personas mayores de 65 a\u00f1os. la muestra estuvo constituida por 200 personas mayores que asisten a centros de d\u00eda (116) y que viven en residencias (84) del municipio de murcia. De ellos, 136 son mujeres y 64 hombres, con edad media de 74,38 a\u00f1os (dt: 7,194), la evaluaci\u00f3n se llev\u00f3 a cabo mediante: aspectos sociodemogr\u00e1ficos y de salud (cuestionario elaborado para el estudio), depresi\u00f3n (inventario de depresi\u00f3n de beck), ansiedad (hamilton), estado cognitivo (minimental de barcelona), actividades b\u00e1sicas de la vida diaria (escala de barthel), actividades instrumentales de la vida diaria (escala de lawton), marcha y equilibrio (cuestionario de tinetti), ca\u00eddas (cuestionario de la oms para el estudio de las ca\u00eddas en personas mayores), riesgo de ca\u00eddas (valoraci\u00f3n del riesgo de ca\u00eddas [get up and go]), y calidad de vida (sf36). los resultados muestran que m\u00e1s del 50% de las personas mayores mantienen un buen estado de salud y funcional. Los problemas de salud m\u00e1s frecuentes son los problemas de visi\u00f3n (66%), la hipertensi\u00f3n arterial (38%), el estre\u00f1imiento (28%), la diabetes (26%), la incontinencia urinaria (11,5%), y los accidentes cerebro vasculares (10,5%). No existiendo problemas de depresi\u00f3n, de ansiedad, de deterioro cognitivo, dependencia en las actividades b\u00e1sicas e instrumentales de la vida diaria, alteraciones de la marcha y el equilibrio y riesgo de ca\u00eddas, ya que las puntuaciones medias en est\u00e1n cercanas a los valores normativos. si se encontr\u00f3 alto porcentaje de ca\u00eddas (71%) en el \u00faltimo a\u00f1o, mayor en las residencias (96,43%) que en los centros de d\u00eda (52,59%) el riesgo de ca\u00eddas est\u00e1 relacionado con la dependencia para realizar actividades instrumentales y b\u00e1sicas de la vida diaria, y con las alteraciones cognitivas, y no se relaciona con la depresi\u00f3n, la ansiedad, las ca\u00eddas, ni la marcha y el equilibrio, resultado esperado por la ausencia de alteraciones en estos \u00e1mbitos.. la autopercepci\u00f3n de la salud y la calidad de vida es mejor en las personas de los centros d\u00eda que en las de las residencias, ya que existen diferencias significativas en los ocho estadios del sf36: funci\u00f3n f\u00edsica (p=0,000), rol f\u00edsico (p=0,000), dolor corporal (p=0,000), salud general (p=0,000), vitalidad (p=0,002), funci\u00f3n social (p= 0,000), rol emocional (p=0,000), y salud mental (p=0,009). en el perfil de usuarios de centros de d\u00eda y residencias, destaca que los primeros manifiestan mejor autopercepci\u00f3n de la salud y calidad de vida, y han sufrido menos n\u00famero de ca\u00eddas en el \u00faltimo a\u00f1o. Ante estos hallazgos, se muestra necesario implementar programas de promoci\u00f3n y de la salud, espec\u00edficamente hacia la optimizaci\u00f3n de la calidad de vida en las residencias para personas mayores del municipio de murcia.<\/p>\n<p>&nbsp;<\/p>\n<h3>Datos acad\u00e9micos de la tesis doctoral \u00ab<strong>Estado de salud y funcionalidad en personas mayores de 65 a\u00f1os<\/strong>\u00ab<\/h3>\n<ul>\n<li><strong>T\u00edtulo de la tesis:<\/strong>\u00a0 Estado de salud y funcionalidad en personas mayores de 65 a\u00f1os <\/li>\n<li><strong>Autor:<\/strong>\u00a0 Martha Cecilia Le\u00f3n Garz\u00f3n <\/li>\n<li><strong>Universidad:<\/strong>\u00a0 Murcia<\/li>\n<li><strong>Fecha de lectura de la tesis:<\/strong>\u00a0 05\/02\/2009<\/li>\n<\/ul>\n<p>&nbsp;<\/p>\n<h3>Direcci\u00f3n y tribunal<\/h3>\n<ul>\n<li><strong>Director de la tesis<\/strong>\n<ul>\n<li>Aurelio Luna Maldonado<\/li>\n<\/ul>\n<\/li>\n<li><strong>Tribunal<\/strong>\n<ul>\n<li>Presidente del tribunal: Mar\u00eda  dolores Perez carceles <\/li>\n<li>celedonia Igual camacho (vocal)<\/li>\n<li>ramon Fernandez cervantes (vocal)<\/li>\n<li>Jos\u00e9 Miguel Tricas moreno (vocal)<\/li>\n<\/ul>\n<\/li>\n<\/ul>\n<p>&nbsp;<\/p>\n","protected":false},"excerpt":{"rendered":"<p>Tesis doctoral de Martha Cecilia Le\u00f3n Garz\u00f3n Este estudio se dirige a identificar aspectos sociodemogr\u00e1ficos, y del estado de salud [&hellip;]<\/p>\n","protected":false},"author":1,"featured_media":0,"comment_status":"open","ping_status":"open","sticky":false,"template":"","format":"standard","meta":{"site-sidebar-layout":"default","site-content-layout":"","ast-site-content-layout":"","site-content-style":"default","site-sidebar-style":"default","ast-global-header-display":"","ast-banner-title-visibility":"","ast-main-header-display":"","ast-hfb-above-header-display":"","ast-hfb-below-header-display":"","ast-hfb-mobile-header-display":"","site-post-title":"","ast-breadcrumbs-content":"","ast-featured-img":"","footer-sml-layout":"","theme-transparent-header-meta":"","adv-header-id-meta":"","stick-header-meta":"","header-above-stick-meta":"","header-main-stick-meta":"","header-below-stick-meta":"","astra-migrate-meta-layouts":"default","ast-page-background-enabled":"default","ast-page-background-meta":{"desktop":{"background-color":"var(--ast-global-color-4)","background-image":"","background-repeat":"repeat","background-position":"center center","background-size":"auto","background-attachment":"scroll","background-type":"","background-media":"","overlay-type":"","overlay-color":"","overlay-gradient":""},"tablet":{"background-color":"","background-image":"","background-repeat":"repeat","background-position":"center center","background-size":"auto","background-attachment":"scroll","background-type":"","background-media":"","overlay-type":"","overlay-color":"","overlay-gradient":""},"mobile":{"background-color":"","background-image":"","background-repeat":"repeat","background-position":"center center","background-size":"auto","background-attachment":"scroll","background-type":"","background-media":"","overlay-type":"","overlay-color":"","overlay-gradient":""}},"ast-content-background-meta":{"desktop":{"background-color":"var(--ast-global-color-5)","background-image":"","background-repeat":"repeat","background-position":"center center","background-size":"auto","background-attachment":"scroll","background-type":"","background-media":"","overlay-type":"","overlay-color":"","overlay-gradient":""},"tablet":{"background-color":"var(--ast-global-color-5)","background-image":"","background-repeat":"repeat","background-position":"center center","background-size":"auto","background-attachment":"scroll","background-type":"","background-media":"","overlay-type":"","overlay-color":"","overlay-gradient":""},"mobile":{"background-color":"var(--ast-global-color-5)","background-image":"","background-repeat":"repeat","background-position":"center center","background-size":"auto","background-attachment":"scroll","background-type":"","background-media":"","overlay-type":"","overlay-color":"","overlay-gradient":""}},"footnotes":""},"categories":[2383,8235],"tags":[3274,125545,145510,42642,189567,148652],"class_list":["post-91516","post","type-post","status-publish","format-standard","hentry","category-fisioterapia","category-murcia","tag-aurelio-luna-maldonado","tag-celedonia-igual-camacho","tag-jose-miguel-tricas-moreno","tag-maria-dolores-perez-carceles","tag-martha-cecilia-leon-garzon","tag-ramon-fernandez-cervantes"],"_links":{"self":[{"href":"https:\/\/www.deberes.net\/tesis\/wp-json\/wp\/v2\/posts\/91516","targetHints":{"allow":["GET"]}}],"collection":[{"href":"https:\/\/www.deberes.net\/tesis\/wp-json\/wp\/v2\/posts"}],"about":[{"href":"https:\/\/www.deberes.net\/tesis\/wp-json\/wp\/v2\/types\/post"}],"author":[{"embeddable":true,"href":"https:\/\/www.deberes.net\/tesis\/wp-json\/wp\/v2\/users\/1"}],"replies":[{"embeddable":true,"href":"https:\/\/www.deberes.net\/tesis\/wp-json\/wp\/v2\/comments?post=91516"}],"version-history":[{"count":0,"href":"https:\/\/www.deberes.net\/tesis\/wp-json\/wp\/v2\/posts\/91516\/revisions"}],"wp:attachment":[{"href":"https:\/\/www.deberes.net\/tesis\/wp-json\/wp\/v2\/media?parent=91516"}],"wp:term":[{"taxonomy":"category","embeddable":true,"href":"https:\/\/www.deberes.net\/tesis\/wp-json\/wp\/v2\/categories?post=91516"},{"taxonomy":"post_tag","embeddable":true,"href":"https:\/\/www.deberes.net\/tesis\/wp-json\/wp\/v2\/tags?post=91516"}],"curies":[{"name":"wp","href":"https:\/\/api.w.org\/{rel}","templated":true}]}}