{"id":91562,"date":"2009-06-02T00:00:00","date_gmt":"2009-06-02T00:00:00","guid":{"rendered":"https:\/\/www.deberes.net\/tesis\/sin-categoria\/la-dimision-provocada-estudio-sistematico-del-arta%c2%adculo-50-del-estatuto-de-los-trabajadores\/"},"modified":"2009-06-02T00:00:00","modified_gmt":"2009-06-02T00:00:00","slug":"la-dimision-provocada-estudio-sistematico-del-arta%c2%adculo-50-del-estatuto-de-los-trabajadores","status":"publish","type":"post","link":"https:\/\/www.deberes.net\/tesis\/derecho-del-trabajo-y-de-la-seguridad-social\/la-dimision-provocada-estudio-sistematico-del-arta%c2%adculo-50-del-estatuto-de-los-trabajadores\/","title":{"rendered":"La dimisi\u00f3n provocada: estudio sistem\u00e1tico del art\u00edculo 50 del estatuto de los trabajadores"},"content":{"rendered":"<h2>Tesis doctoral de <strong> Rosa Mar\u00eda Gonz\u00e1lez De Patto <\/strong><\/h2>\n<p>El objeto de la tesis es el estudio del r\u00e9gimen jur\u00eddico de la instituci\u00f3n extintiva ex art. 50 del estatuto de los trabajadores, desde una doble orientaci\u00f3n t\u00e9cnico-jur\u00eddica y funcional, abordado mediante un an\u00e1lisis totalizador y transversal de su triple vertiente: causal, procedimental y resarcitoria, con el propr\u00f3sito de efectuar una revisi\u00f3n sistem\u00e1tica y actualizada de la misma en relaci\u00f3n con la nueva realidad social en la que incide y, sobre todo, a los nuevos retos a los que se enfrenta.       el renovado protagonismo de la dimisi\u00f3n causal por incumplimiento empresarial a base, por un lado, de su emergencia en la pr\u00e1ctica forense como t\u00e9cnica de tutela jur\u00eddico-laboral frente a supuestos de afectaci\u00f3n de derechos fundamentales de la personalidad del trabajador y, por otro lado, de la honda mutaci\u00f3n que experimenta en contexto de crisis de empresa formalizadas en concurso -en contraste con su din\u00e1mica en crisis de empresa extraconcursales- han conferido un particular sesgo a la investigaci\u00f3n realizada.  por ello, la autora, se centra en la dimensi\u00f3n constitucional del art. 50 let y aborda los puntos cr\u00edticos sustantivos y procesales de la instituci\u00f3n resolutoria laboral, sus carencias estructurales y disfunciones aplicativas y explora todas las posibilidades que lege data ofrece el ordenamiento jur\u00eddico, v\u00eda interpretativa, y las t\u00e9cnicas que, lege ferenda, resultan precisas, para su adaptaci\u00f3n a los requerimientos jur\u00eddico-constitucionales garantistas de tutela efectiva de los derechos del trabajador concernidos por conductas resultado del ejercicio antijur\u00eddico de los poderes empresariales independientemente de que sean o no inducidos por necesidades de funcionamiento de la empresa.  la obra aporta una novedosa y fundamentada propuesta de reconstrucci\u00f3n interpretativa, en l\u00f3gica constitucional, del art. 50 del estatuto de los trabajadores a la luz de nuevas orientaciones dogm\u00e1ticas y metodol\u00f3gicas, as\u00ed como de un exhaustivo tratamiento de las m\u00e1s recientes reformas legislativas, comunitarias y estatales, y de la jurisprudencia constitucional y unificada relativas a la materia.<\/p>\n<p>&nbsp;<\/p>\n<h3>Datos acad\u00e9micos de la tesis doctoral \u00ab<strong>La dimisi\u00f3n provocada: estudio sistem\u00e1tico del art\u00edculo 50 del estatuto de los trabajadores<\/strong>\u00ab<\/h3>\n<ul>\n<li><strong>T\u00edtulo de la tesis:<\/strong>\u00a0 La dimisi\u00f3n provocada: estudio sistem\u00e1tico del art\u00edculo 50 del estatuto de los trabajadores <\/li>\n<li><strong>Autor:<\/strong>\u00a0 Rosa Mar\u00eda Gonz\u00e1lez De Patto <\/li>\n<li><strong>Universidad:<\/strong>\u00a0 Granada<\/li>\n<li><strong>Fecha de lectura de la tesis:<\/strong>\u00a0 06\/02\/2009<\/li>\n<\/ul>\n<p>&nbsp;<\/p>\n<h3>Direcci\u00f3n y tribunal<\/h3>\n<ul>\n<li><strong>Director de la tesis<\/strong>\n<ul>\n<li>Jos\u00e9 Luis Monereo Perez<\/li>\n<\/ul>\n<\/li>\n<li><strong>Tribunal<\/strong>\n<ul>\n<li>Presidente del tribunal: jose Vida soria <\/li>\n<li>Antonio Baylos grau (vocal)<\/li>\n<li>Fernando Vald\u00e9s dal-r\u00e9 (vocal)<\/li>\n<li>Juan Garc\u00eda blasco (vocal)<\/li>\n<\/ul>\n<\/li>\n<\/ul>\n<p>&nbsp;<\/p>\n","protected":false},"excerpt":{"rendered":"<p>Tesis doctoral de Rosa Mar\u00eda Gonz\u00e1lez De Patto El objeto de la tesis es el estudio del r\u00e9gimen jur\u00eddico de [&hellip;]<\/p>\n","protected":false},"author":1,"featured_media":0,"comment_status":"open","ping_status":"open","sticky":false,"template":"","format":"standard","meta":{"site-sidebar-layout":"default","site-content-layout":"","ast-site-content-layout":"","site-content-style":"default","site-sidebar-style":"default","ast-global-header-display":"","ast-banner-title-visibility":"","ast-main-header-display":"","ast-hfb-above-header-display":"","ast-hfb-below-header-display":"","ast-hfb-mobile-header-display":"","site-post-title":"","ast-breadcrumbs-content":"","ast-featured-img":"","footer-sml-layout":"","theme-transparent-header-meta":"","adv-header-id-meta":"","stick-header-meta":"","header-above-stick-meta":"","header-main-stick-meta":"","header-below-stick-meta":"","astra-migrate-meta-layouts":"default","ast-page-background-enabled":"default","ast-page-background-meta":{"desktop":{"background-color":"var(--ast-global-color-4)","background-image":"","background-repeat":"repeat","background-position":"center center","background-size":"auto","background-attachment":"scroll","background-type":"","background-media":"","overlay-type":"","overlay-color":"","overlay-gradient":""},"tablet":{"background-color":"","background-image":"","background-repeat":"repeat","background-position":"center center","background-size":"auto","background-attachment":"scroll","background-type":"","background-media":"","overlay-type":"","overlay-color":"","overlay-gradient":""},"mobile":{"background-color":"","background-image":"","background-repeat":"repeat","background-position":"center center","background-size":"auto","background-attachment":"scroll","background-type":"","background-media":"","overlay-type":"","overlay-color":"","overlay-gradient":""}},"ast-content-background-meta":{"desktop":{"background-color":"var(--ast-global-color-5)","background-image":"","background-repeat":"repeat","background-position":"center center","background-size":"auto","background-attachment":"scroll","background-type":"","background-media":"","overlay-type":"","overlay-color":"","overlay-gradient":""},"tablet":{"background-color":"var(--ast-global-color-5)","background-image":"","background-repeat":"repeat","background-position":"center center","background-size":"auto","background-attachment":"scroll","background-type":"","background-media":"","overlay-type":"","overlay-color":"","overlay-gradient":""},"mobile":{"background-color":"var(--ast-global-color-5)","background-image":"","background-repeat":"repeat","background-position":"center center","background-size":"auto","background-attachment":"scroll","background-type":"","background-media":"","overlay-type":"","overlay-color":"","overlay-gradient":""}},"footnotes":""},"categories":[2170],"tags":[18714,4718,28783,3700,28782,189652],"class_list":["post-91562","post","type-post","status-publish","format-standard","hentry","category-derecho-del-trabajo-y-de-la-seguridad-social","tag-antonio-baylos-grau","tag-fernando-valdes-dal-re","tag-jose-luis-monereo-perez","tag-jose-vida-soria","tag-juan-garcia-blasco","tag-rosa-maria-gonzalez-de-patto"],"_links":{"self":[{"href":"https:\/\/www.deberes.net\/tesis\/wp-json\/wp\/v2\/posts\/91562","targetHints":{"allow":["GET"]}}],"collection":[{"href":"https:\/\/www.deberes.net\/tesis\/wp-json\/wp\/v2\/posts"}],"about":[{"href":"https:\/\/www.deberes.net\/tesis\/wp-json\/wp\/v2\/types\/post"}],"author":[{"embeddable":true,"href":"https:\/\/www.deberes.net\/tesis\/wp-json\/wp\/v2\/users\/1"}],"replies":[{"embeddable":true,"href":"https:\/\/www.deberes.net\/tesis\/wp-json\/wp\/v2\/comments?post=91562"}],"version-history":[{"count":0,"href":"https:\/\/www.deberes.net\/tesis\/wp-json\/wp\/v2\/posts\/91562\/revisions"}],"wp:attachment":[{"href":"https:\/\/www.deberes.net\/tesis\/wp-json\/wp\/v2\/media?parent=91562"}],"wp:term":[{"taxonomy":"category","embeddable":true,"href":"https:\/\/www.deberes.net\/tesis\/wp-json\/wp\/v2\/categories?post=91562"},{"taxonomy":"post_tag","embeddable":true,"href":"https:\/\/www.deberes.net\/tesis\/wp-json\/wp\/v2\/tags?post=91562"}],"curies":[{"name":"wp","href":"https:\/\/api.w.org\/{rel}","templated":true}]}}