{"id":91597,"date":"2009-09-02T00:00:00","date_gmt":"2009-09-02T00:00:00","guid":{"rendered":"https:\/\/www.deberes.net\/tesis\/sin-categoria\/modernidad-atemporal\/"},"modified":"2009-09-02T00:00:00","modified_gmt":"2009-09-02T00:00:00","slug":"modernidad-atemporal","status":"publish","type":"post","link":"https:\/\/www.deberes.net\/tesis\/arquitectura\/modernidad-atemporal\/","title":{"rendered":"Modernidad atemporal"},"content":{"rendered":"<h2>Tesis doctoral de <strong> Alberto Garc\u00eda-burgos Vijande <\/strong><\/h2>\n<p>El objetivo inicial fue una re-definici\u00f3n del clasicismo en arquitectura, al sospechar de su identificaci\u00f3n con los \u00f3rdenes griegos y romanos. Es distinto lo que ocurre en las dem\u00e1s artes, donde se califica de cl\u00e1sico aquello que hace referencia a lo universal, sustancial, atemporal. se re-define los conceptos de clasicismo y modernidad, criticando obras com\u00fanmente aceptadas como can\u00f3nicas al respecto, y muy especialmente las de summerson y hitchcock.  a trav\u00e9s del pensamiento y de la obra de alejandro de la sota, se tratar de definir una modernidad atemporal como concepto capaz de resumir toda una opci\u00f3n de la arquitectura.   clasicismo modernidad atemporalidad alejandro de la sota estilo internacional arquitectura cl\u00e1sica intemporal summerson hitchcock<\/p>\n<p>&nbsp;<\/p>\n<h3>Datos acad\u00e9micos de la tesis doctoral \u00ab<strong>Modernidad atemporal<\/strong>\u00ab<\/h3>\n<ul>\n<li><strong>T\u00edtulo de la tesis:<\/strong>\u00a0 Modernidad atemporal <\/li>\n<li><strong>Autor:<\/strong>\u00a0 Alberto Garc\u00eda-burgos Vijande <\/li>\n<li><strong>Universidad:<\/strong>\u00a0 Polit\u00e9cnica de Valencia<\/li>\n<li><strong>Fecha de lectura de la tesis:<\/strong>\u00a0 09\/02\/2009<\/li>\n<\/ul>\n<p>&nbsp;<\/p>\n<h3>Direcci\u00f3n y tribunal<\/h3>\n<ul>\n<li><strong>Director de la tesis<\/strong>\n<ul>\n<li>Vicente Mas Llorens<\/li>\n<\/ul>\n<\/li>\n<li><strong>Tribunal<\/strong>\n<ul>\n<li>Presidente del tribunal: ignacio Bosch reig <\/li>\n<li>ignacio Vicens hualde (vocal)<\/li>\n<li>Alberto Campo baeza (vocal)<\/li>\n<li>Juan  Miguel Ochotorena elizegui (vocal)<\/li>\n<\/ul>\n<\/li>\n<\/ul>\n<p>&nbsp;<\/p>\n","protected":false},"excerpt":{"rendered":"<p>Tesis doctoral de Alberto Garc\u00eda-burgos Vijande El objetivo inicial fue una re-definici\u00f3n del clasicismo en arquitectura, al sospechar de su [&hellip;]<\/p>\n","protected":false},"author":1,"featured_media":0,"comment_status":"open","ping_status":"open","sticky":false,"template":"","format":"standard","meta":{"site-sidebar-layout":"default","site-content-layout":"","ast-site-content-layout":"","site-content-style":"default","site-sidebar-style":"default","ast-global-header-display":"","ast-banner-title-visibility":"","ast-main-header-display":"","ast-hfb-above-header-display":"","ast-hfb-below-header-display":"","ast-hfb-mobile-header-display":"","site-post-title":"","ast-breadcrumbs-content":"","ast-featured-img":"","footer-sml-layout":"","theme-transparent-header-meta":"","adv-header-id-meta":"","stick-header-meta":"","header-above-stick-meta":"","header-main-stick-meta":"","header-below-stick-meta":"","astra-migrate-meta-layouts":"default","ast-page-background-enabled":"default","ast-page-background-meta":{"desktop":{"background-color":"var(--ast-global-color-4)","background-image":"","background-repeat":"repeat","background-position":"center center","background-size":"auto","background-attachment":"scroll","background-type":"","background-media":"","overlay-type":"","overlay-color":"","overlay-gradient":""},"tablet":{"background-color":"","background-image":"","background-repeat":"repeat","background-position":"center center","background-size":"auto","background-attachment":"scroll","background-type":"","background-media":"","overlay-type":"","overlay-color":"","overlay-gradient":""},"mobile":{"background-color":"","background-image":"","background-repeat":"repeat","background-position":"center center","background-size":"auto","background-attachment":"scroll","background-type":"","background-media":"","overlay-type":"","overlay-color":"","overlay-gradient":""}},"ast-content-background-meta":{"desktop":{"background-color":"var(--ast-global-color-5)","background-image":"","background-repeat":"repeat","background-position":"center center","background-size":"auto","background-attachment":"scroll","background-type":"","background-media":"","overlay-type":"","overlay-color":"","overlay-gradient":""},"tablet":{"background-color":"var(--ast-global-color-5)","background-image":"","background-repeat":"repeat","background-position":"center center","background-size":"auto","background-attachment":"scroll","background-type":"","background-media":"","overlay-type":"","overlay-color":"","overlay-gradient":""},"mobile":{"background-color":"var(--ast-global-color-5)","background-image":"","background-repeat":"repeat","background-position":"center center","background-size":"auto","background-attachment":"scroll","background-type":"","background-media":"","overlay-type":"","overlay-color":"","overlay-gradient":""}},"footnotes":""},"categories":[4509,16820],"tags":[30585,189722,61999,30586,16362,16853],"class_list":["post-91597","post","type-post","status-publish","format-standard","hentry","category-arquitectura","category-politecnica-de-valencia","tag-alberto-campo-baeza","tag-alberto-garcia-burgos-vijande","tag-ignacio-bosch-reig","tag-ignacio-vicens-hualde","tag-juan-miguel-ochotorena-elizegui","tag-vicente-mas-llorens"],"_links":{"self":[{"href":"https:\/\/www.deberes.net\/tesis\/wp-json\/wp\/v2\/posts\/91597","targetHints":{"allow":["GET"]}}],"collection":[{"href":"https:\/\/www.deberes.net\/tesis\/wp-json\/wp\/v2\/posts"}],"about":[{"href":"https:\/\/www.deberes.net\/tesis\/wp-json\/wp\/v2\/types\/post"}],"author":[{"embeddable":true,"href":"https:\/\/www.deberes.net\/tesis\/wp-json\/wp\/v2\/users\/1"}],"replies":[{"embeddable":true,"href":"https:\/\/www.deberes.net\/tesis\/wp-json\/wp\/v2\/comments?post=91597"}],"version-history":[{"count":0,"href":"https:\/\/www.deberes.net\/tesis\/wp-json\/wp\/v2\/posts\/91597\/revisions"}],"wp:attachment":[{"href":"https:\/\/www.deberes.net\/tesis\/wp-json\/wp\/v2\/media?parent=91597"}],"wp:term":[{"taxonomy":"category","embeddable":true,"href":"https:\/\/www.deberes.net\/tesis\/wp-json\/wp\/v2\/categories?post=91597"},{"taxonomy":"post_tag","embeddable":true,"href":"https:\/\/www.deberes.net\/tesis\/wp-json\/wp\/v2\/tags?post=91597"}],"curies":[{"name":"wp","href":"https:\/\/api.w.org\/{rel}","templated":true}]}}