{"id":91619,"date":"2009-11-02T00:00:00","date_gmt":"2009-11-02T00:00:00","guid":{"rendered":"https:\/\/www.deberes.net\/tesis\/sin-categoria\/estabilidad-en-el-sellado-marginal-de-adhesivos-de-una-botella-en-cavidades-clase-v-vs-clase-i-bajo-la-simulacion-de-fluido-dentinario\/"},"modified":"2009-11-02T00:00:00","modified_gmt":"2009-11-02T00:00:00","slug":"estabilidad-en-el-sellado-marginal-de-adhesivos-de-una-botella-en-cavidades-clase-v-vs-clase-i-bajo-la-simulacion-de-fluido-dentinario","status":"publish","type":"post","link":"https:\/\/www.deberes.net\/tesis\/estomatologia-y-ortodoncia\/estabilidad-en-el-sellado-marginal-de-adhesivos-de-una-botella-en-cavidades-clase-v-vs-clase-i-bajo-la-simulacion-de-fluido-dentinario\/","title":{"rendered":"Estabilidad en el sellado marginal de adhesivos de una botella, en cavidades clase v vs. clase i, bajo la simulaci\u00f3n de fluido dentinario"},"content":{"rendered":"<h2>Tesis doctoral de <strong> Juan  Ricardo Mayoral Molina <\/strong><\/h2>\n<p>Objetivos: el prop\u00f3sito de \u00e9ste estudio in vitro es estudiar la influencia de dos diferentes factores de configuraci\u00f3n cavitaria (factor-c) en la estabilidad marginal de adhesivos muy recientes de una sola botella de \u00abgrabado y lavado\u00bb y \u00abauto-grabantes\u00bb en cavidades clase v vs clase i, antes y despu\u00e9s de la aplicaci\u00f3n de cargas termo-mec\u00e1nicas bajo la simulaci\u00f3n de fluido pulpar. m\u00e9todo: cuarenta molares humanos superiores fueron seleccionados y asignados al azar a cinco equitativos grupos experimentales : one coat 7.0 (1), xeno v (2), xp bond (3), peak lc bond (4), optibond fl (grupo control). La presi\u00f3n intrapulpar con suero diluido de caballo fue mantenida durante la preparaci\u00f3n, colocaci\u00f3n de las restauraciones, acabado y tensionado. Cavidades clase i estandarizadas fueron preparadas en la superficie oclusal y cavidades clase v en forma de \u00abv\u00bb en la superficie vestibular de cada diente. La mitad de los m\u00e1rgenes de las restauraciones de las cavidades clase v fueron ubicados en esmalte y la mitad en dentina. Los sistemas adhesivos fueron aplicados siguiendo las recomendaciones de los fabricantes y todas las cavidades fueron restauradas utilizando un composite nano-hybrido (t\u00e9tric evoceram). Ambos adhesivos y composite fueron foto-polimerizado utilizando una unidad led (l.E.Demetron ii). Los dientes restaurados fueron sometidos a cargas termo-mec\u00e1nicas por 10 dias en una m\u00e1quina simuladora de masticaci\u00f3n controlada por ordenador con 1.2 millones de ciclos mec\u00e1nicos oclusales (fuerza m\u00e1xima 49 n; frecuencia 1.7 hz) y simult\u00e1neamente con 3000 ciclos t\u00e9rmicos (5-50-5\u00c2\u00b0c). Se realizaron impresiones de cada restauraci\u00f3n antes y despu\u00e9s de la aplicaci\u00f3n de cargas con un material de polyvinylslloxano. Replicas de resina epoxi cubiertas en oro fueron preparadas para el an\u00e1lisis en sem a una magnificaci\u00f3n de 200x. resultados: diferencias significativas entre materiales fueron encontradas antes y despu\u00e9s de la aplicaci\u00f3n de cargas termo-mec\u00e1nicas (kruskal-wallis, bonferroni, p<0.05). Diferencias significativas fueron tambi\u00e9n encontradas entre las restauraciones clase i y clase v (wilcoxon matched-pairs signed-rank test, p<0.05). Incluso antes de la aplicaci\u00f3n de cargas termo-mec\u00e1nicas, ninguno de los grupos tuvo 100% de m\u00e1rgenes continuos. significaci\u00f3n: la estabilidad del sellado marginal de los adhesivos recientes de una sola botella de \"grabado y lavado\" y \"auto-grabantes\" es significativamente diferente y susceptible a la configuraci\u00f3n cavitaria. palabras clave: adaptaci\u00f3n marginal, dentina, esmalte, factor-c, adhesivos dentales, presi\u00f3n pulpar.\n\n\n\n&nbsp;\n\n\n<h3>Datos acad\u00e9micos de la tesis doctoral \u00ab<strong>Estabilidad en el sellado marginal de adhesivos de una botella, en cavidades clase v vs. clase i, bajo la simulaci\u00f3n de fluido dentinario<\/strong>\u00ab<\/h3>\n<ul>\n<li><strong>T\u00edtulo de la tesis:<\/strong>\u00a0 Estabilidad en el sellado marginal de adhesivos de una botella, en cavidades clase v vs. clase i, bajo la simulaci\u00f3n de fluido dentinario <\/li>\n<li><strong>Autor:<\/strong>\u00a0 Juan  Ricardo Mayoral Molina <\/li>\n<li><strong>Universidad:<\/strong>\u00a0 Internacional de catalunya<\/li>\n<li><strong>Fecha de lectura de la tesis:<\/strong>\u00a0 11\/02\/2009<\/li>\n<\/ul>\n<p>&nbsp;<\/p>\n<h3>Direcci\u00f3n y tribunal<\/h3>\n<ul>\n<li><strong>Director de la tesis<\/strong>\n<ul>\n<li>Ivo Kreijci<\/li>\n<\/ul>\n<\/li>\n<li><strong>Tribunal<\/strong>\n<ul>\n<li>Presidente del tribunal: miquel Cortada colomer <\/li>\n<li>lLuis Giner tarrida (vocal)<\/li>\n<li>jaume Llopis perez (vocal)<\/li>\n<li>tissiana Bortoloto (vocal)<\/li>\n<\/ul>\n<\/li>\n<\/ul>\n<p>&nbsp;<\/p>\n","protected":false},"excerpt":{"rendered":"<p>Tesis doctoral de Juan Ricardo Mayoral Molina Objetivos: el prop\u00f3sito de \u00e9ste estudio in vitro es estudiar la influencia de [&hellip;]<\/p>\n","protected":false},"author":1,"featured_media":0,"comment_status":"open","ping_status":"open","sticky":false,"template":"","format":"standard","meta":{"site-sidebar-layout":"default","site-content-layout":"","ast-site-content-layout":"","site-content-style":"default","site-sidebar-style":"default","ast-global-header-display":"","ast-banner-title-visibility":"","ast-main-header-display":"","ast-hfb-above-header-display":"","ast-hfb-below-header-display":"","ast-hfb-mobile-header-display":"","site-post-title":"","ast-breadcrumbs-content":"","ast-featured-img":"","footer-sml-layout":"","theme-transparent-header-meta":"","adv-header-id-meta":"","stick-header-meta":"","header-above-stick-meta":"","header-main-stick-meta":"","header-below-stick-meta":"","astra-migrate-meta-layouts":"default","ast-page-background-enabled":"default","ast-page-background-meta":{"desktop":{"background-color":"var(--ast-global-color-4)","background-image":"","background-repeat":"repeat","background-position":"center center","background-size":"auto","background-attachment":"scroll","background-type":"","background-media":"","overlay-type":"","overlay-color":"","overlay-gradient":""},"tablet":{"background-color":"","background-image":"","background-repeat":"repeat","background-position":"center center","background-size":"auto","background-attachment":"scroll","background-type":"","background-media":"","overlay-type":"","overlay-color":"","overlay-gradient":""},"mobile":{"background-color":"","background-image":"","background-repeat":"repeat","background-position":"center center","background-size":"auto","background-attachment":"scroll","background-type":"","background-media":"","overlay-type":"","overlay-color":"","overlay-gradient":""}},"ast-content-background-meta":{"desktop":{"background-color":"var(--ast-global-color-5)","background-image":"","background-repeat":"repeat","background-position":"center center","background-size":"auto","background-attachment":"scroll","background-type":"","background-media":"","overlay-type":"","overlay-color":"","overlay-gradient":""},"tablet":{"background-color":"var(--ast-global-color-5)","background-image":"","background-repeat":"repeat","background-position":"center center","background-size":"auto","background-attachment":"scroll","background-type":"","background-media":"","overlay-type":"","overlay-color":"","overlay-gradient":""},"mobile":{"background-color":"var(--ast-global-color-5)","background-image":"","background-repeat":"repeat","background-position":"center center","background-size":"auto","background-attachment":"scroll","background-type":"","background-media":"","overlay-type":"","overlay-color":"","overlay-gradient":""}},"footnotes":""},"categories":[140,40818],"tags":[189749,46479,189748,40820,40821,189750],"class_list":["post-91619","post","type-post","status-publish","format-standard","hentry","category-estomatologia-y-ortodoncia","category-internacional-de-catalunya","tag-ivo-kreijci","tag-jaume-llopis-perez","tag-juan-ricardo-mayoral-molina","tag-lluis-giner-tarrida","tag-miquel-cortada-colomer","tag-tissiana-bortoloto"],"_links":{"self":[{"href":"https:\/\/www.deberes.net\/tesis\/wp-json\/wp\/v2\/posts\/91619","targetHints":{"allow":["GET"]}}],"collection":[{"href":"https:\/\/www.deberes.net\/tesis\/wp-json\/wp\/v2\/posts"}],"about":[{"href":"https:\/\/www.deberes.net\/tesis\/wp-json\/wp\/v2\/types\/post"}],"author":[{"embeddable":true,"href":"https:\/\/www.deberes.net\/tesis\/wp-json\/wp\/v2\/users\/1"}],"replies":[{"embeddable":true,"href":"https:\/\/www.deberes.net\/tesis\/wp-json\/wp\/v2\/comments?post=91619"}],"version-history":[{"count":0,"href":"https:\/\/www.deberes.net\/tesis\/wp-json\/wp\/v2\/posts\/91619\/revisions"}],"wp:attachment":[{"href":"https:\/\/www.deberes.net\/tesis\/wp-json\/wp\/v2\/media?parent=91619"}],"wp:term":[{"taxonomy":"category","embeddable":true,"href":"https:\/\/www.deberes.net\/tesis\/wp-json\/wp\/v2\/categories?post=91619"},{"taxonomy":"post_tag","embeddable":true,"href":"https:\/\/www.deberes.net\/tesis\/wp-json\/wp\/v2\/tags?post=91619"}],"curies":[{"name":"wp","href":"https:\/\/api.w.org\/{rel}","templated":true}]}}