{"id":91652,"date":"2018-03-11T10:10:26","date_gmt":"2018-03-11T10:10:26","guid":{"rendered":"https:\/\/www.deberes.net\/tesis\/sin-categoria\/el-sexteto-en-la-musica-espanola-de-salon-de-la-restauracion-a-la-guerra-civil\/"},"modified":"2018-03-11T10:10:26","modified_gmt":"2018-03-11T10:10:26","slug":"el-sexteto-en-la-musica-espanola-de-salon-de-la-restauracion-a-la-guerra-civil","status":"publish","type":"post","link":"https:\/\/www.deberes.net\/tesis\/historia-de-la-musica\/el-sexteto-en-la-musica-espanola-de-salon-de-la-restauracion-a-la-guerra-civil\/","title":{"rendered":"El sexteto en la m\u00fasica espa\u00f1ola de sal\u00f3n: de la restauraci\u00f3n a la guerra civil"},"content":{"rendered":"<h2>Tesis doctoral de <strong> Yolanda Mansergas Carceller <\/strong><\/h2>\n<p>Resumen tesis   mediante la realizaci\u00f3n del presente trabajo se ha logrado rescatar del olvido, un total de ciento cincuenta y seis obras musicales manuscritas, que en su momento fueron arregladas para la agrupaci\u00f3n instrumental del sexteto.  nuestra labor de aproximaci\u00f3n hacia estos manuscritos ha pretendido abordar en todo momento este tipo repertorio desde diversas perspectivas, que se corresponden con los distintos apartados del presente trabajo y que incluyen, en un sentido abarcador, el estudio de la contextualizaci\u00f3n, desde un punto de vista hist\u00f3rico-musical de este repertorio, su an\u00e1lisis t\u00e9cnico y su valoraci\u00f3n est\u00e9tica, adem\u00e1s de la realizaci\u00f3n de una labor de reconstrucci\u00f3n acerca de los artistas involucrados en la confecci\u00f3n de estos manuscritos.      con todo ello se pretende facilitar una mayor compresi\u00f3n de un determinado tipo de repertorio musical, que se produc\u00eda y se consum\u00eda en el periodo hist\u00f3rico comprendido entre la restauraci\u00f3n y la guerra civil y que pertenece enteramente al g\u00e9nero denominado como m\u00fasica de sal\u00f3n. Este campo no solamente significa sacar a la luz obras in\u00e9ditas o desconocidas, sino que en realidad plantea la cuesti\u00f3n de dar a conocer cierto repertorio perteneciente a este g\u00e9nero musical, entendido como un fen\u00f3meno social que, como se podr\u00e1 constatar a lo largo del trabajo, en su momento fue de gran importancia.<\/p>\n<p>&nbsp;<\/p>\n<h3>Datos acad\u00e9micos de la tesis doctoral \u00ab<strong>El sexteto en la m\u00fasica espa\u00f1ola de sal\u00f3n: de la restauraci\u00f3n a la guerra civil<\/strong>\u00ab<\/h3>\n<ul>\n<li><strong>T\u00edtulo de la tesis:<\/strong>\u00a0 El sexteto en la m\u00fasica espa\u00f1ola de sal\u00f3n: de la restauraci\u00f3n a la guerra civil <\/li>\n<li><strong>Autor:<\/strong>\u00a0 Yolanda Mansergas Carceller <\/li>\n<li><strong>Universidad:<\/strong>\u00a0 Universitat de val\u00e9ncia (estudi general)<\/li>\n<li><strong>Fecha de lectura de la tesis:<\/strong>\u00a0 13\/02\/2009<\/li>\n<\/ul>\n<p>&nbsp;<\/p>\n<h3>Direcci\u00f3n y tribunal<\/h3>\n<ul>\n<li><strong>Director de la tesis<\/strong>\n<ul>\n<li>Rodrigo Madrid G\u00f3mez<\/li>\n<\/ul>\n<\/li>\n<li><strong>Tribunal<\/strong>\n<ul>\n<li>Presidente del tribunal: Miguel Molina alarc\u00f3n <\/li>\n<li>vicente For\u00e9s l\u00f3pez (vocal)<\/li>\n<li>M\u00aa de los desamparados Cubells casares (vocal)<\/li>\n<li>Francisco Tamarit fayos (vocal)<\/li>\n<\/ul>\n<\/li>\n<\/ul>\n<p>&nbsp;<\/p>\n","protected":false},"excerpt":{"rendered":"<p>Tesis doctoral de Yolanda Mansergas Carceller Resumen tesis mediante la realizaci\u00f3n del presente trabajo se ha logrado rescatar del olvido, [&hellip;]<\/p>\n","protected":false},"author":1,"featured_media":0,"comment_status":"open","ping_status":"open","sticky":false,"template":"","format":"standard","meta":{"site-sidebar-layout":"default","site-content-layout":"","ast-site-content-layout":"","site-content-style":"default","site-sidebar-style":"default","ast-global-header-display":"","ast-banner-title-visibility":"","ast-main-header-display":"","ast-hfb-above-header-display":"","ast-hfb-below-header-display":"","ast-hfb-mobile-header-display":"","site-post-title":"","ast-breadcrumbs-content":"","ast-featured-img":"","footer-sml-layout":"","theme-transparent-header-meta":"","adv-header-id-meta":"","stick-header-meta":"","header-above-stick-meta":"","header-main-stick-meta":"","header-below-stick-meta":"","astra-migrate-meta-layouts":"default","ast-page-background-enabled":"default","ast-page-background-meta":{"desktop":{"background-color":"var(--ast-global-color-4)","background-image":"","background-repeat":"repeat","background-position":"center center","background-size":"auto","background-attachment":"scroll","background-type":"","background-media":"","overlay-type":"","overlay-color":"","overlay-gradient":""},"tablet":{"background-color":"","background-image":"","background-repeat":"repeat","background-position":"center center","background-size":"auto","background-attachment":"scroll","background-type":"","background-media":"","overlay-type":"","overlay-color":"","overlay-gradient":""},"mobile":{"background-color":"","background-image":"","background-repeat":"repeat","background-position":"center center","background-size":"auto","background-attachment":"scroll","background-type":"","background-media":"","overlay-type":"","overlay-color":"","overlay-gradient":""}},"ast-content-background-meta":{"desktop":{"background-color":"var(--ast-global-color-5)","background-image":"","background-repeat":"repeat","background-position":"center center","background-size":"auto","background-attachment":"scroll","background-type":"","background-media":"","overlay-type":"","overlay-color":"","overlay-gradient":""},"tablet":{"background-color":"var(--ast-global-color-5)","background-image":"","background-repeat":"repeat","background-position":"center center","background-size":"auto","background-attachment":"scroll","background-type":"","background-media":"","overlay-type":"","overlay-color":"","overlay-gradient":""},"mobile":{"background-color":"var(--ast-global-color-5)","background-image":"","background-repeat":"repeat","background-position":"center center","background-size":"auto","background-attachment":"scroll","background-type":"","background-media":"","overlay-type":"","overlay-color":"","overlay-gradient":""}},"footnotes":""},"categories":[10452,7632,9132],"tags":[135624,31322,171038,66063,189812,189811],"class_list":["post-91652","post","type-post","status-publish","format-standard","hentry","category-estetica","category-historia-de-la-musica","category-musica-y-musicologia","tag-francisco-tamarit-fayos","tag-miguel-molina-alarcon","tag-ma-de-los-desamparados-cubells-casares","tag-rodrigo-madrid-gomez","tag-vicente-fores-lopez","tag-yolanda-mansergas-carceller"],"_links":{"self":[{"href":"https:\/\/www.deberes.net\/tesis\/wp-json\/wp\/v2\/posts\/91652","targetHints":{"allow":["GET"]}}],"collection":[{"href":"https:\/\/www.deberes.net\/tesis\/wp-json\/wp\/v2\/posts"}],"about":[{"href":"https:\/\/www.deberes.net\/tesis\/wp-json\/wp\/v2\/types\/post"}],"author":[{"embeddable":true,"href":"https:\/\/www.deberes.net\/tesis\/wp-json\/wp\/v2\/users\/1"}],"replies":[{"embeddable":true,"href":"https:\/\/www.deberes.net\/tesis\/wp-json\/wp\/v2\/comments?post=91652"}],"version-history":[{"count":0,"href":"https:\/\/www.deberes.net\/tesis\/wp-json\/wp\/v2\/posts\/91652\/revisions"}],"wp:attachment":[{"href":"https:\/\/www.deberes.net\/tesis\/wp-json\/wp\/v2\/media?parent=91652"}],"wp:term":[{"taxonomy":"category","embeddable":true,"href":"https:\/\/www.deberes.net\/tesis\/wp-json\/wp\/v2\/categories?post=91652"},{"taxonomy":"post_tag","embeddable":true,"href":"https:\/\/www.deberes.net\/tesis\/wp-json\/wp\/v2\/tags?post=91652"}],"curies":[{"name":"wp","href":"https:\/\/api.w.org\/{rel}","templated":true}]}}