{"id":91672,"date":"2018-03-11T10:10:31","date_gmt":"2018-03-11T10:10:31","guid":{"rendered":"https:\/\/www.deberes.net\/tesis\/sin-categoria\/el-espanol-en-miami\/"},"modified":"2018-03-11T10:10:31","modified_gmt":"2018-03-11T10:10:31","slug":"el-espanol-en-miami","status":"publish","type":"post","link":"https:\/\/www.deberes.net\/tesis\/filiacion-familia-y-parentesco\/el-espanol-en-miami\/","title":{"rendered":"El espa\u00f1ol en miami"},"content":{"rendered":"<h2>Tesis doctoral de <strong> Misael Verdejo Buisson <\/strong><\/h2>\n<p>La siguiente tesis ha tenido como objetivo el presentar el uso del idioma espa\u00f1ol en un pa\u00eds extranjero, en este caso en estados unidos y m\u00e1s concretamente en la ciudad de miami. el an\u00e1lisis cient\u00edfico del uso del espa\u00f1ol en miami, su relevancia y el futuro del idioma espa\u00f1ol en esta ciudad son los temas principales en los que gira la tesis. para estudiar el idioma espa\u00f1ol en la ciuedad de miami se analiza en profundidad la poblaci\u00f3n que vive en dicha ciudad. Para ello se estudia el censo del a\u00f1o 2000 de estados unidos para conocer la poblacion mayoritaria dentro de la ciudad. los estudios de los datos censales y de emigraci\u00f3n de estados unidos se ven complementados con los recursos antropol\u00f3gios de entrevistas y cuestionarios que se realizan a las personas que viven en la ciudad de miami con el fin de conocer m\u00e1s en profundidad las caracter\u00edsticas y el uso del idioma del espa\u00f1ol dentro de la ciudad. se analiza el empleo del idioma espa\u00f1ol dentro de las diferentes esferas de la ciudad entre las que se incluyen las esferas p\u00fablicas y privadas. Se hace especial atenci\u00f3n al uso del espa\u00f1ol en los medios de comunicaci\u00f3n as\u00ed como en la publicidad. la tesis tambi\u00e9n analiza el uso del spanglish dentro de la ciudad, siendo este un fen\u00f3meno muy interesante de analizar junto con la emigraci\u00f3n hispana que hay en la ciudad.<\/p>\n<p>&nbsp;<\/p>\n<h3>Datos acad\u00e9micos de la tesis doctoral \u00ab<strong>El espa\u00f1ol en miami<\/strong>\u00ab<\/h3>\n<ul>\n<li><strong>T\u00edtulo de la tesis:<\/strong>\u00a0 El espa\u00f1ol en miami <\/li>\n<li><strong>Autor:<\/strong>\u00a0 Misael Verdejo Buisson <\/li>\n<li><strong>Universidad:<\/strong>\u00a0 Salamanca<\/li>\n<li><strong>Fecha de lectura de la tesis:<\/strong>\u00a0 13\/02\/2009<\/li>\n<\/ul>\n<p>&nbsp;<\/p>\n<h3>Direcci\u00f3n y tribunal<\/h3>\n<ul>\n<li><strong>Director de la tesis<\/strong>\n<ul>\n<li>Pedro Antonio Cordero Qui\u00f1ones<\/li>\n<\/ul>\n<\/li>\n<li><strong>Tribunal<\/strong>\n<ul>\n<li>Presidente del tribunal: emiliano Gonz\u00e1lez d\u00edez <\/li>\n<li>Mar\u00eda Luisa Humanes humanes (vocal)<\/li>\n<li>Juan  Jos\u00e9 Hern\u00e1ndez palomo (vocal)<\/li>\n<li>Luis enrique Alonso benito (vocal)<\/li>\n<\/ul>\n<\/li>\n<\/ul>\n<p>&nbsp;<\/p>\n","protected":false},"excerpt":{"rendered":"<p>Tesis doctoral de Misael Verdejo Buisson La siguiente tesis ha tenido como objetivo el presentar el uso del idioma espa\u00f1ol [&hellip;]<\/p>\n","protected":false},"author":1,"featured_media":0,"comment_status":"open","ping_status":"open","sticky":false,"template":"","format":"standard","meta":{"site-sidebar-layout":"default","site-content-layout":"","ast-site-content-layout":"","site-content-style":"default","site-sidebar-style":"default","ast-global-header-display":"","ast-banner-title-visibility":"","ast-main-header-display":"","ast-hfb-above-header-display":"","ast-hfb-below-header-display":"","ast-hfb-mobile-header-display":"","site-post-title":"","ast-breadcrumbs-content":"","ast-featured-img":"","footer-sml-layout":"","theme-transparent-header-meta":"","adv-header-id-meta":"","stick-header-meta":"","header-above-stick-meta":"","header-main-stick-meta":"","header-below-stick-meta":"","astra-migrate-meta-layouts":"default","ast-page-background-enabled":"default","ast-page-background-meta":{"desktop":{"background-color":"var(--ast-global-color-4)","background-image":"","background-repeat":"repeat","background-position":"center center","background-size":"auto","background-attachment":"scroll","background-type":"","background-media":"","overlay-type":"","overlay-color":"","overlay-gradient":""},"tablet":{"background-color":"","background-image":"","background-repeat":"repeat","background-position":"center center","background-size":"auto","background-attachment":"scroll","background-type":"","background-media":"","overlay-type":"","overlay-color":"","overlay-gradient":""},"mobile":{"background-color":"","background-image":"","background-repeat":"repeat","background-position":"center center","background-size":"auto","background-attachment":"scroll","background-type":"","background-media":"","overlay-type":"","overlay-color":"","overlay-gradient":""}},"ast-content-background-meta":{"desktop":{"background-color":"var(--ast-global-color-5)","background-image":"","background-repeat":"repeat","background-position":"center center","background-size":"auto","background-attachment":"scroll","background-type":"","background-media":"","overlay-type":"","overlay-color":"","overlay-gradient":""},"tablet":{"background-color":"var(--ast-global-color-5)","background-image":"","background-repeat":"repeat","background-position":"center center","background-size":"auto","background-attachment":"scroll","background-type":"","background-media":"","overlay-type":"","overlay-color":"","overlay-gradient":""},"mobile":{"background-color":"var(--ast-global-color-5)","background-image":"","background-repeat":"repeat","background-position":"center center","background-size":"auto","background-attachment":"scroll","background-type":"","background-media":"","overlay-type":"","overlay-color":"","overlay-gradient":""}},"footnotes":""},"categories":[3994,9386],"tags":[33454,68826,4645,52689,189847,50109],"class_list":["post-91672","post","type-post","status-publish","format-standard","hentry","category-filiacion-familia-y-parentesco","category-salamanca","tag-emiliano-gonzalez-diez","tag-juan-jose-hernandez-palomo","tag-luis-enrique-alonso-benito","tag-maria-luisa-humanes-humanes","tag-misael-verdejo-buisson","tag-pedro-antonio-cordero-quinones"],"_links":{"self":[{"href":"https:\/\/www.deberes.net\/tesis\/wp-json\/wp\/v2\/posts\/91672","targetHints":{"allow":["GET"]}}],"collection":[{"href":"https:\/\/www.deberes.net\/tesis\/wp-json\/wp\/v2\/posts"}],"about":[{"href":"https:\/\/www.deberes.net\/tesis\/wp-json\/wp\/v2\/types\/post"}],"author":[{"embeddable":true,"href":"https:\/\/www.deberes.net\/tesis\/wp-json\/wp\/v2\/users\/1"}],"replies":[{"embeddable":true,"href":"https:\/\/www.deberes.net\/tesis\/wp-json\/wp\/v2\/comments?post=91672"}],"version-history":[{"count":0,"href":"https:\/\/www.deberes.net\/tesis\/wp-json\/wp\/v2\/posts\/91672\/revisions"}],"wp:attachment":[{"href":"https:\/\/www.deberes.net\/tesis\/wp-json\/wp\/v2\/media?parent=91672"}],"wp:term":[{"taxonomy":"category","embeddable":true,"href":"https:\/\/www.deberes.net\/tesis\/wp-json\/wp\/v2\/categories?post=91672"},{"taxonomy":"post_tag","embeddable":true,"href":"https:\/\/www.deberes.net\/tesis\/wp-json\/wp\/v2\/tags?post=91672"}],"curies":[{"name":"wp","href":"https:\/\/api.w.org\/{rel}","templated":true}]}}