{"id":91695,"date":"2018-03-11T10:10:31","date_gmt":"2018-03-11T10:10:31","guid":{"rendered":"https:\/\/www.deberes.net\/tesis\/sin-categoria\/ser-humano-y-obrar-personal-en-las-cuestiones-disputadas-sobre-el-mal-de-santo-tomas-de-aquino\/"},"modified":"2018-03-11T10:10:31","modified_gmt":"2018-03-11T10:10:31","slug":"ser-humano-y-obrar-personal-en-las-cuestiones-disputadas-sobre-el-mal-de-santo-tomas-de-aquino","status":"publish","type":"post","link":"https:\/\/www.deberes.net\/tesis\/metafisica-y-ontologia\/ser-humano-y-obrar-personal-en-las-cuestiones-disputadas-sobre-el-mal-de-santo-tomas-de-aquino\/","title":{"rendered":"Ser humano y obrar personal en las cuestiones disputadas sobre el mal de santo tom\u00e1s de aquino"},"content":{"rendered":"<h2>Tesis doctoral de <strong> Juan  Gabriel Ravasi <\/strong><\/h2>\n<p>Siguiendo la doctrina sobre el ser y el obrar de la persona humana expuesta por santo tom\u00e1s de aquino en las cuestiones disputadas sobre el mal, esta tesis tiene por objeto la exposici\u00f3n de los fundamentos de la dignidad personal en la convicci\u00f3n de que tal noci\u00f3n constituye el criterio de discernimiento necesario ante la incertidumbre radical que se pregona como caracter\u00edstica de nuestro tiempo. El bien perfecto para el cual el hombre fue creado est\u00e1 m\u00e1s all\u00e1 del conocimiento natural, en virtud de lo cual la persona humana no sabe realmente qui\u00e9n es hasta no obrar seg\u00fan la vocaci\u00f3n sobrenatural a la que su naturaleza se ordena. La aceptaci\u00f3n operante de la propia naturaleza es requisito constitutivo de la libertad en el que encuentra resoluci\u00f3n la tensi\u00f3n existencial que implica el origen creatural y el destino sobrenatural de la persona humana. As\u00ed como la naturaleza alcanza la excelencia a la que est\u00e1 ordenada por medio de la gracia, es la revelaci\u00f3n el principio en el cual el ejercicio racional propio de la filosof\u00eda alcanza el fin que lo justifica. El desarrollo se estructura en base a seis cap\u00edtulos que tienen por tema, la naturaleza de la creatura racional, la ca\u00edda original, el mal, la libertad, el mal moral y los vicios capitales.<\/p>\n<p>&nbsp;<\/p>\n<h3>Datos acad\u00e9micos de la tesis doctoral \u00ab<strong>Ser humano y obrar personal en las cuestiones disputadas sobre el mal de santo tom\u00e1s de aquino<\/strong>\u00ab<\/h3>\n<ul>\n<li><strong>T\u00edtulo de la tesis:<\/strong>\u00a0 Ser humano y obrar personal en las cuestiones disputadas sobre el mal de santo tom\u00e1s de aquino <\/li>\n<li><strong>Autor:<\/strong>\u00a0 Juan  Gabriel Ravasi <\/li>\n<li><strong>Universidad:<\/strong>\u00a0 Navarra<\/li>\n<li><strong>Fecha de lectura de la tesis:<\/strong>\u00a0 14\/02\/2009<\/li>\n<\/ul>\n<p>&nbsp;<\/p>\n<h3>Direcci\u00f3n y tribunal<\/h3>\n<ul>\n<li><strong>Director de la tesis<\/strong>\n<ul>\n<li>Eudaldo Forment Giralt<\/li>\n<\/ul>\n<\/li>\n<li><strong>Tribunal<\/strong>\n<ul>\n<li>Presidente del tribunal: Juan Cruz cruz <\/li>\n<li>Mar\u00eda del socorro Fern\u00e1ndez Garc\u00eda (vocal)<\/li>\n<li>Juan  Jos\u00e9 Gallego salvador (vocal)<\/li>\n<li>laura estela Corso de estrada (vocal)<\/li>\n<\/ul>\n<\/li>\n<\/ul>\n<p>&nbsp;<\/p>\n","protected":false},"excerpt":{"rendered":"<p>Tesis doctoral de Juan Gabriel Ravasi Siguiendo la doctrina sobre el ser y el obrar de la persona humana expuesta [&hellip;]<\/p>\n","protected":false},"author":1,"featured_media":0,"comment_status":"open","ping_status":"open","sticky":false,"template":"","format":"standard","meta":{"site-sidebar-layout":"default","site-content-layout":"","ast-site-content-layout":"","site-content-style":"default","site-sidebar-style":"default","ast-global-header-display":"","ast-banner-title-visibility":"","ast-main-header-display":"","ast-hfb-above-header-display":"","ast-hfb-below-header-display":"","ast-hfb-mobile-header-display":"","site-post-title":"","ast-breadcrumbs-content":"","ast-featured-img":"","footer-sml-layout":"","theme-transparent-header-meta":"","adv-header-id-meta":"","stick-header-meta":"","header-above-stick-meta":"","header-main-stick-meta":"","header-below-stick-meta":"","astra-migrate-meta-layouts":"default","ast-page-background-enabled":"default","ast-page-background-meta":{"desktop":{"background-color":"var(--ast-global-color-4)","background-image":"","background-repeat":"repeat","background-position":"center center","background-size":"auto","background-attachment":"scroll","background-type":"","background-media":"","overlay-type":"","overlay-color":"","overlay-gradient":""},"tablet":{"background-color":"","background-image":"","background-repeat":"repeat","background-position":"center center","background-size":"auto","background-attachment":"scroll","background-type":"","background-media":"","overlay-type":"","overlay-color":"","overlay-gradient":""},"mobile":{"background-color":"","background-image":"","background-repeat":"repeat","background-position":"center center","background-size":"auto","background-attachment":"scroll","background-type":"","background-media":"","overlay-type":"","overlay-color":"","overlay-gradient":""}},"ast-content-background-meta":{"desktop":{"background-color":"var(--ast-global-color-5)","background-image":"","background-repeat":"repeat","background-position":"center center","background-size":"auto","background-attachment":"scroll","background-type":"","background-media":"","overlay-type":"","overlay-color":"","overlay-gradient":""},"tablet":{"background-color":"var(--ast-global-color-5)","background-image":"","background-repeat":"repeat","background-position":"center center","background-size":"auto","background-attachment":"scroll","background-type":"","background-media":"","overlay-type":"","overlay-color":"","overlay-gradient":""},"mobile":{"background-color":"var(--ast-global-color-5)","background-image":"","background-repeat":"repeat","background-position":"center center","background-size":"auto","background-attachment":"scroll","background-type":"","background-media":"","overlay-type":"","overlay-color":"","overlay-gradient":""}},"footnotes":""},"categories":[6428,17749,18074],"tags":[1188,18049,189888,189889,150577,147253],"class_list":["post-91695","post","type-post","status-publish","format-standard","hentry","category-metafisica-y-ontologia","category-navarra","category-problema-alma-cuerpo","tag-eudaldo-forment-giralt","tag-juan-cruz-cruz","tag-juan-gabriel-ravasi","tag-juan-jose-gallego-salvador","tag-laura-estela-corso-de-estrada","tag-maria-del-socorro-fernandez-garcia"],"_links":{"self":[{"href":"https:\/\/www.deberes.net\/tesis\/wp-json\/wp\/v2\/posts\/91695","targetHints":{"allow":["GET"]}}],"collection":[{"href":"https:\/\/www.deberes.net\/tesis\/wp-json\/wp\/v2\/posts"}],"about":[{"href":"https:\/\/www.deberes.net\/tesis\/wp-json\/wp\/v2\/types\/post"}],"author":[{"embeddable":true,"href":"https:\/\/www.deberes.net\/tesis\/wp-json\/wp\/v2\/users\/1"}],"replies":[{"embeddable":true,"href":"https:\/\/www.deberes.net\/tesis\/wp-json\/wp\/v2\/comments?post=91695"}],"version-history":[{"count":0,"href":"https:\/\/www.deberes.net\/tesis\/wp-json\/wp\/v2\/posts\/91695\/revisions"}],"wp:attachment":[{"href":"https:\/\/www.deberes.net\/tesis\/wp-json\/wp\/v2\/media?parent=91695"}],"wp:term":[{"taxonomy":"category","embeddable":true,"href":"https:\/\/www.deberes.net\/tesis\/wp-json\/wp\/v2\/categories?post=91695"},{"taxonomy":"post_tag","embeddable":true,"href":"https:\/\/www.deberes.net\/tesis\/wp-json\/wp\/v2\/tags?post=91695"}],"curies":[{"name":"wp","href":"https:\/\/api.w.org\/{rel}","templated":true}]}}