{"id":91745,"date":"2018-03-11T10:10:35","date_gmt":"2018-03-11T10:10:35","guid":{"rendered":"https:\/\/www.deberes.net\/tesis\/sin-categoria\/nous-factors-inflamatoris-de-la-diabetis-tipus-2-sp-d-sp-a-a-defensines-i-visfatina\/"},"modified":"2018-03-11T10:10:35","modified_gmt":"2018-03-11T10:10:35","slug":"nous-factors-inflamatoris-de-la-diabetis-tipus-2-sp-d-sp-a-a-defensines-i-visfatina","status":"publish","type":"post","link":"https:\/\/www.deberes.net\/tesis\/proteinas\/nous-factors-inflamatoris-de-la-diabetis-tipus-2-sp-d-sp-a-a-defensines-i-visfatina\/","title":{"rendered":"Nous factors inflamatoris de la diabetis tipus 2: sp-d, sp-a, \u00c2\u00bf-defensines i visfatina"},"content":{"rendered":"<h2>Tesis doctoral de <strong> Berta Chico Juli\u00c1\u00a0 <\/strong><\/h2>\n<p>La diabetes mellitus tipo 2 (dm 2) es una enfermedad multifactorial y multig\u00e9nica. Este hecho conduce en el estudio de muchos genes y prote\u00ednas susceptibles de estar implicadas con la dm 2. Algunas de estas prote\u00ednas y nada est\u00e1n asociados a un estado leve de inflamaci\u00f3n cr\u00f3nica, la cual puede desencadenar el s\u00edndrome metab\u00f3lico (sri) y dm 2. Muchas de estas prote\u00ednas pueden usarse como posibles marcadores de enfermedad cardiovascular, resistencia a la insulina y futura dm 2. este trabajo presenta cuatro prote\u00ednas y su relaci\u00f3n con la sri y la dm 2. La sp-d y la sp-a se estudian por la relaci\u00f3n que hay entre la disminuci\u00f3n de la funci\u00f3n pulmonar y la resistencia a la insulina y por el hecho de ser moduladoras de la inflamaci\u00f3n. las alfadefensines se estudian porque tambi\u00e9n modulan la inflamaci\u00f3n y por una posible relaci\u00f3n con la arteriosclerosis y el colesterol ldl. la visfatina se estudia por la posible asociaci\u00f3n con la insulinosecreci\u00f3.<\/p>\n<p>&nbsp;<\/p>\n<h3>Datos acad\u00e9micos de la tesis doctoral \u00ab<strong>Nous factors inflamatoris de la diabetis tipus 2: sp-d, sp-a, \u00c2\u00bf-defensines i visfatina<\/strong>\u00ab<\/h3>\n<ul>\n<li><strong>T\u00edtulo de la tesis:<\/strong>\u00a0 Nous factors inflamatoris de la diabetis tipus 2: sp-d, sp-a, \u00c2\u00bf-defensines i visfatina <\/li>\n<li><strong>Autor:<\/strong>\u00a0 Berta Chico Juli\u00c1\u00a0 <\/li>\n<li><strong>Universidad:<\/strong>\u00a0 Girona<\/li>\n<li><strong>Fecha de lectura de la tesis:<\/strong>\u00a0 19\/02\/2009<\/li>\n<\/ul>\n<p>&nbsp;<\/p>\n<h3>Direcci\u00f3n y tribunal<\/h3>\n<ul>\n<li><strong>Director de la tesis<\/strong>\n<ul>\n<li>real Lemos Fern\u00e1ndez<\/li>\n<\/ul>\n<\/li>\n<li><strong>Tribunal<\/strong>\n<ul>\n<li>Presidente del tribunal: Antonio Zorzano olarte <\/li>\n<li>Manuel P\u00e9rez maraver (vocal)<\/li>\n<li>wifredo Ricart engel (vocal)<\/li>\n<li>toni Castro guardiola (vocal)<\/li>\n<\/ul>\n<\/li>\n<\/ul>\n<p>&nbsp;<\/p>\n","protected":false},"excerpt":{"rendered":"<p>Tesis doctoral de Berta Chico Juli\u00c1\u00a0 La diabetes mellitus tipo 2 (dm 2) es una enfermedad multifactorial y multig\u00e9nica. Este [&hellip;]<\/p>\n","protected":false},"author":1,"featured_media":0,"comment_status":"open","ping_status":"open","sticky":false,"template":"","format":"standard","meta":{"site-sidebar-layout":"default","site-content-layout":"","ast-site-content-layout":"","site-content-style":"default","site-sidebar-style":"default","ast-global-header-display":"","ast-banner-title-visibility":"","ast-main-header-display":"","ast-hfb-above-header-display":"","ast-hfb-below-header-display":"","ast-hfb-mobile-header-display":"","site-post-title":"","ast-breadcrumbs-content":"","ast-featured-img":"","footer-sml-layout":"","theme-transparent-header-meta":"","adv-header-id-meta":"","stick-header-meta":"","header-above-stick-meta":"","header-main-stick-meta":"","header-below-stick-meta":"","astra-migrate-meta-layouts":"default","ast-page-background-enabled":"default","ast-page-background-meta":{"desktop":{"background-color":"var(--ast-global-color-4)","background-image":"","background-repeat":"repeat","background-position":"center center","background-size":"auto","background-attachment":"scroll","background-type":"","background-media":"","overlay-type":"","overlay-color":"","overlay-gradient":""},"tablet":{"background-color":"","background-image":"","background-repeat":"repeat","background-position":"center center","background-size":"auto","background-attachment":"scroll","background-type":"","background-media":"","overlay-type":"","overlay-color":"","overlay-gradient":""},"mobile":{"background-color":"","background-image":"","background-repeat":"repeat","background-position":"center center","background-size":"auto","background-attachment":"scroll","background-type":"","background-media":"","overlay-type":"","overlay-color":"","overlay-gradient":""}},"ast-content-background-meta":{"desktop":{"background-color":"var(--ast-global-color-5)","background-image":"","background-repeat":"repeat","background-position":"center center","background-size":"auto","background-attachment":"scroll","background-type":"","background-media":"","overlay-type":"","overlay-color":"","overlay-gradient":""},"tablet":{"background-color":"var(--ast-global-color-5)","background-image":"","background-repeat":"repeat","background-position":"center center","background-size":"auto","background-attachment":"scroll","background-type":"","background-media":"","overlay-type":"","overlay-color":"","overlay-gradient":""},"mobile":{"background-color":"var(--ast-global-color-5)","background-image":"","background-repeat":"repeat","background-position":"center center","background-size":"auto","background-attachment":"scroll","background-type":"","background-media":"","overlay-type":"","overlay-color":"","overlay-gradient":""}},"footnotes":""},"categories":[33865,18809,3178],"tags":[20202,189979,166537,189980,86654,149760],"class_list":["post-91745","post","type-post","status-publish","format-standard","hentry","category-enfermedad","category-girona","category-proteinas","tag-antonio-zorzano-olarte","tag-berta-chico-julia","tag-manuel-perez-maraver","tag-real-lemos-fernandez","tag-toni-castro-guardiola","tag-wifredo-ricart-engel"],"_links":{"self":[{"href":"https:\/\/www.deberes.net\/tesis\/wp-json\/wp\/v2\/posts\/91745","targetHints":{"allow":["GET"]}}],"collection":[{"href":"https:\/\/www.deberes.net\/tesis\/wp-json\/wp\/v2\/posts"}],"about":[{"href":"https:\/\/www.deberes.net\/tesis\/wp-json\/wp\/v2\/types\/post"}],"author":[{"embeddable":true,"href":"https:\/\/www.deberes.net\/tesis\/wp-json\/wp\/v2\/users\/1"}],"replies":[{"embeddable":true,"href":"https:\/\/www.deberes.net\/tesis\/wp-json\/wp\/v2\/comments?post=91745"}],"version-history":[{"count":0,"href":"https:\/\/www.deberes.net\/tesis\/wp-json\/wp\/v2\/posts\/91745\/revisions"}],"wp:attachment":[{"href":"https:\/\/www.deberes.net\/tesis\/wp-json\/wp\/v2\/media?parent=91745"}],"wp:term":[{"taxonomy":"category","embeddable":true,"href":"https:\/\/www.deberes.net\/tesis\/wp-json\/wp\/v2\/categories?post=91745"},{"taxonomy":"post_tag","embeddable":true,"href":"https:\/\/www.deberes.net\/tesis\/wp-json\/wp\/v2\/tags?post=91745"}],"curies":[{"name":"wp","href":"https:\/\/api.w.org\/{rel}","templated":true}]}}