{"id":91866,"date":"2018-03-11T10:10:44","date_gmt":"2018-03-11T10:10:44","guid":{"rendered":"https:\/\/www.deberes.net\/tesis\/sin-categoria\/los-sentimientos-religiosos-como-la%c2%admite-a-la-libertad-de-expresion\/"},"modified":"2018-03-11T10:10:44","modified_gmt":"2018-03-11T10:10:44","slug":"los-sentimientos-religiosos-como-la%c2%admite-a-la-libertad-de-expresion","status":"publish","type":"post","link":"https:\/\/www.deberes.net\/tesis\/comunicaciones-sociales\/los-sentimientos-religiosos-como-la%c2%admite-a-la-libertad-de-expresion\/","title":{"rendered":"Los sentimientos religiosos como l\u00edmite a la libertad de expresi\u00f3n"},"content":{"rendered":"<h2>Tesis doctoral de <strong> B\u00e1rbara Castro Garc\u00eda <\/strong><\/h2>\n<p>La tesis doctoral titulada \u00ablos sentimientos religiosos como l\u00edmite al ejercicio de la libertad de expresi\u00f3n\u00bb estudia hasta d\u00f3nde los sentimientos religiosos, como parte fundamental de la personalidad y la dignidad de la persona, deben considerarse como un l\u00edmite o condicionante al ejercicio de la libertad de expresi\u00f3n poniendo en relaci\u00f3n ambos bienes jur\u00eddicos y estableciendo los par\u00e1metros en que deben desarrollarse.   para ello, en primer lugar se estudiar\u00e1n los derechos implicados en esta pol\u00e9mica: la libertad de expresi\u00f3n y libertad religiosa. Se profundizar\u00e1, por tanto, el \u00e1mbito conceptual de ambas libertades y por ende sus l\u00edmites, su evoluci\u00f3n y su regulaci\u00f3n en el ordenamiento jur\u00eddico espa\u00f1ol, que recoge la protecci\u00f3n de los derechos y libertades en materia religiosa a trav\u00e9s de una serie de preceptos inspirados en la libertad y en la superaci\u00f3n de la llamada cuesti\u00f3n religiosa, as\u00ed como se aludir\u00e1 al reconociendo de ambos derechos en los textos internacionales.  posteriormente, se analizar\u00e1 en su relaci\u00f3n teniendo en cuenta otros derechos de la constituci\u00f3n espa\u00f1ola de la que forman parte dichos sentimientos. Es decir, se estudiar\u00e1 en qu\u00e9 medida el concepto jur\u00eddico sentimientos religiosos puede suponer una limitaci\u00f3n independiente a la libertad de expresi\u00f3n, as\u00ed como sus elementos comunes y diferenciados con las dem\u00e1s limitaciones constitucionales a estas libertades. Adem\u00e1s, se analizar\u00e1 a trav\u00e9s de la doctrina as\u00ed como de la jurisprudencia del tribunal constitucional espa\u00f1ol y del tribunal europeo de derechos humanos.<\/p>\n<p>&nbsp;<\/p>\n<h3>Datos acad\u00e9micos de la tesis doctoral \u00ab<strong>Los sentimientos religiosos como l\u00edmite a la libertad de expresi\u00f3n<\/strong>\u00ab<\/h3>\n<ul>\n<li><strong>T\u00edtulo de la tesis:<\/strong>\u00a0 Los sentimientos religiosos como l\u00edmite a la libertad de expresi\u00f3n <\/li>\n<li><strong>Autor:<\/strong>\u00a0 B\u00e1rbara Castro Garc\u00eda <\/li>\n<li><strong>Universidad:<\/strong>\u00a0 San pablo-ceu<\/li>\n<li><strong>Fecha de lectura de la tesis:<\/strong>\u00a0 25\/02\/2009<\/li>\n<\/ul>\n<p>&nbsp;<\/p>\n<h3>Direcci\u00f3n y tribunal<\/h3>\n<ul>\n<li><strong>Director de la tesis<\/strong>\n<ul>\n<li>Leopoldo Abad Alcal\u00e1<\/li>\n<\/ul>\n<\/li>\n<li><strong>Tribunal<\/strong>\n<ul>\n<li>Presidente del tribunal: alejandro Mu\u00f1oz-alonso ledo <\/li>\n<li>teodoro Gonzalez ballesteros (vocal)<\/li>\n<li>Manuel Fernandez areal (vocal)<\/li>\n<li>agustin Macias castillo (vocal)<\/li>\n<\/ul>\n<\/li>\n<\/ul>\n<p>&nbsp;<\/p>\n","protected":false},"excerpt":{"rendered":"<p>Tesis doctoral de B\u00e1rbara Castro Garc\u00eda La tesis doctoral titulada \u00ablos sentimientos religiosos como l\u00edmite al ejercicio de la libertad [&hellip;]<\/p>\n","protected":false},"author":1,"featured_media":0,"comment_status":"open","ping_status":"open","sticky":false,"template":"","format":"standard","meta":{"site-sidebar-layout":"default","site-content-layout":"","ast-site-content-layout":"","site-content-style":"default","site-sidebar-style":"default","ast-global-header-display":"","ast-banner-title-visibility":"","ast-main-header-display":"","ast-hfb-above-header-display":"","ast-hfb-below-header-display":"","ast-hfb-mobile-header-display":"","site-post-title":"","ast-breadcrumbs-content":"","ast-featured-img":"","footer-sml-layout":"","theme-transparent-header-meta":"","adv-header-id-meta":"","stick-header-meta":"","header-above-stick-meta":"","header-main-stick-meta":"","header-below-stick-meta":"","astra-migrate-meta-layouts":"default","ast-page-background-enabled":"default","ast-page-background-meta":{"desktop":{"background-color":"var(--ast-global-color-4)","background-image":"","background-repeat":"repeat","background-position":"center center","background-size":"auto","background-attachment":"scroll","background-type":"","background-media":"","overlay-type":"","overlay-color":"","overlay-gradient":""},"tablet":{"background-color":"","background-image":"","background-repeat":"repeat","background-position":"center center","background-size":"auto","background-attachment":"scroll","background-type":"","background-media":"","overlay-type":"","overlay-color":"","overlay-gradient":""},"mobile":{"background-color":"","background-image":"","background-repeat":"repeat","background-position":"center center","background-size":"auto","background-attachment":"scroll","background-type":"","background-media":"","overlay-type":"","overlay-color":"","overlay-gradient":""}},"ast-content-background-meta":{"desktop":{"background-color":"var(--ast-global-color-5)","background-image":"","background-repeat":"repeat","background-position":"center center","background-size":"auto","background-attachment":"scroll","background-type":"","background-media":"","overlay-type":"","overlay-color":"","overlay-gradient":""},"tablet":{"background-color":"var(--ast-global-color-5)","background-image":"","background-repeat":"repeat","background-position":"center center","background-size":"auto","background-attachment":"scroll","background-type":"","background-media":"","overlay-type":"","overlay-color":"","overlay-gradient":""},"mobile":{"background-color":"var(--ast-global-color-5)","background-image":"","background-repeat":"repeat","background-position":"center center","background-size":"auto","background-attachment":"scroll","background-type":"","background-media":"","overlay-type":"","overlay-color":"","overlay-gradient":""}},"footnotes":""},"categories":[4735,19048,17785,39800],"tags":[138752,36305,190198,47657,26106,24544],"class_list":["post-91866","post","type-post","status-publish","format-standard","hentry","category-comunicaciones-sociales","category-jurisprudencia","category-religion","category-san-pablo-ceu","tag-agustin-macias-castillo","tag-alejandro-munoz-alonso-ledo","tag-barbara-castro-garcia","tag-leopoldo-abad-alcala","tag-manuel-fernandez-areal","tag-teodoro-gonzalez-ballesteros"],"_links":{"self":[{"href":"https:\/\/www.deberes.net\/tesis\/wp-json\/wp\/v2\/posts\/91866","targetHints":{"allow":["GET"]}}],"collection":[{"href":"https:\/\/www.deberes.net\/tesis\/wp-json\/wp\/v2\/posts"}],"about":[{"href":"https:\/\/www.deberes.net\/tesis\/wp-json\/wp\/v2\/types\/post"}],"author":[{"embeddable":true,"href":"https:\/\/www.deberes.net\/tesis\/wp-json\/wp\/v2\/users\/1"}],"replies":[{"embeddable":true,"href":"https:\/\/www.deberes.net\/tesis\/wp-json\/wp\/v2\/comments?post=91866"}],"version-history":[{"count":0,"href":"https:\/\/www.deberes.net\/tesis\/wp-json\/wp\/v2\/posts\/91866\/revisions"}],"wp:attachment":[{"href":"https:\/\/www.deberes.net\/tesis\/wp-json\/wp\/v2\/media?parent=91866"}],"wp:term":[{"taxonomy":"category","embeddable":true,"href":"https:\/\/www.deberes.net\/tesis\/wp-json\/wp\/v2\/categories?post=91866"},{"taxonomy":"post_tag","embeddable":true,"href":"https:\/\/www.deberes.net\/tesis\/wp-json\/wp\/v2\/tags?post=91866"}],"curies":[{"name":"wp","href":"https:\/\/api.w.org\/{rel}","templated":true}]}}