{"id":91870,"date":"2018-03-11T10:10:44","date_gmt":"2018-03-11T10:10:44","guid":{"rendered":"https:\/\/www.deberes.net\/tesis\/sin-categoria\/loga%c2%adstica-en-red-flexibilidad-usos-digitales-y-performance-empresarial\/"},"modified":"2018-03-11T10:10:44","modified_gmt":"2018-03-11T10:10:44","slug":"loga%c2%adstica-en-red-flexibilidad-usos-digitales-y-performance-empresarial","status":"publish","type":"post","link":"https:\/\/www.deberes.net\/tesis\/relaciones-comerciales-internacionales\/loga%c2%adstica-en-red-flexibilidad-usos-digitales-y-performance-empresarial\/","title":{"rendered":"Log\u00edstica en red, flexibilidad, usos digitales y performance empresarial"},"content":{"rendered":"<h2>Tesis doctoral de <strong> Carlos F. Caba\u00f1ero Pisa <\/strong><\/h2>\n<p>An\u00e1lisis del impacto de las tecnolog\u00edas de la informaci\u00f3n y la comunicaci\u00f3n en la organizaci\u00f3n y estrategia log\u00edstica.  se analiza la log\u00edstica en red desde una vertiente organizativa y estrat\u00e9gica as\u00ed como su repercusi\u00f3n en los resultados empresariales.  la flexibilidad, la dotaci\u00f3n de recursos, la innovaci\u00f3n, la capacitaci\u00f3n del factor humano y la disposici\u00f3n y unos de tecnolog\u00edas digitales son los aspectos relevantes analizados.  se concluye que la descentralizaci\u00f3n en red de la actividad log\u00edstica es la respuesta adecuada a entornos altamente competitivos e internacionalizados permitiendo alcanzar niveles altos de productividad y beneficios.<\/p>\n<p>&nbsp;<\/p>\n<h3>Datos acad\u00e9micos de la tesis doctoral \u00ab<strong>Log\u00edstica en red, flexibilidad, usos digitales y performance empresarial<\/strong>\u00ab<\/h3>\n<ul>\n<li><strong>T\u00edtulo de la tesis:<\/strong>\u00a0 Log\u00edstica en red, flexibilidad, usos digitales y performance empresarial <\/li>\n<li><strong>Autor:<\/strong>\u00a0 Carlos F. Caba\u00f1ero Pisa <\/li>\n<li><strong>Universidad:<\/strong>\u00a0 Barcelona<\/li>\n<li><strong>Fecha de lectura de la tesis:<\/strong>\u00a0 25\/02\/2009<\/li>\n<\/ul>\n<p>&nbsp;<\/p>\n<h3>Direcci\u00f3n y tribunal<\/h3>\n<ul>\n<li><strong>Director de la tesis<\/strong>\n<ul>\n<li>Jos\u00e9 Mar\u00eda Castan Farrero<\/li>\n<\/ul>\n<\/li>\n<li><strong>Tribunal<\/strong>\n<ul>\n<li>Presidente del tribunal: jaume Valls passola <\/li>\n<li>Francisco Javier Llin\u00ed\u00a0s audet (vocal)<\/li>\n<li>vicente Royuela mora (vocal)<\/li>\n<li>jordi Vilaseca requena (vocal)<\/li>\n<\/ul>\n<\/li>\n<\/ul>\n<p>&nbsp;<\/p>\n","protected":false},"excerpt":{"rendered":"<p>Tesis doctoral de Carlos F. Caba\u00f1ero Pisa An\u00e1lisis del impacto de las tecnolog\u00edas de la informaci\u00f3n y la comunicaci\u00f3n en [&hellip;]<\/p>\n","protected":false},"author":1,"featured_media":0,"comment_status":"open","ping_status":"open","sticky":false,"template":"","format":"standard","meta":{"site-sidebar-layout":"default","site-content-layout":"","ast-site-content-layout":"","site-content-style":"default","site-sidebar-style":"default","ast-global-header-display":"","ast-banner-title-visibility":"","ast-main-header-display":"","ast-hfb-above-header-display":"","ast-hfb-below-header-display":"","ast-hfb-mobile-header-display":"","site-post-title":"","ast-breadcrumbs-content":"","ast-featured-img":"","footer-sml-layout":"","theme-transparent-header-meta":"","adv-header-id-meta":"","stick-header-meta":"","header-above-stick-meta":"","header-main-stick-meta":"","header-below-stick-meta":"","astra-migrate-meta-layouts":"default","ast-page-background-enabled":"default","ast-page-background-meta":{"desktop":{"background-color":"var(--ast-global-color-4)","background-image":"","background-repeat":"repeat","background-position":"center center","background-size":"auto","background-attachment":"scroll","background-type":"","background-media":"","overlay-type":"","overlay-color":"","overlay-gradient":""},"tablet":{"background-color":"","background-image":"","background-repeat":"repeat","background-position":"center center","background-size":"auto","background-attachment":"scroll","background-type":"","background-media":"","overlay-type":"","overlay-color":"","overlay-gradient":""},"mobile":{"background-color":"","background-image":"","background-repeat":"repeat","background-position":"center center","background-size":"auto","background-attachment":"scroll","background-type":"","background-media":"","overlay-type":"","overlay-color":"","overlay-gradient":""}},"ast-content-background-meta":{"desktop":{"background-color":"var(--ast-global-color-5)","background-image":"","background-repeat":"repeat","background-position":"center center","background-size":"auto","background-attachment":"scroll","background-type":"","background-media":"","overlay-type":"","overlay-color":"","overlay-gradient":""},"tablet":{"background-color":"var(--ast-global-color-5)","background-image":"","background-repeat":"repeat","background-position":"center center","background-size":"auto","background-attachment":"scroll","background-type":"","background-media":"","overlay-type":"","overlay-color":"","overlay-gradient":""},"mobile":{"background-color":"var(--ast-global-color-5)","background-image":"","background-repeat":"repeat","background-position":"center center","background-size":"auto","background-attachment":"scroll","background-type":"","background-media":"","overlay-type":"","overlay-color":"","overlay-gradient":""}},"footnotes":""},"categories":[951,84,10282],"tags":[190205,136991,40469,46472,19974,179717],"class_list":["post-91870","post","type-post","status-publish","format-standard","hentry","category-barcelona","category-relaciones-comerciales-internacionales","category-sector-de-transportes-y-comunicaciones","tag-carlos-f-cabanero-pisa","tag-francisco-javier-llini-s-audet","tag-jaume-valls-passola","tag-jordi-vilaseca-requena","tag-jose-maria-castan-farrero","tag-vicente-royuela-mora"],"_links":{"self":[{"href":"https:\/\/www.deberes.net\/tesis\/wp-json\/wp\/v2\/posts\/91870","targetHints":{"allow":["GET"]}}],"collection":[{"href":"https:\/\/www.deberes.net\/tesis\/wp-json\/wp\/v2\/posts"}],"about":[{"href":"https:\/\/www.deberes.net\/tesis\/wp-json\/wp\/v2\/types\/post"}],"author":[{"embeddable":true,"href":"https:\/\/www.deberes.net\/tesis\/wp-json\/wp\/v2\/users\/1"}],"replies":[{"embeddable":true,"href":"https:\/\/www.deberes.net\/tesis\/wp-json\/wp\/v2\/comments?post=91870"}],"version-history":[{"count":0,"href":"https:\/\/www.deberes.net\/tesis\/wp-json\/wp\/v2\/posts\/91870\/revisions"}],"wp:attachment":[{"href":"https:\/\/www.deberes.net\/tesis\/wp-json\/wp\/v2\/media?parent=91870"}],"wp:term":[{"taxonomy":"category","embeddable":true,"href":"https:\/\/www.deberes.net\/tesis\/wp-json\/wp\/v2\/categories?post=91870"},{"taxonomy":"post_tag","embeddable":true,"href":"https:\/\/www.deberes.net\/tesis\/wp-json\/wp\/v2\/tags?post=91870"}],"curies":[{"name":"wp","href":"https:\/\/api.w.org\/{rel}","templated":true}]}}