{"id":91871,"date":"2018-03-11T10:10:44","date_gmt":"2018-03-11T10:10:44","guid":{"rendered":"https:\/\/www.deberes.net\/tesis\/sin-categoria\/la-organizacion-y-gestion-de-las-actividades-fa%c2%adsico-deportivas-en-la-universidad-un-caso-practico\/"},"modified":"2018-03-11T10:10:44","modified_gmt":"2018-03-11T10:10:44","slug":"la-organizacion-y-gestion-de-las-actividades-fa%c2%adsico-deportivas-en-la-universidad-un-caso-practico","status":"publish","type":"post","link":"https:\/\/www.deberes.net\/tesis\/organizacion-y-direccion-de-las-instituciones-educativas\/la-organizacion-y-gestion-de-las-actividades-fa%c2%adsico-deportivas-en-la-universidad-un-caso-practico\/","title":{"rendered":"La organizaci\u00f3n y gesti\u00f3n de las actividades f\u00edsico deportivas en la universidad: un caso pr\u00e1ctico."},"content":{"rendered":"<h2>Tesis doctoral de <strong> Miguel Angel Morales Cevidanes <\/strong><\/h2>\n<p>El presente trabajo de investigaci\u00f3n ha pretendido analizar el deporte universitario desde la oferta program\u00e1tica que realizan las universidades, concretamente el caso de la universidad pablo de olavide. Tras la contextualizaci\u00f3n del mismo y abordar aspectos b\u00e1sicos de la organizaci\u00f3n y gesti\u00f3n, se sit\u00faa en su marco normativo, su regulaci\u00f3n institucional y competencia!. La metodolog\u00eda de la investigaci\u00f3n utilizada en el estudio ha sido fundamentalmente cualitativa, se ha aplicado la investigaci\u00f3n-acci\u00f3n de kemmis y mctaggart (1988), donde los protagonistas de \u00e9sta, hemos participado, compartiendo momentos, escenarios, etc. El estudio de casos nos ha supuesto la participaci\u00f3n prolongada en los distintos escenarios de nuestra investigaci\u00f3n, utilizando diversos instrumentos para la recogida, de informaci\u00f3n propios de la investigaci\u00f3n etnogr\u00e1fica como: documentos personales, observaci\u00f3n participante, los cuestionarios y encuestas, la entrevista, el diario de observaci\u00f3n, la fotograf\u00eda y el v\u00eddeo, adem\u00e1s de otros de tipo complementario como los par\u00e1metros obtenidos por aplicaci\u00f3n estad\u00edstica. en la parte pr\u00e1ctica de nuestra investigaci\u00f3n se exponen los objetivos de la misma, incluy\u00e9ndose el foco de estudio que hemos construido siguiendo las directrices de goetz y lecompte (1988) y guerrero l\u00f3pez (1991), as\u00ed como el dise\u00f1o de un programa de intervenci\u00f3n y las fases de las que ha constado. Todo ello nos ha llevado a la elaboraci\u00f3n de un informe que surge a partir del trabajo de campo aplicado sobre los diferentes grupos de inter\u00e9s; su contenido es el n\u00facleo central de esta tesis y es producto de la observaci\u00f3n, a lo largo de los a\u00f1os en que se ha desarrollado la misma. no pretendemos que los resultados obtenidos sean de generalizaci\u00f3n universal, ya que la propia idiosincrasia del m\u00e9todo utilizado nos refiere al caso concreto analizado. No obstante se plantea la apertura de nuevas v\u00edas, o formas de abordar propuestas, que desde aqu\u00ed pretendemos poner a disposici\u00f3n de las instituciones deportivas, para que siguiendo la filosof\u00eda del mismo y la metodolog\u00eda utilizada planeen el an\u00e1lisis de sus realidades e implemente medidas de mejora continua de la calidad de su prestaci\u00f3n de servicios. finalmente exponemos las conclusiones m\u00e1s significativas a la que hemos llegado como son la segmentaci\u00f3n de los usuarios, la aplicaci\u00f3n de una metodolog\u00eda cualitativa a la gesti\u00f3n deportiva o la adecuaci\u00f3n de la oferta program\u00e1tica entre otras, y las propuestas de actuaci\u00f3n futura as\u00ed como las l\u00edneas de investigaci\u00f3n que se abren a partir de este estudio, como es profundizar en estudio del deporte universitario andaluz.<\/p>\n<p>&nbsp;<\/p>\n<h3>Datos acad\u00e9micos de la tesis doctoral \u00ab<strong>La organizaci\u00f3n y gesti\u00f3n de las actividades f\u00edsico deportivas en la universidad: un caso pr\u00e1ctico.<\/strong>\u00ab<\/h3>\n<ul>\n<li><strong>T\u00edtulo de la tesis:<\/strong>\u00a0 La organizaci\u00f3n y gesti\u00f3n de las actividades f\u00edsico deportivas en la universidad: un caso pr\u00e1ctico. <\/li>\n<li><strong>Autor:<\/strong>\u00a0 Miguel Angel Morales Cevidanes <\/li>\n<li><strong>Universidad:<\/strong>\u00a0 M\u00e1laga<\/li>\n<li><strong>Fecha de lectura de la tesis:<\/strong>\u00a0 25\/02\/2009<\/li>\n<\/ul>\n<p>&nbsp;<\/p>\n<h3>Direcci\u00f3n y tribunal<\/h3>\n<ul>\n<li><strong>Director de la tesis<\/strong>\n<ul>\n<li>Pedro Montiel Gamez<\/li>\n<\/ul>\n<\/li>\n<li><strong>Tribunal<\/strong>\n<ul>\n<li>Presidente del tribunal: Jos\u00e9 Luis Chinchilla minguet <\/li>\n<li>Antonio  Manuel Solana s\u00e1nchez (vocal)<\/li>\n<li>Manuel Jes\u00fas Porras sanchez (vocal)<\/li>\n<li>Juan  Antonio Parraga montilla (vocal)<\/li>\n<\/ul>\n<\/li>\n<\/ul>\n<p>&nbsp;<\/p>\n","protected":false},"excerpt":{"rendered":"<p>Tesis doctoral de Miguel Angel Morales Cevidanes El presente trabajo de investigaci\u00f3n ha pretendido analizar el deporte universitario desde la [&hellip;]<\/p>\n","protected":false},"author":1,"featured_media":0,"comment_status":"open","ping_status":"open","sticky":false,"template":"","format":"standard","meta":{"site-sidebar-layout":"default","site-content-layout":"","ast-site-content-layout":"","site-content-style":"default","site-sidebar-style":"default","ast-global-header-display":"","ast-banner-title-visibility":"","ast-main-header-display":"","ast-hfb-above-header-display":"","ast-hfb-below-header-display":"","ast-hfb-mobile-header-display":"","site-post-title":"","ast-breadcrumbs-content":"","ast-featured-img":"","footer-sml-layout":"","theme-transparent-header-meta":"","adv-header-id-meta":"","stick-header-meta":"","header-above-stick-meta":"","header-main-stick-meta":"","header-below-stick-meta":"","astra-migrate-meta-layouts":"default","ast-page-background-enabled":"default","ast-page-background-meta":{"desktop":{"background-color":"var(--ast-global-color-4)","background-image":"","background-repeat":"repeat","background-position":"center center","background-size":"auto","background-attachment":"scroll","background-type":"","background-media":"","overlay-type":"","overlay-color":"","overlay-gradient":""},"tablet":{"background-color":"","background-image":"","background-repeat":"repeat","background-position":"center center","background-size":"auto","background-attachment":"scroll","background-type":"","background-media":"","overlay-type":"","overlay-color":"","overlay-gradient":""},"mobile":{"background-color":"","background-image":"","background-repeat":"repeat","background-position":"center center","background-size":"auto","background-attachment":"scroll","background-type":"","background-media":"","overlay-type":"","overlay-color":"","overlay-gradient":""}},"ast-content-background-meta":{"desktop":{"background-color":"var(--ast-global-color-5)","background-image":"","background-repeat":"repeat","background-position":"center center","background-size":"auto","background-attachment":"scroll","background-type":"","background-media":"","overlay-type":"","overlay-color":"","overlay-gradient":""},"tablet":{"background-color":"var(--ast-global-color-5)","background-image":"","background-repeat":"repeat","background-position":"center center","background-size":"auto","background-attachment":"scroll","background-type":"","background-media":"","overlay-type":"","overlay-color":"","overlay-gradient":""},"mobile":{"background-color":"var(--ast-global-color-5)","background-image":"","background-repeat":"repeat","background-position":"center center","background-size":"auto","background-attachment":"scroll","background-type":"","background-media":"","overlay-type":"","overlay-color":"","overlay-gradient":""}},"footnotes":""},"categories":[7834,7611],"tags":[77098,68494,68384,106949,190206,69686],"class_list":["post-91871","post","type-post","status-publish","format-standard","hentry","category-malaga","category-organizacion-y-direccion-de-las-instituciones-educativas","tag-antonio-manuel-solana-sanchez","tag-jose-luis-chinchilla-minguet","tag-juan-antonio-parraga-montilla","tag-manuel-jesus-porras-sanchez","tag-miguel-angel-morales-cevidanes","tag-pedro-montiel-gamez"],"_links":{"self":[{"href":"https:\/\/www.deberes.net\/tesis\/wp-json\/wp\/v2\/posts\/91871","targetHints":{"allow":["GET"]}}],"collection":[{"href":"https:\/\/www.deberes.net\/tesis\/wp-json\/wp\/v2\/posts"}],"about":[{"href":"https:\/\/www.deberes.net\/tesis\/wp-json\/wp\/v2\/types\/post"}],"author":[{"embeddable":true,"href":"https:\/\/www.deberes.net\/tesis\/wp-json\/wp\/v2\/users\/1"}],"replies":[{"embeddable":true,"href":"https:\/\/www.deberes.net\/tesis\/wp-json\/wp\/v2\/comments?post=91871"}],"version-history":[{"count":0,"href":"https:\/\/www.deberes.net\/tesis\/wp-json\/wp\/v2\/posts\/91871\/revisions"}],"wp:attachment":[{"href":"https:\/\/www.deberes.net\/tesis\/wp-json\/wp\/v2\/media?parent=91871"}],"wp:term":[{"taxonomy":"category","embeddable":true,"href":"https:\/\/www.deberes.net\/tesis\/wp-json\/wp\/v2\/categories?post=91871"},{"taxonomy":"post_tag","embeddable":true,"href":"https:\/\/www.deberes.net\/tesis\/wp-json\/wp\/v2\/tags?post=91871"}],"curies":[{"name":"wp","href":"https:\/\/api.w.org\/{rel}","templated":true}]}}