{"id":91878,"date":"2018-03-11T10:10:44","date_gmt":"2018-03-11T10:10:44","guid":{"rendered":"https:\/\/www.deberes.net\/tesis\/sin-categoria\/la-responsabilidad-social-y-el-buen-gobierno-en-la-empresa-desde-la-perspectiva-del-consejo-de-administracion\/"},"modified":"2018-03-11T10:10:44","modified_gmt":"2018-03-11T10:10:44","slug":"la-responsabilidad-social-y-el-buen-gobierno-en-la-empresa-desde-la-perspectiva-del-consejo-de-administracion","status":"publish","type":"post","link":"https:\/\/www.deberes.net\/tesis\/organizacion-y-gestion-de-empresas\/la-responsabilidad-social-y-el-buen-gobierno-en-la-empresa-desde-la-perspectiva-del-consejo-de-administracion\/","title":{"rendered":"La responsabilidad social y el buen gobierno en la empresa desde la perspectiva del consejo de administraci\u00f3n."},"content":{"rendered":"<h2>Tesis doctoral de <strong> Aldo Olcese Santonja <\/strong><\/h2>\n<p>La responsabilidad social de la empresa (rse) tambi\u00e9n llamada responsabiliad corporativa (rc) est\u00e1 en el centro del debate econ\u00f3mico, social y pol\u00edtico en todo el mundo desarrollado. Existen grandes controversias sobre su alcance en el \u00e1mbito de la empresa y se plantea la pregunta de si estamos ante una aut\u00e9ntica, potente y novedosa herramienta de gesti\u00f3n empresarial que comporta una nueva econom\u00eda de la empresa y, como consecuencia de ello, se abre paso una reformulaci\u00f3n del modelo capitalista liberal. somos cada vez m\u00e1s los economistas y empresarios que pensamos que un nuevo capitalismo menos economicista y m\u00e1s humanista, fundamentado en la rse voluntaria y autorregulada, da lugar a un nuevo paradigma empresarial m\u00e1s rentable, que al mismo tiempo se articula adecuadamente en la implantaci\u00f3n y desarrollo de una globalizaci\u00f3n eficiente y m\u00e1s humana.<\/p>\n<p>&nbsp;<\/p>\n<h3>Datos acad\u00e9micos de la tesis doctoral \u00ab<strong>La responsabilidad social y el buen gobierno en la empresa desde la perspectiva del consejo de administraci\u00f3n.<\/strong>\u00ab<\/h3>\n<ul>\n<li><strong>T\u00edtulo de la tesis:<\/strong>\u00a0 La responsabilidad social y el buen gobierno en la empresa desde la perspectiva del consejo de administraci\u00f3n. <\/li>\n<li><strong>Autor:<\/strong>\u00a0 Aldo Olcese Santonja <\/li>\n<li><strong>Universidad:<\/strong>\u00a0 Aut\u00f3noma de Madrid<\/li>\n<li><strong>Fecha de lectura de la tesis:<\/strong>\u00a0 25\/02\/2009<\/li>\n<\/ul>\n<p>&nbsp;<\/p>\n<h3>Direcci\u00f3n y tribunal<\/h3>\n<ul>\n<li><strong>Director de la tesis<\/strong>\n<ul>\n<li>Prosper Lamothe Fern\u00e1ndez<\/li>\n<\/ul>\n<\/li>\n<li><strong>Tribunal<\/strong>\n<ul>\n<li>Presidente del tribunal: Juan  jos\u00e9 Dur\u00e1n herrera <\/li>\n<li>Juan  Antonio Maroto acin (vocal)<\/li>\n<li>jaume Gil aluja (vocal)<\/li>\n<li>Juan  Carlos Gomez sala (vocal)<\/li>\n<\/ul>\n<\/li>\n<\/ul>\n<p>&nbsp;<\/p>\n","protected":false},"excerpt":{"rendered":"<p>Tesis doctoral de Aldo Olcese Santonja La responsabilidad social de la empresa (rse) tambi\u00e9n llamada responsabiliad corporativa (rc) est\u00e1 en [&hellip;]<\/p>\n","protected":false},"author":1,"featured_media":0,"comment_status":"open","ping_status":"open","sticky":false,"template":"","format":"standard","meta":{"site-sidebar-layout":"default","site-content-layout":"","ast-site-content-layout":"","site-content-style":"default","site-sidebar-style":"default","ast-global-header-display":"","ast-banner-title-visibility":"","ast-main-header-display":"","ast-hfb-above-header-display":"","ast-hfb-below-header-display":"","ast-hfb-mobile-header-display":"","site-post-title":"","ast-breadcrumbs-content":"","ast-featured-img":"","footer-sml-layout":"","theme-transparent-header-meta":"","adv-header-id-meta":"","stick-header-meta":"","header-above-stick-meta":"","header-main-stick-meta":"","header-below-stick-meta":"","astra-migrate-meta-layouts":"default","ast-page-background-enabled":"default","ast-page-background-meta":{"desktop":{"background-color":"var(--ast-global-color-4)","background-image":"","background-repeat":"repeat","background-position":"center center","background-size":"auto","background-attachment":"scroll","background-type":"","background-media":"","overlay-type":"","overlay-color":"","overlay-gradient":""},"tablet":{"background-color":"","background-image":"","background-repeat":"repeat","background-position":"center center","background-size":"auto","background-attachment":"scroll","background-type":"","background-media":"","overlay-type":"","overlay-color":"","overlay-gradient":""},"mobile":{"background-color":"","background-image":"","background-repeat":"repeat","background-position":"center center","background-size":"auto","background-attachment":"scroll","background-type":"","background-media":"","overlay-type":"","overlay-color":"","overlay-gradient":""}},"ast-content-background-meta":{"desktop":{"background-color":"var(--ast-global-color-5)","background-image":"","background-repeat":"repeat","background-position":"center center","background-size":"auto","background-attachment":"scroll","background-type":"","background-media":"","overlay-type":"","overlay-color":"","overlay-gradient":""},"tablet":{"background-color":"var(--ast-global-color-5)","background-image":"","background-repeat":"repeat","background-position":"center center","background-size":"auto","background-attachment":"scroll","background-type":"","background-media":"","overlay-type":"","overlay-color":"","overlay-gradient":""},"mobile":{"background-color":"var(--ast-global-color-5)","background-image":"","background-repeat":"repeat","background-position":"center center","background-size":"auto","background-attachment":"scroll","background-type":"","background-media":"","overlay-type":"","overlay-color":"","overlay-gradient":""}},"footnotes":""},"categories":[1302,4677],"tags":[190223,382,190224,12226,5609,12681],"class_list":["post-91878","post","type-post","status-publish","format-standard","hentry","category-organizacion-y-gestion-de-empresas","category-sector-de-finanzas-y-seguros","tag-aldo-olcese-santonja","tag-jaume-gil-aluja","tag-juan-antonio-maroto-acin","tag-juan-carlos-gomez-sala","tag-juan-jose-duran-herrera","tag-prosper-lamothe-fernandez"],"_links":{"self":[{"href":"https:\/\/www.deberes.net\/tesis\/wp-json\/wp\/v2\/posts\/91878","targetHints":{"allow":["GET"]}}],"collection":[{"href":"https:\/\/www.deberes.net\/tesis\/wp-json\/wp\/v2\/posts"}],"about":[{"href":"https:\/\/www.deberes.net\/tesis\/wp-json\/wp\/v2\/types\/post"}],"author":[{"embeddable":true,"href":"https:\/\/www.deberes.net\/tesis\/wp-json\/wp\/v2\/users\/1"}],"replies":[{"embeddable":true,"href":"https:\/\/www.deberes.net\/tesis\/wp-json\/wp\/v2\/comments?post=91878"}],"version-history":[{"count":0,"href":"https:\/\/www.deberes.net\/tesis\/wp-json\/wp\/v2\/posts\/91878\/revisions"}],"wp:attachment":[{"href":"https:\/\/www.deberes.net\/tesis\/wp-json\/wp\/v2\/media?parent=91878"}],"wp:term":[{"taxonomy":"category","embeddable":true,"href":"https:\/\/www.deberes.net\/tesis\/wp-json\/wp\/v2\/categories?post=91878"},{"taxonomy":"post_tag","embeddable":true,"href":"https:\/\/www.deberes.net\/tesis\/wp-json\/wp\/v2\/tags?post=91878"}],"curies":[{"name":"wp","href":"https:\/\/api.w.org\/{rel}","templated":true}]}}