{"id":91884,"date":"2018-03-11T10:10:44","date_gmt":"2018-03-11T10:10:44","guid":{"rendered":"https:\/\/www.deberes.net\/tesis\/sin-categoria\/la-violencia-de-genero-en-los-medios-de-comunicacion\/"},"modified":"2018-03-11T10:10:44","modified_gmt":"2018-03-11T10:10:44","slug":"la-violencia-de-genero-en-los-medios-de-comunicacion","status":"publish","type":"post","link":"https:\/\/www.deberes.net\/tesis\/antropologia-cultural\/la-violencia-de-genero-en-los-medios-de-comunicacion\/","title":{"rendered":"La violencia de g\u00e9nero en los medios de comunicaci\u00f3n"},"content":{"rendered":"<h2>Tesis doctoral de <strong> Elena Rosell\u00f3 Nadal <\/strong><\/h2>\n<p>El objetivo general de esta investigaci\u00f3n es analizar el tratamiento del problema de la violencia de g\u00e9nero que se da en los medios de comunicaci\u00f3n, en general, y, en la prensa escrita en nuestro pa\u00eds, en particular. la finalidad del trabajo es demostrar que el discurso social sobre la violencia de g\u00e9nero en la prensa es una construcci\u00f3n cultural, es decir, un producto cultural, que est\u00e1 mediatizado por unas ideas preconcebidas y unos estereotipos socioculturales propios de una perspectiva androc\u00e9ntrica que refuerza un modelo de sociedad marcado por las diferencias de g\u00e9nero. si bien hay que reconocer la importante contribuci\u00f3n de los medios a la visibilizaci\u00f3n de la violencia de g\u00e9nero en el \u00e1mbito p\u00fablico, se considera que los medios no est\u00e1n contribuyendo a hacer un an\u00e1lisis en profundidad sobre las verdaderas causas estructurales y culturales de la violencia de g\u00e9nero.<\/p>\n<p>&nbsp;<\/p>\n<h3>Datos acad\u00e9micos de la tesis doctoral \u00ab<strong>La violencia de g\u00e9nero en los medios de comunicaci\u00f3n<\/strong>\u00ab<\/h3>\n<ul>\n<li><strong>T\u00edtulo de la tesis:<\/strong>\u00a0 La violencia de g\u00e9nero en los medios de comunicaci\u00f3n <\/li>\n<li><strong>Autor:<\/strong>\u00a0 Elena Rosell\u00f3 Nadal <\/li>\n<li><strong>Universidad:<\/strong>\u00a0 Alicante<\/li>\n<li><strong>Fecha de lectura de la tesis:<\/strong>\u00a0 26\/02\/2009<\/li>\n<\/ul>\n<p>&nbsp;<\/p>\n<h3>Direcci\u00f3n y tribunal<\/h3>\n<ul>\n<li><strong>Director de la tesis<\/strong>\n<ul>\n<li>Joaquin De Juan  Herrero<\/li>\n<\/ul>\n<\/li>\n<li><strong>Tribunal<\/strong>\n<ul>\n<li>Presidente del tribunal: rosa Ballester a\u00f1on <\/li>\n<li>Marta Martin llaguno (vocal)<\/li>\n<li>anastasia Tellez infantes (vocal)<\/li>\n<li>asuncion Ventura franch (vocal)<\/li>\n<\/ul>\n<\/li>\n<\/ul>\n<p>&nbsp;<\/p>\n","protected":false},"excerpt":{"rendered":"<p>Tesis doctoral de Elena Rosell\u00f3 Nadal El objetivo general de esta investigaci\u00f3n es analizar el tratamiento del problema de la [&hellip;]<\/p>\n","protected":false},"author":1,"featured_media":0,"comment_status":"open","ping_status":"open","sticky":false,"template":"","format":"standard","meta":{"site-sidebar-layout":"default","site-content-layout":"","ast-site-content-layout":"","site-content-style":"default","site-sidebar-style":"default","ast-global-header-display":"","ast-banner-title-visibility":"","ast-main-header-display":"","ast-hfb-above-header-display":"","ast-hfb-below-header-display":"","ast-hfb-mobile-header-display":"","site-post-title":"","ast-breadcrumbs-content":"","ast-featured-img":"","footer-sml-layout":"","theme-transparent-header-meta":"","adv-header-id-meta":"","stick-header-meta":"","header-above-stick-meta":"","header-main-stick-meta":"","header-below-stick-meta":"","astra-migrate-meta-layouts":"default","ast-page-background-enabled":"default","ast-page-background-meta":{"desktop":{"background-color":"var(--ast-global-color-4)","background-image":"","background-repeat":"repeat","background-position":"center center","background-size":"auto","background-attachment":"scroll","background-type":"","background-media":"","overlay-type":"","overlay-color":"","overlay-gradient":""},"tablet":{"background-color":"","background-image":"","background-repeat":"repeat","background-position":"center center","background-size":"auto","background-attachment":"scroll","background-type":"","background-media":"","overlay-type":"","overlay-color":"","overlay-gradient":""},"mobile":{"background-color":"","background-image":"","background-repeat":"repeat","background-position":"center center","background-size":"auto","background-attachment":"scroll","background-type":"","background-media":"","overlay-type":"","overlay-color":"","overlay-gradient":""}},"ast-content-background-meta":{"desktop":{"background-color":"var(--ast-global-color-5)","background-image":"","background-repeat":"repeat","background-position":"center center","background-size":"auto","background-attachment":"scroll","background-type":"","background-media":"","overlay-type":"","overlay-color":"","overlay-gradient":""},"tablet":{"background-color":"var(--ast-global-color-5)","background-image":"","background-repeat":"repeat","background-position":"center center","background-size":"auto","background-attachment":"scroll","background-type":"","background-media":"","overlay-type":"","overlay-color":"","overlay-gradient":""},"mobile":{"background-color":"var(--ast-global-color-5)","background-image":"","background-repeat":"repeat","background-position":"center center","background-size":"auto","background-attachment":"scroll","background-type":"","background-media":"","overlay-type":"","overlay-color":"","overlay-gradient":""}},"footnotes":""},"categories":[19166,983,4841,12919,13715],"tags":[190233,58976,190232,8669,59991,8427],"class_list":["post-91884","post","type-post","status-publish","format-standard","hentry","category-alicante","category-antropologia-cultural","category-prensa","category-simbolismo","category-sociologia-de-los-medios-de-comunicacion-de-masas","tag-anastasia-tellez-infantes","tag-asuncion-ventura-franch","tag-elena-rosello-nadal","tag-joaquin-de-juan-herrero","tag-marta-martin-llaguno","tag-rosa-ballester-anon"],"_links":{"self":[{"href":"https:\/\/www.deberes.net\/tesis\/wp-json\/wp\/v2\/posts\/91884","targetHints":{"allow":["GET"]}}],"collection":[{"href":"https:\/\/www.deberes.net\/tesis\/wp-json\/wp\/v2\/posts"}],"about":[{"href":"https:\/\/www.deberes.net\/tesis\/wp-json\/wp\/v2\/types\/post"}],"author":[{"embeddable":true,"href":"https:\/\/www.deberes.net\/tesis\/wp-json\/wp\/v2\/users\/1"}],"replies":[{"embeddable":true,"href":"https:\/\/www.deberes.net\/tesis\/wp-json\/wp\/v2\/comments?post=91884"}],"version-history":[{"count":0,"href":"https:\/\/www.deberes.net\/tesis\/wp-json\/wp\/v2\/posts\/91884\/revisions"}],"wp:attachment":[{"href":"https:\/\/www.deberes.net\/tesis\/wp-json\/wp\/v2\/media?parent=91884"}],"wp:term":[{"taxonomy":"category","embeddable":true,"href":"https:\/\/www.deberes.net\/tesis\/wp-json\/wp\/v2\/categories?post=91884"},{"taxonomy":"post_tag","embeddable":true,"href":"https:\/\/www.deberes.net\/tesis\/wp-json\/wp\/v2\/tags?post=91884"}],"curies":[{"name":"wp","href":"https:\/\/api.w.org\/{rel}","templated":true}]}}