{"id":91914,"date":"2018-03-11T10:10:48","date_gmt":"2018-03-11T10:10:48","guid":{"rendered":"https:\/\/www.deberes.net\/tesis\/sin-categoria\/la-idea-de-filosofa%c2%ada-en-ortega-y-gasset\/"},"modified":"2018-03-11T10:10:48","modified_gmt":"2018-03-11T10:10:48","slug":"la-idea-de-filosofa%c2%ada-en-ortega-y-gasset","status":"publish","type":"post","link":"https:\/\/www.deberes.net\/tesis\/sin-categoria\/la-idea-de-filosofa%c2%ada-en-ortega-y-gasset\/","title":{"rendered":"La idea de filosof\u00edaen ortega y gasset."},"content":{"rendered":"<h2>Tesis doctoral de <strong> Jes\u00fas Ruiz Fernandez <\/strong><\/h2>\n<p>Null el presente trabajo es una investigaci\u00f3n sobre la filosof\u00eda de la filosof\u00eda o metafilosof\u00eda de ortega y gasset, tema no suficientemente estudiado, a pesar de su enorme importancia. porque la idea de filosof\u00eda es la m\u00e1s importante de su sistema, por   ser la tesis primera de la que se deducen todas las dem\u00e1s y por su \u00edntima relaci\u00f3n con las ideas de espa\u00f1a y europa. Una vez europeizada espa\u00f1a con la filosof\u00eda, ortega se entrega a lo que podr\u00eda llamarse \u00abreeuropeizaci\u00f3n\u00bb de la misma europa, para sa carla de la crisis. Pero pretende hacerlo -consecuencia de una reforma de la idea de la filosof\u00eda- con una filosof\u00eda netamente espa\u00f1ola. La idea de filosof\u00eda en ortega y gasset es un producto de la \u00c2\u00bfcrisis de fin de siglo\u00c2\u00bf e inseparable de las ideas de filosof\u00eda espa\u00f1ola y de posmodernidad.  utilizando como m\u00e9todo de investigaci\u00f3n la raz\u00f3n vital, que, como la tesis demuestra, es el modo de pensar com\u00fan en la vida cotidiana, s\u00f3lo que de un modo riguroso en la ciencia y consciente en la filosof\u00eda,  el trabajo expone sistem\u00e1ticamente la idea de filosof\u00eda en ortega, progresando de los temas m\u00e1s superficiales a los m\u00e1s medulares. As\u00ed, despu\u00e9s de revel\u00e1rsenos como una conquista espec\u00edficamente europea, la filosof\u00eda se presenta como pensamiento, ra z\u00f3n o ciencia y filosof\u00eda en s\u00ed misma, para terminar destac\u00e1ndose como sociedad y lenguaje.  la tesis concluye que la idea de filosof\u00eda de ortega y gasset es la idea tradicional de filosofia, s\u00f3lo que actualizada, esto es vitalizada: relativizada com o un menester humano, circunstancializada y puesta a rodar en la historia. La idea de integraci\u00f3n la presidi\u00f3, lo que no pod\u00eda ser de otra manera trat\u00e1ndose de ortega, autor que, sin renunciar a ella, supera la modernidad, actitud que le sit\u00faa en la corriente integradora de la posmodernidad.    the idea of philosophy according to ortega y gasset  the present work is an investigation about ortega y gasset\u00c2\u00bfs metaphilosophy, a topic which has not been sufficiently studied despite its enormous impor tance. The idea of philosophy is the most important idea in his system, because it is the first thesis which all the others are deduced from, and because it has an intimate connection with the ideas of spain and europe. Once spain europeanised by phi losophy, ortega devotes himself to \u00c2\u00bfre-europenise\u00c2\u00bf europe in order to get it out of the crisis. nevertheless, he tries accomplishing this \u00c2\u00bfconsequence of a reform of the idea of philosophy- with a spanish philosophy. the idea of philosophy in ortega<\/p>\n<p>&nbsp;<\/p>\n<h3>Datos acad\u00e9micos de la tesis doctoral \u00ab<strong>La idea de filosof\u00edaen ortega y gasset.<\/strong>\u00ab<\/h3>\n<ul>\n<li><strong>T\u00edtulo de la tesis:<\/strong>\u00a0 La idea de filosof\u00edaen ortega y gasset. <\/li>\n<li><strong>Autor:<\/strong>\u00a0 Jes\u00fas Ruiz Fernandez <\/li>\n<li><strong>Universidad:<\/strong>\u00a0 Complutense de Madrid<\/li>\n<li><strong>Fecha de lectura de la tesis:<\/strong>\u00a0 27\/02\/2009<\/li>\n<\/ul>\n<p>&nbsp;<\/p>\n<h3>Direcci\u00f3n y tribunal<\/h3>\n<ul>\n<li><strong>Director de la tesis<\/strong>\n<ul>\n<li>Jos\u00e9 Luis Abellan Garcia<\/li>\n<\/ul>\n<\/li>\n<li><strong>Tribunal<\/strong>\n<ul>\n<li>Presidente del tribunal: ram\u00f3n Emilio (secretario) Mandado guti\u00e9rrez <\/li>\n<li>  (vocal)<\/li>\n<li>  (vocal)<\/li>\n<li>  (vocal)<\/li>\n<\/ul>\n<\/li>\n<\/ul>\n<p>&nbsp;<\/p>\n","protected":false},"excerpt":{"rendered":"<p>Tesis doctoral de Jes\u00fas Ruiz Fernandez Null el presente trabajo es una investigaci\u00f3n sobre la filosof\u00eda de la filosof\u00eda o [&hellip;]<\/p>\n","protected":false},"author":1,"featured_media":0,"comment_status":"open","ping_status":"open","sticky":false,"template":"","format":"standard","meta":{"site-sidebar-layout":"default","site-content-layout":"","ast-site-content-layout":"","site-content-style":"default","site-sidebar-style":"default","ast-global-header-display":"","ast-banner-title-visibility":"","ast-main-header-display":"","ast-hfb-above-header-display":"","ast-hfb-below-header-display":"","ast-hfb-mobile-header-display":"","site-post-title":"","ast-breadcrumbs-content":"","ast-featured-img":"","footer-sml-layout":"","theme-transparent-header-meta":"","adv-header-id-meta":"","stick-header-meta":"","header-above-stick-meta":"","header-main-stick-meta":"","header-below-stick-meta":"","astra-migrate-meta-layouts":"default","ast-page-background-enabled":"default","ast-page-background-meta":{"desktop":{"background-color":"var(--ast-global-color-4)","background-image":"","background-repeat":"repeat","background-position":"center center","background-size":"auto","background-attachment":"scroll","background-type":"","background-media":"","overlay-type":"","overlay-color":"","overlay-gradient":""},"tablet":{"background-color":"","background-image":"","background-repeat":"repeat","background-position":"center center","background-size":"auto","background-attachment":"scroll","background-type":"","background-media":"","overlay-type":"","overlay-color":"","overlay-gradient":""},"mobile":{"background-color":"","background-image":"","background-repeat":"repeat","background-position":"center center","background-size":"auto","background-attachment":"scroll","background-type":"","background-media":"","overlay-type":"","overlay-color":"","overlay-gradient":""}},"ast-content-background-meta":{"desktop":{"background-color":"var(--ast-global-color-5)","background-image":"","background-repeat":"repeat","background-position":"center center","background-size":"auto","background-attachment":"scroll","background-type":"","background-media":"","overlay-type":"","overlay-color":"","overlay-gradient":""},"tablet":{"background-color":"var(--ast-global-color-5)","background-image":"","background-repeat":"repeat","background-position":"center center","background-size":"auto","background-attachment":"scroll","background-type":"","background-media":"","overlay-type":"","overlay-color":"","overlay-gradient":""},"mobile":{"background-color":"var(--ast-global-color-5)","background-image":"","background-repeat":"repeat","background-position":"center center","background-size":"auto","background-attachment":"scroll","background-type":"","background-media":"","overlay-type":"","overlay-color":"","overlay-gradient":""}},"footnotes":""},"categories":[1],"tags":[190296,23963,190297],"class_list":["post-91914","post","type-post","status-publish","format-standard","hentry","category-sin-categoria","tag-jesus-ruiz-fernandez","tag-jose-luis-abellan-garcia","tag-ramon-emilio-secretario-mandado-gutierrez"],"_links":{"self":[{"href":"https:\/\/www.deberes.net\/tesis\/wp-json\/wp\/v2\/posts\/91914","targetHints":{"allow":["GET"]}}],"collection":[{"href":"https:\/\/www.deberes.net\/tesis\/wp-json\/wp\/v2\/posts"}],"about":[{"href":"https:\/\/www.deberes.net\/tesis\/wp-json\/wp\/v2\/types\/post"}],"author":[{"embeddable":true,"href":"https:\/\/www.deberes.net\/tesis\/wp-json\/wp\/v2\/users\/1"}],"replies":[{"embeddable":true,"href":"https:\/\/www.deberes.net\/tesis\/wp-json\/wp\/v2\/comments?post=91914"}],"version-history":[{"count":0,"href":"https:\/\/www.deberes.net\/tesis\/wp-json\/wp\/v2\/posts\/91914\/revisions"}],"wp:attachment":[{"href":"https:\/\/www.deberes.net\/tesis\/wp-json\/wp\/v2\/media?parent=91914"}],"wp:term":[{"taxonomy":"category","embeddable":true,"href":"https:\/\/www.deberes.net\/tesis\/wp-json\/wp\/v2\/categories?post=91914"},{"taxonomy":"post_tag","embeddable":true,"href":"https:\/\/www.deberes.net\/tesis\/wp-json\/wp\/v2\/tags?post=91914"}],"curies":[{"name":"wp","href":"https:\/\/api.w.org\/{rel}","templated":true}]}}