{"id":91921,"date":"2018-03-11T10:10:48","date_gmt":"2018-03-11T10:10:48","guid":{"rendered":"https:\/\/www.deberes.net\/tesis\/sin-categoria\/aportaciones-al-estudio-de-la-flora-y-vegetacion-del-extremo-ne-de-la-provincia-de-albacete-y-zonas-adyacentes-de-la-provincia-de-valencia-espana\/"},"modified":"2018-03-11T10:10:48","modified_gmt":"2018-03-11T10:10:48","slug":"aportaciones-al-estudio-de-la-flora-y-vegetacion-del-extremo-ne-de-la-provincia-de-albacete-y-zonas-adyacentes-de-la-provincia-de-valencia-espana","status":"publish","type":"post","link":"https:\/\/www.deberes.net\/tesis\/ecologia-vegetal\/aportaciones-al-estudio-de-la-flora-y-vegetacion-del-extremo-ne-de-la-provincia-de-albacete-y-zonas-adyacentes-de-la-provincia-de-valencia-espana\/","title":{"rendered":"Aportaciones al estudio de la flora y vegetaci\u00f3n del extremo ne de la provincia de albacete y zonas adyacentes de la provincia de Valencia (espa\u00f1a)"},"content":{"rendered":"<h2>Tesis doctoral de <strong> Jos\u00e9 G\u00f3mez Navarro <\/strong><\/h2>\n<p>A grandes rasgos, el territorio que nos ocupa est\u00e1 situado en los \u00faltimos tramos del se de la submeseta s y por tanto cerca o en la convergencia, de las cordilleras ib\u00e9ricas con las cordilleras b\u00e9ticas. Precisando m\u00e1s se ubica al o de la confluencia de los r\u00edos j\u00facar y cabriel, en un \u00e1rea que comprende el ne de la provincia de albacete m\u00e1s zonas adyacentes de la provincia de Valencia. Tiene una superficie aproximada de 850 km2. Geomorfol\u00f3gicamente sobresalen parte de los valles de los r\u00edos j\u00facar y cabriel, hasta el encuentro de \u00e9stos; una suave y extensa llanura que se dispone entre ambos valles; y tramos de las sierras de la caballa y del boquer\u00f3n, situados \u00e9stos en el l\u00edmite meridional. El rango altitudinal oscila entre unos 320 m en el embalse de embarcaderos (cofrentes) y unos 1.000 m en las cumbres de las sierras mencionadas.    desde el punto de vista geol\u00f3gico predominan por un lado los afloramientos de sedimentos mesozoicos y dentro de \u00e9stos los tri\u00e1sicos -bastante accidentados y en su mayor parte de naturaleza margoyes\u00edfera- y los cret\u00e1cicos -menos accidentados y de naturaleza carbonatada-; y por otro los afloramientos de sedimentos terciarios, que adoptan una disposici\u00f3n tabular m\u00e1s o menos horizontal, y generalmente est\u00e1n carbonatados. Tambi\u00e9n con menor cobertura se pueden apreciar sedimentos cuaternarios que descansan sobre los anteriores.    el territorio posee un clima mediterr\u00e1neo (acusada sequ\u00eda estival) y goza en su mayor parte de un r\u00e9gimen t\u00e9rmico continentalizado (fuerte contraste de temperatura verano-invierno y d\u00eda-noche), por otro lado la zona de estudio est\u00e1 considerada en el territorio espa\u00f1ol, como una de las que presenta una precipitaci\u00f3n m\u00e1xima diaria m\u00e1s extrema, por lo que se ha visto afectada por riadas, la m\u00e1s reciente fechada en octubre de 1982. los tipos de suelo m\u00e1s representados, por orden de extensi\u00f3n superficial son los inceptisoles, entisoles y aridisoles y en menor medida los alfisoles y mollisoles. La vegetaci\u00f3n que se desarrolla en ellos es mayoritariamente calc\u00edcola, en menor medida gips\u00edcola y en enclaves muy localizados sabul\u00edcola (psam\u00f3fila).    por lo que a la hidrograf\u00eda se refiere, toda la zona queda enmarcada en la cuenca del r\u00edo j\u00facar, si bien la mayor parte de ella pertenece a la subcuenca del r\u00edo cabriel. Ambos r\u00edos atraviesan el territorio y discurren en buena parte de su recorrido describiendo un curso meandriforme. El r\u00edo j\u00facar salvo en el \u00faltimo tramo del \u00e1rea estudiada se presenta profundamente encajonado en una fosa tect\u00f3nica, conocida como hoz del j\u00facar y su caudal se haya regulado mediante dos embalses, el del molinar (villa de ves) y el de embarcaderos (cofrentes). Los dos r\u00edos contribuyen a la obtenci\u00f3n de energ\u00eda mediante centrales hidroel\u00e9ctricas instaladas junto a sus cauces.    demogr\u00e1ficamente cabe decir que en la zona no se asientan grandes n\u00facleos urbanos, presentando en su mayor\u00eda un descenso de habitantes salvo en casas ib\u00e1\u00f1ez -el municipio m\u00e1s poblado con 4.472 habitantes en su casco urbano a fecha 1 de enero de 2006-, villamalea y cofrentes. La econom\u00eda del territorio se basa fundamentalmente en el sector primario, si bien hay que destacar la gran y diversificada producci\u00f3n energ\u00e9tica (nuclear, hidroel\u00e9ctrica, e\u00f3lica y solar).    los antecedentes hist\u00f3ricos que se refieren a la flora del \u00e1rea estudiada, muestran un paisaje antes dominado por carrascas. Tambi\u00e9n se citan cultivos hoy desaparecidos como son el del lino, la morera y el azafr\u00e1n.    se ha registrado un total de 93 top\u00f3nimos con connotaciones bot\u00e1nicas de entre los utilizados en la cartograf\u00eda consultada.    desde el punto de vista bioclim\u00e1tico -seg\u00fan rivas-mart\u00ednez, 2006- los datos suministrados por los observatorios de casas ib\u00e1\u00f1ez y cofrentes se corresponden con un macroclima mediterr\u00e1neo, bioclima pluviestacional oce\u00e1nico, termotipo mesomediterr\u00e1neo (superior para la primera estaci\u00f3n e inferior para la segunda) y ombrotipo seco, si bien en el territorio existen enclaves en los que se pueden reconocer tanto los termotipos termo- y supramediterr\u00e1neo, as\u00ed como los ombrotipos (h\u00famedo) subh\u00famedo y \u00e1rido.    biogeogr\u00e1ficamente el territorio est\u00e1 encuadrado en el reino hol\u00e1rtico, regi\u00f3n mediterr\u00e1nea y participa de dos provincias corol\u00f3gicas: la Valenciano-catalano-provenzal y la castellano-maestrazgo-manchega, representadas la primera por el sector setabense y los subsectores enguerino-cofrentino y ayorano-villenense; y la segunda por el sector manchego, subsector manchego-sucrense. [Escudero &#038; al. (1995) y de la torre &#038; al. (1996a)]    en lo referente a \u00e1reas protegidas, parte del territorio estudiado est\u00e1 integrado en el parque natural hoces del cabriel. Tambi\u00e9n participa de 4 lics: hoces del cabriel, valle de ayora y sierra del boquer\u00f3n, hoces del cabriel, guadaza\u00f3n y ojos de moya y hoces del r\u00edo j\u00facar; y de 4 zepas. Adem\u00e1s la provincia de Valencia cuenta en el territorio y sus inmediaciones con 6 microrreservas vegetales.    se ha confeccionado un herbario propio que contiene actualmente 2.600 pliegos. El cat\u00e1logo flor\u00edstico consta de un listado numerado con 1.279 t\u00e1xones, de los cuales la inmensa mayor\u00eda est\u00e1n refrendados por al menos un pliego testigo, 37 t\u00e1xones son nuevos para la provincia de albacete y 19 para la provincia de Valencia, 2 han sido descritos por primera vez. Se incluye adem\u00e1s otro listado con 264 plantas citadas en el territorio o en sus inmediaciones, pero que no hemos visto, o bien descartamos su presencia.    en el apartado de vegetaci\u00f3n se expone un sinsistema fitosociol\u00f3gico del \u00e1rea estudiada, ordenado jer\u00e1rquicamente hasta el nivel de asociaci\u00f3n, subasociaci\u00f3n o comunidad seg\u00fan el caso. Se describen 121 asociaciones y 10 comunidades -en total 131 unidades de vegetaci\u00f3n-, refrendadas con sus respectivas tablas fitosociol\u00f3gicas que han sido elaboradas exclusivamente con inventarios propios. Se proponen y tipifican una subalianza, 16 asociaciones y 28 subasociaciones nuevas.    el paisaje vegetal del territorio se sintetiza en 15 series de vegetaci\u00f3n, 7 climat\u00f3filas y 8 edaf\u00f3filas y de \u00e9stas, 6 edafohigr\u00f3filas y las 2 restantes edafoxer\u00f3filas. Mediante esquemas din\u00e1micos se ilustran las 15 series de vegetaci\u00f3n que se reconocen en el \u00e1rea estudiada.    en la valoraci\u00f3n bot\u00e1nica de la zona estudiada se hacen 24 propuestas destinadas a la protecci\u00f3n de varios t\u00e1xones, formaciones vegetales y lugares de especial inter\u00e9s bot\u00e1nico. Tambi\u00e9n se mencionan 3 plantas al\u00f3ctonas que a nuestro juicio presentan un car\u00e1cter invasor y deber\u00edan adoptarse medidas para su control.    tras el apartado de bibliograf\u00eda se incluyen \u00edndices de la obra: general, taxon\u00f3mico, de nombres vern\u00e1culos, sintaxon\u00f3mico, de tablas, de mapas, de gr\u00e1ficas y de tablas fitosociol\u00f3gicas. Finalmente se adjunta un anexo con 94 fotograf\u00edas.<\/p>\n<p>&nbsp;<\/p>\n<h3>Datos acad\u00e9micos de la tesis doctoral \u00ab<strong>Aportaciones al estudio de la flora y vegetaci\u00f3n del extremo ne de la provincia de albacete y zonas adyacentes de la provincia de Valencia (espa\u00f1a)<\/strong>\u00ab<\/h3>\n<ul>\n<li><strong>T\u00edtulo de la tesis:<\/strong>\u00a0 Aportaciones al estudio de la flora y vegetaci\u00f3n del extremo ne de la provincia de albacete y zonas adyacentes de la provincia de Valencia (espa\u00f1a) <\/li>\n<li><strong>Autor:<\/strong>\u00a0 Jos\u00e9 G\u00f3mez Navarro <\/li>\n<li><strong>Universidad:<\/strong>\u00a0 Universitat de val\u00e9ncia (estudi general)<\/li>\n<li><strong>Fecha de lectura de la tesis:<\/strong>\u00a0 27\/02\/2009<\/li>\n<\/ul>\n<p>&nbsp;<\/p>\n<h3>Direcci\u00f3n y tribunal<\/h3>\n<ul>\n<li><strong>Director de la tesis<\/strong>\n<ul>\n<li>Juan  Bautista Peris Gisbert<\/li>\n<\/ul>\n<\/li>\n<li><strong>Tribunal<\/strong>\n<ul>\n<li>Presidente del tribunal: ramon Masalles saumell <\/li>\n<li>Francisco Javier Esteras p\u00e9rez (vocal)<\/li>\n<li>santos Cirujano bracamonte (vocal)<\/li>\n<li>Juan  bautista Mart\u00ednez laborde (vocal)<\/li>\n<\/ul>\n<\/li>\n<\/ul>\n<p>&nbsp;<\/p>\n","protected":false},"excerpt":{"rendered":"<p>Tesis doctoral de Jos\u00e9 G\u00f3mez Navarro A grandes rasgos, el territorio que nos ocupa est\u00e1 situado en los \u00faltimos tramos [&hellip;]<\/p>\n","protected":false},"author":1,"featured_media":0,"comment_status":"open","ping_status":"open","sticky":false,"template":"","format":"standard","meta":{"site-sidebar-layout":"default","site-content-layout":"","ast-site-content-layout":"","site-content-style":"default","site-sidebar-style":"default","ast-global-header-display":"","ast-banner-title-visibility":"","ast-main-header-display":"","ast-hfb-above-header-display":"","ast-hfb-below-header-display":"","ast-hfb-mobile-header-display":"","site-post-title":"","ast-breadcrumbs-content":"","ast-featured-img":"","footer-sml-layout":"","theme-transparent-header-meta":"","adv-header-id-meta":"","stick-header-meta":"","header-above-stick-meta":"","header-main-stick-meta":"","header-below-stick-meta":"","astra-migrate-meta-layouts":"default","ast-page-background-enabled":"default","ast-page-background-meta":{"desktop":{"background-color":"var(--ast-global-color-4)","background-image":"","background-repeat":"repeat","background-position":"center center","background-size":"auto","background-attachment":"scroll","background-type":"","background-media":"","overlay-type":"","overlay-color":"","overlay-gradient":""},"tablet":{"background-color":"","background-image":"","background-repeat":"repeat","background-position":"center center","background-size":"auto","background-attachment":"scroll","background-type":"","background-media":"","overlay-type":"","overlay-color":"","overlay-gradient":""},"mobile":{"background-color":"","background-image":"","background-repeat":"repeat","background-position":"center center","background-size":"auto","background-attachment":"scroll","background-type":"","background-media":"","overlay-type":"","overlay-color":"","overlay-gradient":""}},"ast-content-background-meta":{"desktop":{"background-color":"var(--ast-global-color-5)","background-image":"","background-repeat":"repeat","background-position":"center center","background-size":"auto","background-attachment":"scroll","background-type":"","background-media":"","overlay-type":"","overlay-color":"","overlay-gradient":""},"tablet":{"background-color":"var(--ast-global-color-5)","background-image":"","background-repeat":"repeat","background-position":"center center","background-size":"auto","background-attachment":"scroll","background-type":"","background-media":"","overlay-type":"","overlay-color":"","overlay-gradient":""},"mobile":{"background-color":"var(--ast-global-color-5)","background-image":"","background-repeat":"repeat","background-position":"center center","background-size":"auto","background-attachment":"scroll","background-type":"","background-media":"","overlay-type":"","overlay-color":"","overlay-gradient":""}},"footnotes":""},"categories":[972,620,2240,136695],"tags":[190311,190309,23598,190310,19967,7085],"class_list":["post-91921","post","type-post","status-publish","format-standard","hentry","category-botanica","category-ecologia-vegetal","category-flora-mediterranea","category-taxonomia-de-plantas-vasculares","tag-francisco-javier-esteras-perez","tag-jose-gomez-navarro","tag-juan-bautista-Martinez-laborde","tag-juan-bautista-peris-gisbert","tag-ramon-masalles-saumell","tag-santos-cirujano-bracamonte"],"_links":{"self":[{"href":"https:\/\/www.deberes.net\/tesis\/wp-json\/wp\/v2\/posts\/91921","targetHints":{"allow":["GET"]}}],"collection":[{"href":"https:\/\/www.deberes.net\/tesis\/wp-json\/wp\/v2\/posts"}],"about":[{"href":"https:\/\/www.deberes.net\/tesis\/wp-json\/wp\/v2\/types\/post"}],"author":[{"embeddable":true,"href":"https:\/\/www.deberes.net\/tesis\/wp-json\/wp\/v2\/users\/1"}],"replies":[{"embeddable":true,"href":"https:\/\/www.deberes.net\/tesis\/wp-json\/wp\/v2\/comments?post=91921"}],"version-history":[{"count":0,"href":"https:\/\/www.deberes.net\/tesis\/wp-json\/wp\/v2\/posts\/91921\/revisions"}],"wp:attachment":[{"href":"https:\/\/www.deberes.net\/tesis\/wp-json\/wp\/v2\/media?parent=91921"}],"wp:term":[{"taxonomy":"category","embeddable":true,"href":"https:\/\/www.deberes.net\/tesis\/wp-json\/wp\/v2\/categories?post=91921"},{"taxonomy":"post_tag","embeddable":true,"href":"https:\/\/www.deberes.net\/tesis\/wp-json\/wp\/v2\/tags?post=91921"}],"curies":[{"name":"wp","href":"https:\/\/api.w.org\/{rel}","templated":true}]}}