{"id":91926,"date":"2018-03-11T10:10:48","date_gmt":"2018-03-11T10:10:48","guid":{"rendered":"https:\/\/www.deberes.net\/tesis\/sin-categoria\/la-clausula-de-conciencia-de-los-profesionales-de-la-informacion\/"},"modified":"2018-03-11T10:10:48","modified_gmt":"2018-03-11T10:10:48","slug":"la-clausula-de-conciencia-de-los-profesionales-de-la-informacion","status":"publish","type":"post","link":"https:\/\/www.deberes.net\/tesis\/derecho-del-trabajo-y-de-la-seguridad-social\/la-clausula-de-conciencia-de-los-profesionales-de-la-informacion\/","title":{"rendered":"La cl\u00e1usula de conciencia de los profesionales de la informaci\u00f3n"},"content":{"rendered":"<h2>Tesis doctoral de <strong> Carolina Blasco Jover <\/strong><\/h2>\n<p>Quiz\u00e1s pueda pensarse que hablar del derecho a la \u00abcl\u00e1usula de conciencia\u00bb en el ordenamiento jur\u00eddico espa\u00f1ol es una tarea sencilla, que no requerir\u00eda de gran profundizaci\u00f3n. De hecho, en principio, parece que ya est\u00e9 todo dicho. Se trata de un derecho que nuestra constituci\u00f3n reconoce como fundamental (con lo que ello supone) y que encuentra desarrollo en una ley org\u00e1nica (lo 2\/1997, de 19 de junio, reguladora de la cl\u00e1usula de conciencia de los periodistas)  de apenas tres art\u00edculos. Norma, por otra parte, que, salvo cierta excepci\u00f3n (su controvertido art\u00edculo tercero, que plantea la posibilidad de que el periodista pueda oponerse a ejecutar \u00f3rdenes que supongan la elaboraci\u00f3n de informaciones contrarias a la deontolog\u00eda profesional), es heredera en lo fundamental de la regulaci\u00f3n francesa de entreguerras: la cl\u00e1usula de conciencia, en su sentido m\u00e1s cl\u00e1sico y tradicional, debe entenderse como un derecho de corte moral que permite al periodista profesional extinguir su relaci\u00f3n contractual con la empresa informativa para la que presta sus servicios y obtener una indemnizaci\u00f3n, al menos equivalente, a la que le hubiera correspondido en el caso de despido improcedente. Y todo ello debido a una causa fundamental: los cambios profundos en la l\u00ednea de actuaci\u00f3n y pensamiento que identifica a la empresa en el mercado, ante su p\u00fablico y ante sus operarios.  cabe advertir, esto no obstante, que el int\u00e9rprete que pretenda efectuar una acercamiento a este derecho se encontrar\u00e1 con serias dificultades a causa, fundamentalmente, de la nula tradici\u00f3n legislativa espa\u00f1ola, de la incorporaci\u00f3n del derecho en la constituci\u00f3n a trav\u00e9s \u00fanicamente de su nomen iuris (\u00c2\u00bfc\u00f3mo determinar su contenido esencial?) Y de la falta de certeza sobre qui\u00e9n debe considerarse profesional de la informaci\u00f3n titular de la cl\u00e1usula (\u00c2\u00bfel periodista titulado? \u00c2\u00bfel periodista vinculado a la empresa mediante un contrato de trabajo?) . Adem\u00e1s, a ello a\u00fan se le a\u00f1ade el problema de averiguar cu\u00e1l ha de ser el procedimiento a seguir en el caso de que el profesional opte por extinguir su contrato ex art. 2 lo 2\/1997. Porque, del tenor literal del precepto org\u00e1nico, parece desprenderse que el periodista accionante debe solicitar judicialmente la extinci\u00f3n de su contrato, lo cual le obligar\u00eda a permanecer en su puesto de trabajo hasta que recayese sentencia a su favor. No obstante, el tribunal constitucional en su segunda sentencia sobre la materia (stc 225\/2002, de 9 de diciembre), dictamin\u00f3 que el periodista pod\u00eda dimitir de su puesto de trabajo desde el mismo momento que considerara amenazada su conciencia, con la posibilidad, eso s\u00ed, de reclamar a posteriori la indemnizaci\u00f3n correspondiente ante los tribunales. \u00c2\u00bfestar\u00edamos, entonces, ante un supuesto de inconstitucionalidad de una norma org\u00e1nica?  en todo caso, en fin, todas estas cuestiones y debates abiertos traen un tema de fondo mucho m\u00e1s amplio y complejo: el de la utilidad real y pr\u00e1ctica de la cl\u00e1usula, al menos, en su facultad extintiva. Porque en un \u00e1mbito profesional caracterizado por la alta tasa de precariedad laboral existente (bajos salarios, demanda masiva de empleo, oferta m\u00ednima de trabajo, desregulaci\u00f3n de la profesi\u00f3n, generalizaci\u00f3n de ciertas pr\u00e1cticas abusivas de simulaci\u00f3n contractual), no debe extra\u00f1ar que el riesgo a quedarse sin empleo a causa de una extinci\u00f3n originada, no en algo de primer orden o de relevancia laboral y\/o econ\u00f3mica, sino en las propias convicciones personales, motive el escaso n\u00famero de alegaciones del derecho que se han realizado en espa\u00f1a desde su incorporaci\u00f3n al texto constitucional en 1978.<\/p>\n<p>&nbsp;<\/p>\n<h3>Datos acad\u00e9micos de la tesis doctoral \u00ab<strong>La cl\u00e1usula de conciencia de los profesionales de la informaci\u00f3n<\/strong>\u00ab<\/h3>\n<ul>\n<li><strong>T\u00edtulo de la tesis:<\/strong>\u00a0 La cl\u00e1usula de conciencia de los profesionales de la informaci\u00f3n <\/li>\n<li><strong>Autor:<\/strong>\u00a0 Carolina Blasco Jover <\/li>\n<li><strong>Universidad:<\/strong>\u00a0 Alicante<\/li>\n<li><strong>Fecha de lectura de la tesis:<\/strong>\u00a0 27\/02\/2009<\/li>\n<\/ul>\n<p>&nbsp;<\/p>\n<h3>Direcci\u00f3n y tribunal<\/h3>\n<ul>\n<li><strong>Director de la tesis<\/strong>\n<ul>\n<li>tarruella Mart\u00ednez L\u00f3pez<\/li>\n<\/ul>\n<\/li>\n<li><strong>Tribunal<\/strong>\n<ul>\n<li>Presidente del tribunal: Luis enrique De la villa gil <\/li>\n<li>\u00e1ngel Antonio Blasco pellicer (vocal)<\/li>\n<li>lourdes L\u00f3pez cumbre (vocal)<\/li>\n<li>Juan L\u00f3pez gand\u00eda (vocal)<\/li>\n<\/ul>\n<\/li>\n<\/ul>\n<p>&nbsp;<\/p>\n","protected":false},"excerpt":{"rendered":"<p>Tesis doctoral de Carolina Blasco Jover Quiz\u00e1s pueda pensarse que hablar del derecho a la \u00abcl\u00e1usula de conciencia\u00bb en el [&hellip;]<\/p>\n","protected":false},"author":1,"featured_media":0,"comment_status":"open","ping_status":"open","sticky":false,"template":"","format":"standard","meta":{"site-sidebar-layout":"default","site-content-layout":"","ast-site-content-layout":"","site-content-style":"default","site-sidebar-style":"default","ast-global-header-display":"","ast-banner-title-visibility":"","ast-main-header-display":"","ast-hfb-above-header-display":"","ast-hfb-below-header-display":"","ast-hfb-mobile-header-display":"","site-post-title":"","ast-breadcrumbs-content":"","ast-featured-img":"","footer-sml-layout":"","theme-transparent-header-meta":"","adv-header-id-meta":"","stick-header-meta":"","header-above-stick-meta":"","header-main-stick-meta":"","header-below-stick-meta":"","astra-migrate-meta-layouts":"default","ast-page-background-enabled":"default","ast-page-background-meta":{"desktop":{"background-color":"var(--ast-global-color-4)","background-image":"","background-repeat":"repeat","background-position":"center center","background-size":"auto","background-attachment":"scroll","background-type":"","background-media":"","overlay-type":"","overlay-color":"","overlay-gradient":""},"tablet":{"background-color":"","background-image":"","background-repeat":"repeat","background-position":"center center","background-size":"auto","background-attachment":"scroll","background-type":"","background-media":"","overlay-type":"","overlay-color":"","overlay-gradient":""},"mobile":{"background-color":"","background-image":"","background-repeat":"repeat","background-position":"center center","background-size":"auto","background-attachment":"scroll","background-type":"","background-media":"","overlay-type":"","overlay-color":"","overlay-gradient":""}},"ast-content-background-meta":{"desktop":{"background-color":"var(--ast-global-color-5)","background-image":"","background-repeat":"repeat","background-position":"center center","background-size":"auto","background-attachment":"scroll","background-type":"","background-media":"","overlay-type":"","overlay-color":"","overlay-gradient":""},"tablet":{"background-color":"var(--ast-global-color-5)","background-image":"","background-repeat":"repeat","background-position":"center center","background-size":"auto","background-attachment":"scroll","background-type":"","background-media":"","overlay-type":"","overlay-color":"","overlay-gradient":""},"mobile":{"background-color":"var(--ast-global-color-5)","background-image":"","background-repeat":"repeat","background-position":"center center","background-size":"auto","background-attachment":"scroll","background-type":"","background-media":"","overlay-type":"","overlay-color":"","overlay-gradient":""}},"footnotes":""},"categories":[19166,2170,24102,5051,4841],"tags":[11487,190318,26860,87872,9455,41086],"class_list":["post-91926","post","type-post","status-publish","format-standard","hentry","category-alicante","category-derecho-del-trabajo-y-de-la-seguridad-social","category-informacion","category-medios-de-comunicacion-de-masas","category-prensa","tag-angel-antonio-blasco-pellicer","tag-carolina-blasco-jover","tag-juan-lopez-gandia","tag-lourdes-lopez-cumbre","tag-luis-enrique-de-la-villa-gil","tag-tarruella-Martinez-lopez"],"_links":{"self":[{"href":"https:\/\/www.deberes.net\/tesis\/wp-json\/wp\/v2\/posts\/91926","targetHints":{"allow":["GET"]}}],"collection":[{"href":"https:\/\/www.deberes.net\/tesis\/wp-json\/wp\/v2\/posts"}],"about":[{"href":"https:\/\/www.deberes.net\/tesis\/wp-json\/wp\/v2\/types\/post"}],"author":[{"embeddable":true,"href":"https:\/\/www.deberes.net\/tesis\/wp-json\/wp\/v2\/users\/1"}],"replies":[{"embeddable":true,"href":"https:\/\/www.deberes.net\/tesis\/wp-json\/wp\/v2\/comments?post=91926"}],"version-history":[{"count":0,"href":"https:\/\/www.deberes.net\/tesis\/wp-json\/wp\/v2\/posts\/91926\/revisions"}],"wp:attachment":[{"href":"https:\/\/www.deberes.net\/tesis\/wp-json\/wp\/v2\/media?parent=91926"}],"wp:term":[{"taxonomy":"category","embeddable":true,"href":"https:\/\/www.deberes.net\/tesis\/wp-json\/wp\/v2\/categories?post=91926"},{"taxonomy":"post_tag","embeddable":true,"href":"https:\/\/www.deberes.net\/tesis\/wp-json\/wp\/v2\/tags?post=91926"}],"curies":[{"name":"wp","href":"https:\/\/api.w.org\/{rel}","templated":true}]}}