{"id":91961,"date":"2018-03-11T10:10:48","date_gmt":"2018-03-11T10:10:48","guid":{"rendered":"https:\/\/www.deberes.net\/tesis\/sin-categoria\/estudio-de-la-funcion-de-dot1-en-la-respuesta-celular-al-dano-en-el-dna-en-saccharomyces-cerevisiae\/"},"modified":"2018-03-11T10:10:48","modified_gmt":"2018-03-11T10:10:48","slug":"estudio-de-la-funcion-de-dot1-en-la-respuesta-celular-al-dano-en-el-dna-en-saccharomyces-cerevisiae","status":"publish","type":"post","link":"https:\/\/www.deberes.net\/tesis\/salamanca\/estudio-de-la-funcion-de-dot1-en-la-respuesta-celular-al-dano-en-el-dna-en-saccharomyces-cerevisiae\/","title":{"rendered":"Estudio de la funci\u00f3n de dot1 en la respuesta celular al da\u00f1o en el dna en saccharomyces cerevisiae"},"content":{"rendered":"<h2>Tesis doctoral de <strong> Francisco Manuel Conde P\u00e9rez <\/strong><\/h2>\n<p>En este trabajo se estudia el papel de la prote\u00edna dot1 de s. Cerevisiae, responsable de la metilaci\u00f3n del residuo k79 de la histona h3, en varios aspectos de la respuesta celular frente a diferentes tipos de lesiones en el genoma.<\/p>\n<p>&nbsp;<\/p>\n<h3>Datos acad\u00e9micos de la tesis doctoral \u00ab<strong>Estudio de la funci\u00f3n de dot1 en la respuesta celular al da\u00f1o en el dna en saccharomyces cerevisiae<\/strong>\u00ab<\/h3>\n<ul>\n<li><strong>T\u00edtulo de la tesis:<\/strong>\u00a0 Estudio de la funci\u00f3n de dot1 en la respuesta celular al da\u00f1o en el dna en saccharomyces cerevisiae <\/li>\n<li><strong>Autor:<\/strong>\u00a0 Francisco Manuel Conde P\u00e9rez <\/li>\n<li><strong>Universidad:<\/strong>\u00a0 Salamanca<\/li>\n<li><strong>Fecha de lectura de la tesis:<\/strong>\u00a0 27\/02\/2009<\/li>\n<\/ul>\n<p>&nbsp;<\/p>\n<h3>Direcci\u00f3n y tribunal<\/h3>\n<ul>\n<li><strong>Director de la tesis<\/strong>\n<ul>\n<li>Pedro Antonio San Segundo Nieto<\/li>\n<\/ul>\n<\/li>\n<li><strong>Tribunal<\/strong>\n<ul>\n<li>Presidente del tribunal: andr\u00e9s Aguilera l\u00f3pez <\/li>\n<li>Jos\u00e9 f\u00e9lix Prado velasco (vocal)<\/li>\n<li>Jos\u00e9 Antonio Tercero ordu\u00f1a (vocal)<\/li>\n<li>Ana Losada valiente (vocal)<\/li>\n<\/ul>\n<\/li>\n<\/ul>\n<p>&nbsp;<\/p>\n","protected":false},"excerpt":{"rendered":"<p>Tesis doctoral de Francisco Manuel Conde P\u00e9rez En este trabajo se estudia el papel de la prote\u00edna dot1 de s. [&hellip;]<\/p>\n","protected":false},"author":1,"featured_media":0,"comment_status":"open","ping_status":"open","sticky":false,"template":"","format":"standard","meta":{"site-sidebar-layout":"default","site-content-layout":"","ast-site-content-layout":"","site-content-style":"default","site-sidebar-style":"default","ast-global-header-display":"","ast-banner-title-visibility":"","ast-main-header-display":"","ast-hfb-above-header-display":"","ast-hfb-below-header-display":"","ast-hfb-mobile-header-display":"","site-post-title":"","ast-breadcrumbs-content":"","ast-featured-img":"","footer-sml-layout":"","theme-transparent-header-meta":"","adv-header-id-meta":"","stick-header-meta":"","header-above-stick-meta":"","header-main-stick-meta":"","header-below-stick-meta":"","astra-migrate-meta-layouts":"default","ast-page-background-enabled":"default","ast-page-background-meta":{"desktop":{"background-color":"var(--ast-global-color-4)","background-image":"","background-repeat":"repeat","background-position":"center center","background-size":"auto","background-attachment":"scroll","background-type":"","background-media":"","overlay-type":"","overlay-color":"","overlay-gradient":""},"tablet":{"background-color":"","background-image":"","background-repeat":"repeat","background-position":"center center","background-size":"auto","background-attachment":"scroll","background-type":"","background-media":"","overlay-type":"","overlay-color":"","overlay-gradient":""},"mobile":{"background-color":"","background-image":"","background-repeat":"repeat","background-position":"center center","background-size":"auto","background-attachment":"scroll","background-type":"","background-media":"","overlay-type":"","overlay-color":"","overlay-gradient":""}},"ast-content-background-meta":{"desktop":{"background-color":"var(--ast-global-color-5)","background-image":"","background-repeat":"repeat","background-position":"center center","background-size":"auto","background-attachment":"scroll","background-type":"","background-media":"","overlay-type":"","overlay-color":"","overlay-gradient":""},"tablet":{"background-color":"var(--ast-global-color-5)","background-image":"","background-repeat":"repeat","background-position":"center center","background-size":"auto","background-attachment":"scroll","background-type":"","background-media":"","overlay-type":"","overlay-color":"","overlay-gradient":""},"mobile":{"background-color":"var(--ast-global-color-5)","background-image":"","background-repeat":"repeat","background-position":"center center","background-size":"auto","background-attachment":"scroll","background-type":"","background-media":"","overlay-type":"","overlay-color":"","overlay-gradient":""}},"footnotes":""},"categories":[9386],"tags":[29954,10985,190388,134662,139624,190389],"class_list":["post-91961","post","type-post","status-publish","format-standard","hentry","category-salamanca","tag-ana-losada-valiente","tag-andres-aguilera-lopez","tag-francisco-manuel-conde-perez","tag-jose-antonio-tercero-orduna","tag-jose-felix-prado-velasco","tag-pedro-antonio-san-segundo-nieto"],"_links":{"self":[{"href":"https:\/\/www.deberes.net\/tesis\/wp-json\/wp\/v2\/posts\/91961","targetHints":{"allow":["GET"]}}],"collection":[{"href":"https:\/\/www.deberes.net\/tesis\/wp-json\/wp\/v2\/posts"}],"about":[{"href":"https:\/\/www.deberes.net\/tesis\/wp-json\/wp\/v2\/types\/post"}],"author":[{"embeddable":true,"href":"https:\/\/www.deberes.net\/tesis\/wp-json\/wp\/v2\/users\/1"}],"replies":[{"embeddable":true,"href":"https:\/\/www.deberes.net\/tesis\/wp-json\/wp\/v2\/comments?post=91961"}],"version-history":[{"count":0,"href":"https:\/\/www.deberes.net\/tesis\/wp-json\/wp\/v2\/posts\/91961\/revisions"}],"wp:attachment":[{"href":"https:\/\/www.deberes.net\/tesis\/wp-json\/wp\/v2\/media?parent=91961"}],"wp:term":[{"taxonomy":"category","embeddable":true,"href":"https:\/\/www.deberes.net\/tesis\/wp-json\/wp\/v2\/categories?post=91961"},{"taxonomy":"post_tag","embeddable":true,"href":"https:\/\/www.deberes.net\/tesis\/wp-json\/wp\/v2\/tags?post=91961"}],"curies":[{"name":"wp","href":"https:\/\/api.w.org\/{rel}","templated":true}]}}