{"id":91964,"date":"2018-03-11T10:10:53","date_gmt":"2018-03-11T10:10:53","guid":{"rendered":"https:\/\/www.deberes.net\/tesis\/sin-categoria\/de-la-animacion-sociocultural-al-desarrollo-comunitario-su-incidencia-en-el-ocio\/"},"modified":"2018-03-11T10:10:53","modified_gmt":"2018-03-11T10:10:53","slug":"de-la-animacion-sociocultural-al-desarrollo-comunitario-su-incidencia-en-el-ocio","status":"publish","type":"post","link":"https:\/\/www.deberes.net\/tesis\/barcelona\/de-la-animacion-sociocultural-al-desarrollo-comunitario-su-incidencia-en-el-ocio\/","title":{"rendered":"De la animaci\u00f3n sociocultural al desarrollo comunitario: su incidencia en el ocio"},"content":{"rendered":"<h2>Tesis doctoral de <strong> Mar\u00eda  Jes\u00fas Morata Garcia <\/strong><\/h2>\n<p>Esta tesis tiene por objetivo verificar la validez cient\u00edfica y social que presenta la metodolog\u00eda de la animaci\u00f3n sociocultural para la construcci\u00f3n de un modelo de desarrollo comunitario, a partir de la implementaci\u00f3n y evaluaci\u00f3n de un programa de ocio en la ciudad de granollers, dirigido a las personas mayores y a la comunidad local. Para ello presenta dos partes complementarias que permiten verificar el objetivo general de la tesis.  la primera parte, de car\u00e1cter te\u00f3rico, se realiza a partir de dos tem\u00e1ticas:  una primera, sobre el origen, evoluci\u00f3n, definiciones y caracter\u00edsticas de la animaci\u00f3n sociocultural y del desarrollo comunitario, as\u00ed como las relaciones que se establecen entre ambos conceptos.  una segunda, relacionada con los programas de ocio y de animaci\u00f3n sociocultural dirigidos a las personas mayores. Los contenidos que se abordan hacen referencia a un tipo de ocio solidario, intergeneracional, promotor de ciudadan\u00eda activa y de participaci\u00f3n que, en \u00faltima instancia, quiere promover la construcci\u00f3n de un determinado modelo de desarrollo comunitario.  la segunda parte de la tesis, de car\u00e1cter emp\u00edrico, presenta el dise\u00f1o, la implementaci\u00f3n y la evaluaci\u00f3n de un programa de ocio dirigido al sector de poblaci\u00f3n de las personas mayores y para la ciudad de granollers, a trav\u00e9s de la metodolog\u00eda de la animaci\u00f3n sociocultural. La evaluaci\u00f3n de este programa se desarrolla a partir del tratamiento de una serie de fases distribuidas en seis cap\u00edtulos: un primer cap\u00edtulo, donde se presenta el dise\u00f1o y la metodolog\u00eda de la investigaci\u00f3n que se ha utilizado. un segundo cap\u00edtulo corresponde al dise\u00f1o del programa inicial. \u00e9ste se realiza a partir de una primera recogida de datos sobre los recursos socioculturales y educativos existentes en granollers.  el tercer cap\u00edtulo lo constituye la valoraci\u00f3n del dise\u00f1o inicial y la reelaboraci\u00f3n del programa definitivo.  en cuarto lugar y, correspondiente al cuarto cap\u00edtulo, se realiza la valoraci\u00f3n de la implementaci\u00f3n del programa. Se presenta un an\u00e1lisis valorativo de aquellos aspectos que han favorecido su ejecuci\u00f3n, los factores que lo han dificultado, los cambios que se fueron realizando en el proceso y los motivos que produjeron dichos cambios.  el quinto cap\u00edtulo presenta la evaluaci\u00f3n de los resultados del programa al finalizar la aplicaci\u00f3n del mismo en la que se pas\u00f3 a elaborar el tratamiento de los datos recogidos. Se analiz\u00f3 la eficacia, los efectos y la eficiencia de las acciones realizadas en el programa.  finalmente, el cap\u00edtulo sexto muestra la evaluaci\u00f3n del impacto con el fin de valorar las repercusiones que ha producido el programa en la poblaci\u00f3n y en la ciudad de granollers, el grado de permanencia de los efectos de su actividad y, finalmente, las posibilidades de generalizaci\u00f3n del mismo a otros territorios y a otros \u00e1mbitos de actuaci\u00f3n. finalizan las dos partes de la investigaci\u00f3n, la de car\u00e1cter te\u00f3rico sobre los conceptos esenciales que se abordan para fundamentar la investigaci\u00f3n, y la de car\u00e1cter emp\u00edrico, sobre el dise\u00f1o, la implementaci\u00f3n y la evaluaci\u00f3n del programa, con las conclusiones, aportaciones, l\u00edmites y prospectiva a partir de la investigaci\u00f3n realizada.<\/p>\n<p>&nbsp;<\/p>\n<h3>Datos acad\u00e9micos de la tesis doctoral \u00ab<strong>De la animaci\u00f3n sociocultural al desarrollo comunitario: su incidencia en el ocio<\/strong>\u00ab<\/h3>\n<ul>\n<li><strong>T\u00edtulo de la tesis:<\/strong>\u00a0 De la animaci\u00f3n sociocultural al desarrollo comunitario: su incidencia en el ocio <\/li>\n<li><strong>Autor:<\/strong>\u00a0 Mar\u00eda  Jes\u00fas Morata Garcia <\/li>\n<li><strong>Universidad:<\/strong>\u00a0 Barcelona<\/li>\n<li><strong>Fecha de lectura de la tesis:<\/strong>\u00a0 27\/02\/2009<\/li>\n<\/ul>\n<p>&nbsp;<\/p>\n<h3>Direcci\u00f3n y tribunal<\/h3>\n<ul>\n<li><strong>Director de la tesis<\/strong>\n<ul>\n<li>Jaime Trilla Bernet<\/li>\n<\/ul>\n<\/li>\n<li><strong>Tribunal<\/strong>\n<ul>\n<li>Presidente del tribunal: josep Mar\u00eda Puig rovira <\/li>\n<li>Jos\u00e9 Antonio Caride gomez (vocal)<\/li>\n<li>  (vocal)<\/li>\n<li>  (vocal)<\/li>\n<\/ul>\n<\/li>\n<\/ul>\n<p>&nbsp;<\/p>\n","protected":false},"excerpt":{"rendered":"<p>Tesis doctoral de Mar\u00eda Jes\u00fas Morata Garcia Esta tesis tiene por objetivo verificar la validez cient\u00edfica y social que presenta [&hellip;]<\/p>\n","protected":false},"author":1,"featured_media":0,"comment_status":"open","ping_status":"open","sticky":false,"template":"","format":"standard","meta":{"site-sidebar-layout":"default","site-content-layout":"","ast-site-content-layout":"","site-content-style":"default","site-sidebar-style":"default","ast-global-header-display":"","ast-banner-title-visibility":"","ast-main-header-display":"","ast-hfb-above-header-display":"","ast-hfb-below-header-display":"","ast-hfb-mobile-header-display":"","site-post-title":"","ast-breadcrumbs-content":"","ast-featured-img":"","footer-sml-layout":"","theme-transparent-header-meta":"","adv-header-id-meta":"","stick-header-meta":"","header-above-stick-meta":"","header-main-stick-meta":"","header-below-stick-meta":"","astra-migrate-meta-layouts":"default","ast-page-background-enabled":"default","ast-page-background-meta":{"desktop":{"background-color":"var(--ast-global-color-4)","background-image":"","background-repeat":"repeat","background-position":"center center","background-size":"auto","background-attachment":"scroll","background-type":"","background-media":"","overlay-type":"","overlay-color":"","overlay-gradient":""},"tablet":{"background-color":"","background-image":"","background-repeat":"repeat","background-position":"center center","background-size":"auto","background-attachment":"scroll","background-type":"","background-media":"","overlay-type":"","overlay-color":"","overlay-gradient":""},"mobile":{"background-color":"","background-image":"","background-repeat":"repeat","background-position":"center center","background-size":"auto","background-attachment":"scroll","background-type":"","background-media":"","overlay-type":"","overlay-color":"","overlay-gradient":""}},"ast-content-background-meta":{"desktop":{"background-color":"var(--ast-global-color-5)","background-image":"","background-repeat":"repeat","background-position":"center center","background-size":"auto","background-attachment":"scroll","background-type":"","background-media":"","overlay-type":"","overlay-color":"","overlay-gradient":""},"tablet":{"background-color":"var(--ast-global-color-5)","background-image":"","background-repeat":"repeat","background-position":"center center","background-size":"auto","background-attachment":"scroll","background-type":"","background-media":"","overlay-type":"","overlay-color":"","overlay-gradient":""},"mobile":{"background-color":"var(--ast-global-color-5)","background-image":"","background-repeat":"repeat","background-position":"center center","background-size":"auto","background-attachment":"scroll","background-type":"","background-media":"","overlay-type":"","overlay-color":"","overlay-gradient":""}},"footnotes":""},"categories":[951,6020,2233],"tags":[99751,2625,1343,190393],"class_list":["post-91964","post","type-post","status-publish","format-standard","hentry","category-barcelona","category-evaluacion-de-alumnos","category-metodos-pedagogicos","tag-jaime-trilla-bernet","tag-jose-antonio-caride-gomez","tag-josep-maria-puig-rovira","tag-maria-jesus-morata-garcia"],"_links":{"self":[{"href":"https:\/\/www.deberes.net\/tesis\/wp-json\/wp\/v2\/posts\/91964","targetHints":{"allow":["GET"]}}],"collection":[{"href":"https:\/\/www.deberes.net\/tesis\/wp-json\/wp\/v2\/posts"}],"about":[{"href":"https:\/\/www.deberes.net\/tesis\/wp-json\/wp\/v2\/types\/post"}],"author":[{"embeddable":true,"href":"https:\/\/www.deberes.net\/tesis\/wp-json\/wp\/v2\/users\/1"}],"replies":[{"embeddable":true,"href":"https:\/\/www.deberes.net\/tesis\/wp-json\/wp\/v2\/comments?post=91964"}],"version-history":[{"count":0,"href":"https:\/\/www.deberes.net\/tesis\/wp-json\/wp\/v2\/posts\/91964\/revisions"}],"wp:attachment":[{"href":"https:\/\/www.deberes.net\/tesis\/wp-json\/wp\/v2\/media?parent=91964"}],"wp:term":[{"taxonomy":"category","embeddable":true,"href":"https:\/\/www.deberes.net\/tesis\/wp-json\/wp\/v2\/categories?post=91964"},{"taxonomy":"post_tag","embeddable":true,"href":"https:\/\/www.deberes.net\/tesis\/wp-json\/wp\/v2\/tags?post=91964"}],"curies":[{"name":"wp","href":"https:\/\/api.w.org\/{rel}","templated":true}]}}