{"id":91995,"date":"2009-02-03T00:00:00","date_gmt":"2009-02-03T00:00:00","guid":{"rendered":"https:\/\/www.deberes.net\/tesis\/sin-categoria\/edgard-vara%c2%a8se-estudio-comparativo-de-sus-escritos-su-produccion-musical-y-su-relacion-con-otros-artistas-contemporaneos\/"},"modified":"2009-02-03T00:00:00","modified_gmt":"2009-02-03T00:00:00","slug":"edgard-vara%c2%a8se-estudio-comparativo-de-sus-escritos-su-produccion-musical-y-su-relacion-con-otros-artistas-contemporaneos","status":"publish","type":"post","link":"https:\/\/www.deberes.net\/tesis\/historia-de-la-musica\/edgard-vara%c2%a8se-estudio-comparativo-de-sus-escritos-su-produccion-musical-y-su-relacion-con-otros-artistas-contemporaneos\/","title":{"rendered":"Edgard var\u00e9se: estudio comparativo de sus escritos, su producci\u00f3n musical y su relaci\u00f3n con otros artistas contempor\u00e1neos"},"content":{"rendered":"<h2>Tesis doctoral de <strong> Jos\u00e9 Mansergas Carceller <\/strong><\/h2>\n<p>Mediante la elaboraci\u00f3n del presente trabajo se ha intentado realizar una aproximaci\u00f3n hacia el mundo sonoro de edgard var\u00e9se desde una doble perspectiva que no s\u00f3lo contempla el estudio de su obra sino tambi\u00e9n su pensamiento musical, con la finalidad de representar de la mejor forma las intenciones est\u00e9ticas de var\u00e9se. en ese sentido, como resultado de la confrontaci\u00f3n de los ejemplos musicales con las citas textuales, se puede comprobar gradualmente a lo largo del desarrollo del trabajo que en var\u00e9se existe una coherencia entre lo que se desprende de la lectura de los escritos donde el compositor manifiesta sus ideas est\u00e9ticas y sus opiniones acerca de la m\u00fasica, y lo que se desprende de la investigaci\u00f3n de su pr\u00e1ctica musical.   las obras de var\u00e9se que se ha escogido para la realizaci\u00f3n del presente trabajo son: am\u00e9riques e hyperprism.  se trata de dos obras que, en el contexto de la producci\u00f3n musical de edgard var\u00e9se, son de dimensiones muy desiguales: am\u00e9riques es una obra para gran orquesta sinf\u00f3nica de aproximadamente veintitr\u00e9s minutos de duraci\u00f3n, mientras que hyperprism es una obra de aproximadamente cuatro minutos de duraci\u00f3n para conjunto instrumental de percusiones y vientos.   el trabajo de aproximaci\u00f3n anal\u00edtica a am\u00e9riques ha sido realizado desde un punto de vista macrosc\u00f3pico,  es decir, desde una visi\u00f3n que va de lo grande a lo peque\u00f1o con la intenci\u00f3n de poder explicar de una forma suficientemente distanciada, entre otras cosas, la cuesti\u00f3n del tratamiento del material y, por consiguiente, el problema de la forma musical. En el an\u00e1lisis de am\u00e9riques, pues, se pone especialmente hincapi\u00e9 en el estudio tem\u00e1tico y, en ocasiones, a lo largo del desarrollo del trabajo se reserva incluso algunos apartados individuales dedicados a la interpretaci\u00f3n de algunas estructuras que se originan en la obra y a sus interrelaciones.  por el contrario, el trabajo de aproximaci\u00f3n anal\u00edtica a hyperprism ha sido realizado desde un punto de vista microsc\u00f3pico, es decir, desde una visi\u00f3n que va de lo peque\u00f1o a lo grande  con la intenci\u00f3n de poder explicar de una forma suficientemente minuciosa, a trav\u00e9s de un estudio exhaustivo de las relaciones interv\u00e1licas, los procedimientos compositivos de var\u00e9se y sus consecuencias en el terreno f\u00edsico de los sonidos. En hyperprism se realiza un estudio detallado de las micro-estructuras en el que se puede apreciar las proyecciones de dichas estructuras y sus desplazamientos que se producen en el transcurso de la obra.  se trata, por tanto, de dos tipos distintos de aproximaci\u00f3n anal\u00edtica que persiguen el mismo objetivo: la identificaci\u00f3n de los conceptos de forma y contenido, conceptos que como se podr\u00e1 comprobar en var\u00e9se son coincidentes.    junto al desarrollo de la labor estrictamente musical se incluye un estudio acerca de la relaci\u00f3n de edgard var\u00e9se con dos artistas contempor\u00e1neos suyos: julio gonz\u00e1lez e igor strawinsky.  por una parte, el estudio de la relaci\u00f3n personal entre edgard var\u00e9se y julio gonz\u00e1lez ha sido elaborado con la voluntad de contribuir, en la medida de lo posible, a una reconstrucci\u00f3n, desde el punto de vista biogr\u00e1fico, de la relaci\u00f3n personal entre los dos artistas, a partir de la comparaci\u00f3n de sus textos biogr\u00e1ficos y de la investigaci\u00f3n realizada sobre la correspondencia de julio gonz\u00e1lez que se encuentra en el archivo julio gonz\u00e1lez de los fondos del ivam. \tpor otra parte, el estudio de la influencia de strawinsky sobre var\u00e9se se ha centrado no tanto en la exposici\u00f3n de aquellos strawinskysmos que ocasionalmente aparecen en la obra de var\u00e9se, sino m\u00e1s bien en el an\u00e1lisis de aquellos recursos t\u00e9cnicos compositivos que son utilizados de forma an\u00e1loga en ambos compositores.<\/p>\n<p>&nbsp;<\/p>\n<h3>Datos acad\u00e9micos de la tesis doctoral \u00ab<strong>Edgard var\u00e9se: estudio comparativo de sus escritos, su producci\u00f3n musical y su relaci\u00f3n con otros artistas contempor\u00e1neos<\/strong>\u00ab<\/h3>\n<ul>\n<li><strong>T\u00edtulo de la tesis:<\/strong>\u00a0 Edgard var\u00e9se: estudio comparativo de sus escritos, su producci\u00f3n musical y su relaci\u00f3n con otros artistas contempor\u00e1neos <\/li>\n<li><strong>Autor:<\/strong>\u00a0 Jos\u00e9 Mansergas Carceller <\/li>\n<li><strong>Universidad:<\/strong>\u00a0 Universitat de val\u00e9ncia (estudi general)<\/li>\n<li><strong>Fecha de lectura de la tesis:<\/strong>\u00a0 02\/03\/2009<\/li>\n<\/ul>\n<p>&nbsp;<\/p>\n<h3>Direcci\u00f3n y tribunal<\/h3>\n<ul>\n<li><strong>Director de la tesis<\/strong>\n<ul>\n<li>Rom\u00c1\u00a0 De La Calle De La Calle<\/li>\n<\/ul>\n<\/li>\n<li><strong>Tribunal<\/strong>\n<ul>\n<li>Presidente del tribunal: Miguel Molina alarc\u00f3n <\/li>\n<li>Mar\u00eda  teresa Catalan sanchez (vocal)<\/li>\n<li>M\u00aa de los desamparados Cubells casares (vocal)<\/li>\n<li>Luis Blanes arques (vocal)<\/li>\n<\/ul>\n<\/li>\n<\/ul>\n<p>&nbsp;<\/p>\n","protected":false},"excerpt":{"rendered":"<p>Tesis doctoral de Jos\u00e9 Mansergas Carceller Mediante la elaboraci\u00f3n del presente trabajo se ha intentado realizar una aproximaci\u00f3n hacia el [&hellip;]<\/p>\n","protected":false},"author":1,"featured_media":0,"comment_status":"open","ping_status":"open","sticky":false,"template":"","format":"standard","meta":{"site-sidebar-layout":"default","site-content-layout":"","ast-site-content-layout":"","site-content-style":"default","site-sidebar-style":"default","ast-global-header-display":"","ast-banner-title-visibility":"","ast-main-header-display":"","ast-hfb-above-header-display":"","ast-hfb-below-header-display":"","ast-hfb-mobile-header-display":"","site-post-title":"","ast-breadcrumbs-content":"","ast-featured-img":"","footer-sml-layout":"","theme-transparent-header-meta":"","adv-header-id-meta":"","stick-header-meta":"","header-above-stick-meta":"","header-main-stick-meta":"","header-below-stick-meta":"","astra-migrate-meta-layouts":"default","ast-page-background-enabled":"default","ast-page-background-meta":{"desktop":{"background-color":"var(--ast-global-color-4)","background-image":"","background-repeat":"repeat","background-position":"center center","background-size":"auto","background-attachment":"scroll","background-type":"","background-media":"","overlay-type":"","overlay-color":"","overlay-gradient":""},"tablet":{"background-color":"","background-image":"","background-repeat":"repeat","background-position":"center center","background-size":"auto","background-attachment":"scroll","background-type":"","background-media":"","overlay-type":"","overlay-color":"","overlay-gradient":""},"mobile":{"background-color":"","background-image":"","background-repeat":"repeat","background-position":"center center","background-size":"auto","background-attachment":"scroll","background-type":"","background-media":"","overlay-type":"","overlay-color":"","overlay-gradient":""}},"ast-content-background-meta":{"desktop":{"background-color":"var(--ast-global-color-5)","background-image":"","background-repeat":"repeat","background-position":"center center","background-size":"auto","background-attachment":"scroll","background-type":"","background-media":"","overlay-type":"","overlay-color":"","overlay-gradient":""},"tablet":{"background-color":"var(--ast-global-color-5)","background-image":"","background-repeat":"repeat","background-position":"center center","background-size":"auto","background-attachment":"scroll","background-type":"","background-media":"","overlay-type":"","overlay-color":"","overlay-gradient":""},"mobile":{"background-color":"var(--ast-global-color-5)","background-image":"","background-repeat":"repeat","background-position":"center center","background-size":"auto","background-attachment":"scroll","background-type":"","background-media":"","overlay-type":"","overlay-color":"","overlay-gradient":""}},"footnotes":""},"categories":[10452,7632,9132],"tags":[190450,88858,130570,31322,171038,122356],"class_list":["post-91995","post","type-post","status-publish","format-standard","hentry","category-estetica","category-historia-de-la-musica","category-musica-y-musicologia","tag-jose-mansergas-carceller","tag-luis-blanes-arques","tag-maria-teresa-catalan-sanchez","tag-miguel-molina-alarcon","tag-ma-de-los-desamparados-cubells-casares","tag-roma-de-la-calle-de-la-calle"],"_links":{"self":[{"href":"https:\/\/www.deberes.net\/tesis\/wp-json\/wp\/v2\/posts\/91995","targetHints":{"allow":["GET"]}}],"collection":[{"href":"https:\/\/www.deberes.net\/tesis\/wp-json\/wp\/v2\/posts"}],"about":[{"href":"https:\/\/www.deberes.net\/tesis\/wp-json\/wp\/v2\/types\/post"}],"author":[{"embeddable":true,"href":"https:\/\/www.deberes.net\/tesis\/wp-json\/wp\/v2\/users\/1"}],"replies":[{"embeddable":true,"href":"https:\/\/www.deberes.net\/tesis\/wp-json\/wp\/v2\/comments?post=91995"}],"version-history":[{"count":0,"href":"https:\/\/www.deberes.net\/tesis\/wp-json\/wp\/v2\/posts\/91995\/revisions"}],"wp:attachment":[{"href":"https:\/\/www.deberes.net\/tesis\/wp-json\/wp\/v2\/media?parent=91995"}],"wp:term":[{"taxonomy":"category","embeddable":true,"href":"https:\/\/www.deberes.net\/tesis\/wp-json\/wp\/v2\/categories?post=91995"},{"taxonomy":"post_tag","embeddable":true,"href":"https:\/\/www.deberes.net\/tesis\/wp-json\/wp\/v2\/tags?post=91995"}],"curies":[{"name":"wp","href":"https:\/\/api.w.org\/{rel}","templated":true}]}}