{"id":92029,"date":"2009-03-03T00:00:00","date_gmt":"2009-03-03T00:00:00","guid":{"rendered":"https:\/\/www.deberes.net\/tesis\/sin-categoria\/las-creencias-de-los-profesores-de-educacion-infantil-y-primaria-sobre-la-inclusion-educativa\/"},"modified":"2009-03-03T00:00:00","modified_gmt":"2009-03-03T00:00:00","slug":"las-creencias-de-los-profesores-de-educacion-infantil-y-primaria-sobre-la-inclusion-educativa","status":"publish","type":"post","link":"https:\/\/www.deberes.net\/tesis\/metodos-pedagogicos\/las-creencias-de-los-profesores-de-educacion-infantil-y-primaria-sobre-la-inclusion-educativa\/","title":{"rendered":"Las creencias de los profesores de educaci\u00f3n infantil y primaria sobre la inclusi\u00f3n educativa"},"content":{"rendered":"<h2>Tesis doctoral de <strong> Mar\u00eda Yolanda Mu\u00f1oz Mart\u00ednez <\/strong><\/h2>\n<p>La presente tesis plantea un estudio de casos dirigido a conocer la cultura de los profesores de educaci\u00f3n infantil y primaria, con la intenci\u00f3n de establecer cu\u00e1les son las dificultades con las que nos encontramos a la hora de poner en marcha un modelo inclusivo de educaci\u00f3n, que nos permita una mejora de la educaci\u00f3n, superando el modelo de escuela tradicionalmente selectiva. La investigaci\u00f3n nos ha permitido analizar y reflexionar sobre una serie de categor\u00edas, extra\u00eddas del propio proceso de investigaci\u00f3n, y que se centran, en primer lugar, en el profesorado y el peso que, en sus percepciones, tiene de la perspectiva selectiva frente a la intenci\u00f3n inclusiva, as\u00ed como la \u00abnecesaria mirada sociocultural\u00bbsobre el profesorado como ciudadano; por otro lado lo que he denominado el velo de la homogeneizaci\u00f3n en el curriculum; la visi\u00f3n que, tanto profesores como familias, tienen sobre la participaci\u00f3n y otros aspectos fundamentales en el proceso de cambio de una escuela, y por \u00faltimo, la influencia que algunas acciones, puntuales e innovadoras, tienen sobre el centro educativo como conjunto.<\/p>\n<p>&nbsp;<\/p>\n<h3>Datos acad\u00e9micos de la tesis doctoral \u00ab<strong>Las creencias de los profesores de educaci\u00f3n infantil y primaria sobre la inclusi\u00f3n educativa<\/strong>\u00ab<\/h3>\n<ul>\n<li><strong>T\u00edtulo de la tesis:<\/strong>\u00a0 Las creencias de los profesores de educaci\u00f3n infantil y primaria sobre la inclusi\u00f3n educativa <\/li>\n<li><strong>Autor:<\/strong>\u00a0 Mar\u00eda Yolanda Mu\u00f1oz Mart\u00ednez <\/li>\n<li><strong>Universidad:<\/strong>\u00a0 Alcal\u00e1<\/li>\n<li><strong>Fecha de lectura de la tesis:<\/strong>\u00a0 03\/03\/2009<\/li>\n<\/ul>\n<p>&nbsp;<\/p>\n<h3>Direcci\u00f3n y tribunal<\/h3>\n<ul>\n<li><strong>Director de la tesis<\/strong>\n<ul>\n<li>Mario Martin Bris<\/li>\n<\/ul>\n<\/li>\n<li><strong>Tribunal<\/strong>\n<ul>\n<li>Presidente del tribunal: manuel Lorenzo delgado <\/li>\n<li>leonor Margalef Garc\u00eda (vocal)<\/li>\n<li>asunci\u00f3n Manzanares moya (vocal)<\/li>\n<li>Jes\u00fas Nieto d\u00edez (vocal)<\/li>\n<\/ul>\n<\/li>\n<\/ul>\n<p>&nbsp;<\/p>\n","protected":false},"excerpt":{"rendered":"<p>Tesis doctoral de Mar\u00eda Yolanda Mu\u00f1oz Mart\u00ednez La presente tesis plantea un estudio de casos dirigido a conocer la cultura [&hellip;]<\/p>\n","protected":false},"author":1,"featured_media":0,"comment_status":"open","ping_status":"open","sticky":false,"template":"","format":"standard","meta":{"site-sidebar-layout":"default","site-content-layout":"","ast-site-content-layout":"","site-content-style":"default","site-sidebar-style":"default","ast-global-header-display":"","ast-banner-title-visibility":"","ast-main-header-display":"","ast-hfb-above-header-display":"","ast-hfb-below-header-display":"","ast-hfb-mobile-header-display":"","site-post-title":"","ast-breadcrumbs-content":"","ast-featured-img":"","footer-sml-layout":"","theme-transparent-header-meta":"","adv-header-id-meta":"","stick-header-meta":"","header-above-stick-meta":"","header-main-stick-meta":"","header-below-stick-meta":"","astra-migrate-meta-layouts":"default","ast-page-background-enabled":"default","ast-page-background-meta":{"desktop":{"background-color":"var(--ast-global-color-4)","background-image":"","background-repeat":"repeat","background-position":"center center","background-size":"auto","background-attachment":"scroll","background-type":"","background-media":"","overlay-type":"","overlay-color":"","overlay-gradient":""},"tablet":{"background-color":"","background-image":"","background-repeat":"repeat","background-position":"center center","background-size":"auto","background-attachment":"scroll","background-type":"","background-media":"","overlay-type":"","overlay-color":"","overlay-gradient":""},"mobile":{"background-color":"","background-image":"","background-repeat":"repeat","background-position":"center center","background-size":"auto","background-attachment":"scroll","background-type":"","background-media":"","overlay-type":"","overlay-color":"","overlay-gradient":""}},"ast-content-background-meta":{"desktop":{"background-color":"var(--ast-global-color-5)","background-image":"","background-repeat":"repeat","background-position":"center center","background-size":"auto","background-attachment":"scroll","background-type":"","background-media":"","overlay-type":"","overlay-color":"","overlay-gradient":""},"tablet":{"background-color":"var(--ast-global-color-5)","background-image":"","background-repeat":"repeat","background-position":"center center","background-size":"auto","background-attachment":"scroll","background-type":"","background-media":"","overlay-type":"","overlay-color":"","overlay-gradient":""},"mobile":{"background-color":"var(--ast-global-color-5)","background-image":"","background-repeat":"repeat","background-position":"center center","background-size":"auto","background-attachment":"scroll","background-type":"","background-media":"","overlay-type":"","overlay-color":"","overlay-gradient":""}},"footnotes":""},"categories":[17426,6222,2233,7611,11958],"tags":[143298,24002,122452,8686,190511,6621],"class_list":["post-92029","post","type-post","status-publish","format-standard","hentry","category-alcala","category-educacion-especial","category-metodos-pedagogicos","category-organizacion-y-direccion-de-las-instituciones-educativas","category-teorias-educativas","tag-asuncion-manzanares-moya","tag-jesus-nieto-diez","tag-leonor-margalef-garcia","tag-manuel-lorenzo-delgado","tag-maria-yolanda-munoz-Martinez","tag-mario-martin-bris"],"_links":{"self":[{"href":"https:\/\/www.deberes.net\/tesis\/wp-json\/wp\/v2\/posts\/92029","targetHints":{"allow":["GET"]}}],"collection":[{"href":"https:\/\/www.deberes.net\/tesis\/wp-json\/wp\/v2\/posts"}],"about":[{"href":"https:\/\/www.deberes.net\/tesis\/wp-json\/wp\/v2\/types\/post"}],"author":[{"embeddable":true,"href":"https:\/\/www.deberes.net\/tesis\/wp-json\/wp\/v2\/users\/1"}],"replies":[{"embeddable":true,"href":"https:\/\/www.deberes.net\/tesis\/wp-json\/wp\/v2\/comments?post=92029"}],"version-history":[{"count":0,"href":"https:\/\/www.deberes.net\/tesis\/wp-json\/wp\/v2\/posts\/92029\/revisions"}],"wp:attachment":[{"href":"https:\/\/www.deberes.net\/tesis\/wp-json\/wp\/v2\/media?parent=92029"}],"wp:term":[{"taxonomy":"category","embeddable":true,"href":"https:\/\/www.deberes.net\/tesis\/wp-json\/wp\/v2\/categories?post=92029"},{"taxonomy":"post_tag","embeddable":true,"href":"https:\/\/www.deberes.net\/tesis\/wp-json\/wp\/v2\/tags?post=92029"}],"curies":[{"name":"wp","href":"https:\/\/api.w.org\/{rel}","templated":true}]}}