{"id":92062,"date":"2009-05-03T00:00:00","date_gmt":"2009-05-03T00:00:00","guid":{"rendered":"https:\/\/www.deberes.net\/tesis\/sin-categoria\/funcionalizacion-de-nanoparta%c2%adculas-metalicas-para-la-deteccion-de-contaminantes-organicos-persistentes-mediante-espectroscopa%c2%ada-raman-intensificasa-por-superficie\/"},"modified":"2009-05-03T00:00:00","modified_gmt":"2009-05-03T00:00:00","slug":"funcionalizacion-de-nanoparta%c2%adculas-metalicas-para-la-deteccion-de-contaminantes-organicos-persistentes-mediante-espectroscopa%c2%ada-raman-intensificasa-por-superficie","status":"publish","type":"post","link":"https:\/\/www.deberes.net\/tesis\/sin-categoria\/funcionalizacion-de-nanoparta%c2%adculas-metalicas-para-la-deteccion-de-contaminantes-organicos-persistentes-mediante-espectroscopa%c2%ada-raman-intensificasa-por-superficie\/","title":{"rendered":"Funcionalizaci\u00f3n de nanopart\u00edculas met\u00e1licas para la detecci\u00f3n de contaminantes org\u00e1nicos persistentes mediante espectroscop\u00edaraman intensificasa por superficie."},"content":{"rendered":"<h2>Tesis doctoral de <strong> Luca Guerrini <\/strong><\/h2>\n<p>La interacci\u00f3n entre la radiaci\u00f3n electromagn\u00e9tica y la materia ha suscitado gran inter\u00e9s desde tiempos inmemoriales. No en vano, de esta interacci\u00f3n se deriva una gran diversidad de fen\u00f3menos que, en definitiva, nos permiten un detallado conocimiento del medio que nos circunda. Cuando esta radiaci\u00f3n incide sobre materiales met\u00e1licos, los electrones libres de dichos metales, tambi\u00e9n llamados electrones de plasma, ponen en juego una serie de fen\u00f3menos f\u00edsicos relacionados con sus oscilaciones, que reciben el nombre de plasmones.<\/p>\n<p>&nbsp;<\/p>\n<h3>Datos acad\u00e9micos de la tesis doctoral \u00ab<strong>Funcionalizaci\u00f3n de nanopart\u00edculas met\u00e1licas para la detecci\u00f3n de contaminantes org\u00e1nicos persistentes mediante espectroscop\u00edaraman intensificasa por superficie.<\/strong>\u00ab<\/h3>\n<ul>\n<li><strong>T\u00edtulo de la tesis:<\/strong>\u00a0 Funcionalizaci\u00f3n de nanopart\u00edculas met\u00e1licas para la detecci\u00f3n de contaminantes org\u00e1nicos persistentes mediante espectroscop\u00edaraman intensificasa por superficie. <\/li>\n<li><strong>Autor:<\/strong>\u00a0 Luca Guerrini <\/li>\n<li><strong>Universidad:<\/strong>\u00a0 Aut\u00f3noma de Madrid<\/li>\n<li><strong>Fecha de lectura de la tesis:<\/strong>\u00a0 05\/03\/2009<\/li>\n<\/ul>\n<p>&nbsp;<\/p>\n<h3>Direcci\u00f3n y tribunal<\/h3>\n<ul>\n<li><strong>Director de la tesis<\/strong>\n<ul>\n<li>Jos\u00e9 Vicente Garc\u00eda Ramos<\/li>\n<\/ul>\n<\/li>\n<li><strong>Tribunal<\/strong>\n<ul>\n<li>Presidente del tribunal: Jos\u00e9 manuel Lopez poyato <\/li>\n<li>Juan  Carlos Otero fern\u00e1ndez de molina (vocal)<\/li>\n<li>Mar\u00eda paz Sevilla sierra (vocal)<\/li>\n<li>pavol Miskovsky (vocal)<\/li>\n<\/ul>\n<\/li>\n<\/ul>\n<p>&nbsp;<\/p>\n","protected":false},"excerpt":{"rendered":"<p>Tesis doctoral de Luca Guerrini La interacci\u00f3n entre la radiaci\u00f3n electromagn\u00e9tica y la materia ha suscitado gran inter\u00e9s desde tiempos [&hellip;]<\/p>\n","protected":false},"author":1,"featured_media":0,"comment_status":"open","ping_status":"open","sticky":false,"template":"","format":"standard","meta":{"site-sidebar-layout":"default","site-content-layout":"","ast-site-content-layout":"","site-content-style":"default","site-sidebar-style":"default","ast-global-header-display":"","ast-banner-title-visibility":"","ast-main-header-display":"","ast-hfb-above-header-display":"","ast-hfb-below-header-display":"","ast-hfb-mobile-header-display":"","site-post-title":"","ast-breadcrumbs-content":"","ast-featured-img":"","footer-sml-layout":"","theme-transparent-header-meta":"","adv-header-id-meta":"","stick-header-meta":"","header-above-stick-meta":"","header-main-stick-meta":"","header-below-stick-meta":"","astra-migrate-meta-layouts":"default","ast-page-background-enabled":"default","ast-page-background-meta":{"desktop":{"background-color":"var(--ast-global-color-4)","background-image":"","background-repeat":"repeat","background-position":"center center","background-size":"auto","background-attachment":"scroll","background-type":"","background-media":"","overlay-type":"","overlay-color":"","overlay-gradient":""},"tablet":{"background-color":"","background-image":"","background-repeat":"repeat","background-position":"center center","background-size":"auto","background-attachment":"scroll","background-type":"","background-media":"","overlay-type":"","overlay-color":"","overlay-gradient":""},"mobile":{"background-color":"","background-image":"","background-repeat":"repeat","background-position":"center center","background-size":"auto","background-attachment":"scroll","background-type":"","background-media":"","overlay-type":"","overlay-color":"","overlay-gradient":""}},"ast-content-background-meta":{"desktop":{"background-color":"var(--ast-global-color-5)","background-image":"","background-repeat":"repeat","background-position":"center center","background-size":"auto","background-attachment":"scroll","background-type":"","background-media":"","overlay-type":"","overlay-color":"","overlay-gradient":""},"tablet":{"background-color":"var(--ast-global-color-5)","background-image":"","background-repeat":"repeat","background-position":"center center","background-size":"auto","background-attachment":"scroll","background-type":"","background-media":"","overlay-type":"","overlay-color":"","overlay-gradient":""},"mobile":{"background-color":"var(--ast-global-color-5)","background-image":"","background-repeat":"repeat","background-position":"center center","background-size":"auto","background-attachment":"scroll","background-type":"","background-media":"","overlay-type":"","overlay-color":"","overlay-gradient":""}},"footnotes":""},"categories":[1],"tags":[23944,190577,46132,190576,190578,190579],"class_list":["post-92062","post","type-post","status-publish","format-standard","hentry","category-sin-categoria","tag-jose-manuel-lopez-poyato","tag-jose-vicente-garcia-ramos","tag-juan-carlos-otero-fernandez-de-molina","tag-luca-guerrini","tag-maria-paz-sevilla-sierra","tag-pavol-miskovsky"],"_links":{"self":[{"href":"https:\/\/www.deberes.net\/tesis\/wp-json\/wp\/v2\/posts\/92062","targetHints":{"allow":["GET"]}}],"collection":[{"href":"https:\/\/www.deberes.net\/tesis\/wp-json\/wp\/v2\/posts"}],"about":[{"href":"https:\/\/www.deberes.net\/tesis\/wp-json\/wp\/v2\/types\/post"}],"author":[{"embeddable":true,"href":"https:\/\/www.deberes.net\/tesis\/wp-json\/wp\/v2\/users\/1"}],"replies":[{"embeddable":true,"href":"https:\/\/www.deberes.net\/tesis\/wp-json\/wp\/v2\/comments?post=92062"}],"version-history":[{"count":0,"href":"https:\/\/www.deberes.net\/tesis\/wp-json\/wp\/v2\/posts\/92062\/revisions"}],"wp:attachment":[{"href":"https:\/\/www.deberes.net\/tesis\/wp-json\/wp\/v2\/media?parent=92062"}],"wp:term":[{"taxonomy":"category","embeddable":true,"href":"https:\/\/www.deberes.net\/tesis\/wp-json\/wp\/v2\/categories?post=92062"},{"taxonomy":"post_tag","embeddable":true,"href":"https:\/\/www.deberes.net\/tesis\/wp-json\/wp\/v2\/tags?post=92062"}],"curies":[{"name":"wp","href":"https:\/\/api.w.org\/{rel}","templated":true}]}}