{"id":92080,"date":"2009-06-03T00:00:00","date_gmt":"2009-06-03T00:00:00","guid":{"rendered":"https:\/\/www.deberes.net\/tesis\/sin-categoria\/musica-y-cine-en-la-espana-del-franquismo-el-compositor-juan-quintero-munoz-1903-1980\/"},"modified":"2009-06-03T00:00:00","modified_gmt":"2009-06-03T00:00:00","slug":"musica-y-cine-en-la-espana-del-franquismo-el-compositor-juan-quintero-munoz-1903-1980","status":"publish","type":"post","link":"https:\/\/www.deberes.net\/tesis\/historia-del-arte\/musica-y-cine-en-la-espana-del-franquismo-el-compositor-juan-quintero-munoz-1903-1980\/","title":{"rendered":"M\u00fasica y cine en la espa\u00f1a del franquismo: el compositor juan quintero mu\u00f1oz (1903-1980)"},"content":{"rendered":"<h2>Tesis doctoral de <strong> Joaquin L\u00f3pez Gonz\u00e1lez <\/strong><\/h2>\n<p>En el contexto del franquismo, el cine y el teatro musical, en especial los g\u00e9neros de la opereta y la revista, acapararon el inter\u00e9s del p\u00fablico. Juan quintero (1903-1980) desarroll\u00f3 su labor creativa, a lo largo de casi tres d\u00e9cadas, a medio camino entre el \u00e9xito de sus composiciones para el teatro y su cada vez m\u00e1s prol\u00edfica creaci\u00f3n musical para el cine. Esta tesis doctoral aborda de una manera amplia y exhaustiva la figura del compositor en todas sus facetas: la composici\u00f3n de m\u00fasica ligera en los a\u00f1os veinte y treinta, su actividad como compositor teatral y, muy especialmente su labor en el terreno de la m\u00fasica cinematogr\u00e1fica, en el que destac\u00f3 sobremanera. Asimismo, a trav\u00e9s de su figura, se estudia el sistema de trabajo y los mecanismos de producci\u00f3n musical de la cinematograf\u00eda espa\u00f1ola del momento. Aunque centrada en un compositor concreto, esta tesis doctoral nace con vocaci\u00f3n de abordar la cultura art\u00edstica, musical y cinematogr\u00e1fica en una etapa fundamental en la historia reciente de la cultura de nuestro pa\u00eds.<\/p>\n<p>&nbsp;<\/p>\n<h3>Datos acad\u00e9micos de la tesis doctoral \u00ab<strong>M\u00fasica y cine en la espa\u00f1a del franquismo: el compositor juan quintero mu\u00f1oz (1903-1980)<\/strong>\u00ab<\/h3>\n<ul>\n<li><strong>T\u00edtulo de la tesis:<\/strong>\u00a0 M\u00fasica y cine en la espa\u00f1a del franquismo: el compositor juan quintero mu\u00f1oz (1903-1980) <\/li>\n<li><strong>Autor:<\/strong>\u00a0 Joaquin L\u00f3pez Gonz\u00e1lez <\/li>\n<li><strong>Universidad:<\/strong>\u00a0 Granada<\/li>\n<li><strong>Fecha de lectura de la tesis:<\/strong>\u00a0 06\/03\/2009<\/li>\n<\/ul>\n<p>&nbsp;<\/p>\n<h3>Direcci\u00f3n y tribunal<\/h3>\n<ul>\n<li><strong>Director de la tesis<\/strong>\n<ul>\n<li>Antonio Mart\u00edn Moreno<\/li>\n<\/ul>\n<\/li>\n<li><strong>Tribunal<\/strong>\n<ul>\n<li>Presidente del tribunal: emilio Casares rodicio <\/li>\n<li>julio Carlos Arce bueno (vocal)<\/li>\n<li>matilde Mar\u00eda Olarte mart\u00ednez (vocal)<\/li>\n<li>Miguel Gomez oliver (vocal)<\/li>\n<\/ul>\n<\/li>\n<\/ul>\n<p>&nbsp;<\/p>\n","protected":false},"excerpt":{"rendered":"<p>Tesis doctoral de Joaquin L\u00f3pez Gonz\u00e1lez En el contexto del franquismo, el cine y el teatro musical, en especial los [&hellip;]<\/p>\n","protected":false},"author":1,"featured_media":0,"comment_status":"open","ping_status":"open","sticky":false,"template":"","format":"standard","meta":{"site-sidebar-layout":"default","site-content-layout":"","ast-site-content-layout":"","site-content-style":"default","site-sidebar-style":"default","ast-global-header-display":"","ast-banner-title-visibility":"","ast-main-header-display":"","ast-hfb-above-header-display":"","ast-hfb-below-header-display":"","ast-hfb-mobile-header-display":"","site-post-title":"","ast-breadcrumbs-content":"","ast-featured-img":"","footer-sml-layout":"","theme-transparent-header-meta":"","adv-header-id-meta":"","stick-header-meta":"","header-above-stick-meta":"","header-main-stick-meta":"","header-below-stick-meta":"","astra-migrate-meta-layouts":"default","ast-page-background-enabled":"default","ast-page-background-meta":{"desktop":{"background-color":"var(--ast-global-color-4)","background-image":"","background-repeat":"repeat","background-position":"center center","background-size":"auto","background-attachment":"scroll","background-type":"","background-media":"","overlay-type":"","overlay-color":"","overlay-gradient":""},"tablet":{"background-color":"","background-image":"","background-repeat":"repeat","background-position":"center center","background-size":"auto","background-attachment":"scroll","background-type":"","background-media":"","overlay-type":"","overlay-color":"","overlay-gradient":""},"mobile":{"background-color":"","background-image":"","background-repeat":"repeat","background-position":"center center","background-size":"auto","background-attachment":"scroll","background-type":"","background-media":"","overlay-type":"","overlay-color":"","overlay-gradient":""}},"ast-content-background-meta":{"desktop":{"background-color":"var(--ast-global-color-5)","background-image":"","background-repeat":"repeat","background-position":"center center","background-size":"auto","background-attachment":"scroll","background-type":"","background-media":"","overlay-type":"","overlay-color":"","overlay-gradient":""},"tablet":{"background-color":"var(--ast-global-color-5)","background-image":"","background-repeat":"repeat","background-position":"center center","background-size":"auto","background-attachment":"scroll","background-type":"","background-media":"","overlay-type":"","overlay-color":"","overlay-gradient":""},"mobile":{"background-color":"var(--ast-global-color-5)","background-image":"","background-repeat":"repeat","background-position":"center center","background-size":"auto","background-attachment":"scroll","background-type":"","background-media":"","overlay-type":"","overlay-color":"","overlay-gradient":""}},"footnotes":""},"categories":[5547,7632,1014,9132],"tags":[12773,7634,190608,164685,38488,3540],"class_list":["post-92080","post","type-post","status-publish","format-standard","hentry","category-cinematografia","category-historia-de-la-musica","category-historia-del-arte","category-musica-y-musicologia","tag-antonio-martin-moreno","tag-emilio-casares-rodicio","tag-joaquin-lopez-gonzalez","tag-julio-carlos-arce-bueno","tag-matilde-maria-olarte-Martinez","tag-miguel-gomez-oliver"],"_links":{"self":[{"href":"https:\/\/www.deberes.net\/tesis\/wp-json\/wp\/v2\/posts\/92080","targetHints":{"allow":["GET"]}}],"collection":[{"href":"https:\/\/www.deberes.net\/tesis\/wp-json\/wp\/v2\/posts"}],"about":[{"href":"https:\/\/www.deberes.net\/tesis\/wp-json\/wp\/v2\/types\/post"}],"author":[{"embeddable":true,"href":"https:\/\/www.deberes.net\/tesis\/wp-json\/wp\/v2\/users\/1"}],"replies":[{"embeddable":true,"href":"https:\/\/www.deberes.net\/tesis\/wp-json\/wp\/v2\/comments?post=92080"}],"version-history":[{"count":0,"href":"https:\/\/www.deberes.net\/tesis\/wp-json\/wp\/v2\/posts\/92080\/revisions"}],"wp:attachment":[{"href":"https:\/\/www.deberes.net\/tesis\/wp-json\/wp\/v2\/media?parent=92080"}],"wp:term":[{"taxonomy":"category","embeddable":true,"href":"https:\/\/www.deberes.net\/tesis\/wp-json\/wp\/v2\/categories?post=92080"},{"taxonomy":"post_tag","embeddable":true,"href":"https:\/\/www.deberes.net\/tesis\/wp-json\/wp\/v2\/tags?post=92080"}],"curies":[{"name":"wp","href":"https:\/\/api.w.org\/{rel}","templated":true}]}}