{"id":92085,"date":"2009-06-03T00:00:00","date_gmt":"2009-06-03T00:00:00","guid":{"rendered":"https:\/\/www.deberes.net\/tesis\/sin-categoria\/la%c2%adderes-y-liderazgos-en-escuelas-portuguesas-trayectos-individuales-e-impactos-organizacionales\/"},"modified":"2009-06-03T00:00:00","modified_gmt":"2009-06-03T00:00:00","slug":"la%c2%adderes-y-liderazgos-en-escuelas-portuguesas-trayectos-individuales-e-impactos-organizacionales","status":"publish","type":"post","link":"https:\/\/www.deberes.net\/tesis\/extremadura\/la%c2%adderes-y-liderazgos-en-escuelas-portuguesas-trayectos-individuales-e-impactos-organizacionales\/","title":{"rendered":"L\u00edderes y liderazgos en escuelas portuguesas. trayectos individuales e impactos organizacionales"},"content":{"rendered":"<h2>Tesis doctoral de <strong> Jos\u00e9 Manuel Carra\u00c1\u00a7a Da Silva <\/strong><\/h2>\n<p>Con esta investigaci\u00f3n, nuestra intenci\u00f3n es progresaren el conocimiento sobre los presidentes de los conselhos executivos de las escuelas secundarias p\u00fablicas del estado en portugal, reconstituyendo sus trayectos personales y profesionales, caracterizando la manera de desempe\u00f1ar sus funciones, identificando sus caracter\u00edsticas de liderazgo, valorando los consiguientes impactos organizacionales y la influencia que esta multiplicidad de factores ejercen en los resultados globales de los alumnos.<\/p>\n<p>&nbsp;<\/p>\n<h3>Datos acad\u00e9micos de la tesis doctoral \u00ab<strong>L\u00edderes y liderazgos en escuelas portuguesas. trayectos individuales e impactos organizacionales<\/strong>\u00ab<\/h3>\n<ul>\n<li><strong>T\u00edtulo de la tesis:<\/strong>\u00a0 L\u00edderes y liderazgos en escuelas portuguesas. trayectos individuales e impactos organizacionales <\/li>\n<li><strong>Autor:<\/strong>\u00a0 Jos\u00e9 Manuel Carra\u00c1\u00a7a Da Silva <\/li>\n<li><strong>Universidad:<\/strong>\u00a0 Extremadura<\/li>\n<li><strong>Fecha de lectura de la tesis:<\/strong>\u00a0 06\/03\/2009<\/li>\n<\/ul>\n<p>&nbsp;<\/p>\n<h3>Direcci\u00f3n y tribunal<\/h3>\n<ul>\n<li><strong>Director de la tesis<\/strong>\n<ul>\n<li>Emilia Dom\u00ednguez Rodr\u00edguez<\/li>\n<\/ul>\n<\/li>\n<li><strong>Tribunal<\/strong>\n<ul>\n<li>Presidente del tribunal: jaume Sarramona l\u00f3pez <\/li>\n<li>sixto Cubo delgado (vocal)<\/li>\n<li>florentino Bl\u00e1zquez entonado (vocal)<\/li>\n<li>Jos\u00e9 Lopes cortes verdasca (vocal)<\/li>\n<\/ul>\n<\/li>\n<\/ul>\n<p>&nbsp;<\/p>\n","protected":false},"excerpt":{"rendered":"<p>Tesis doctoral de Jos\u00e9 Manuel Carra\u00c1\u00a7a Da Silva Con esta investigaci\u00f3n, nuestra intenci\u00f3n es progresaren el conocimiento sobre los presidentes [&hellip;]<\/p>\n","protected":false},"author":1,"featured_media":0,"comment_status":"open","ping_status":"open","sticky":false,"template":"","format":"standard","meta":{"site-sidebar-layout":"default","site-content-layout":"","ast-site-content-layout":"","site-content-style":"default","site-sidebar-style":"default","ast-global-header-display":"","ast-banner-title-visibility":"","ast-main-header-display":"","ast-hfb-above-header-display":"","ast-hfb-below-header-display":"","ast-hfb-mobile-header-display":"","site-post-title":"","ast-breadcrumbs-content":"","ast-featured-img":"","footer-sml-layout":"","theme-transparent-header-meta":"","adv-header-id-meta":"","stick-header-meta":"","header-above-stick-meta":"","header-main-stick-meta":"","header-below-stick-meta":"","astra-migrate-meta-layouts":"default","ast-page-background-enabled":"default","ast-page-background-meta":{"desktop":{"background-color":"var(--ast-global-color-4)","background-image":"","background-repeat":"repeat","background-position":"center center","background-size":"auto","background-attachment":"scroll","background-type":"","background-media":"","overlay-type":"","overlay-color":"","overlay-gradient":""},"tablet":{"background-color":"","background-image":"","background-repeat":"repeat","background-position":"center center","background-size":"auto","background-attachment":"scroll","background-type":"","background-media":"","overlay-type":"","overlay-color":"","overlay-gradient":""},"mobile":{"background-color":"","background-image":"","background-repeat":"repeat","background-position":"center center","background-size":"auto","background-attachment":"scroll","background-type":"","background-media":"","overlay-type":"","overlay-color":"","overlay-gradient":""}},"ast-content-background-meta":{"desktop":{"background-color":"var(--ast-global-color-5)","background-image":"","background-repeat":"repeat","background-position":"center center","background-size":"auto","background-attachment":"scroll","background-type":"","background-media":"","overlay-type":"","overlay-color":"","overlay-gradient":""},"tablet":{"background-color":"var(--ast-global-color-5)","background-image":"","background-repeat":"repeat","background-position":"center center","background-size":"auto","background-attachment":"scroll","background-type":"","background-media":"","overlay-type":"","overlay-color":"","overlay-gradient":""},"mobile":{"background-color":"var(--ast-global-color-5)","background-image":"","background-repeat":"repeat","background-position":"center center","background-size":"auto","background-attachment":"scroll","background-type":"","background-media":"","overlay-type":"","overlay-color":"","overlay-gradient":""}},"footnotes":""},"categories":[949,17291,7611,1184],"tags":[11957,33402,6227,190617,190616,29682],"class_list":["post-92085","post","type-post","status-publish","format-standard","hentry","category-extremadura","category-liderazgo-social","category-organizacion-y-direccion-de-las-instituciones-educativas","category-organizacion-y-planificacion-de-la-educacion","tag-emilia-dominguez-rodriguez","tag-florentino-blazquez-entonado","tag-jaume-sarramona-lopez","tag-jose-lopes-cortes-verdasca","tag-jose-manuel-carraaa-da-silva","tag-sixto-cubo-delgado"],"_links":{"self":[{"href":"https:\/\/www.deberes.net\/tesis\/wp-json\/wp\/v2\/posts\/92085","targetHints":{"allow":["GET"]}}],"collection":[{"href":"https:\/\/www.deberes.net\/tesis\/wp-json\/wp\/v2\/posts"}],"about":[{"href":"https:\/\/www.deberes.net\/tesis\/wp-json\/wp\/v2\/types\/post"}],"author":[{"embeddable":true,"href":"https:\/\/www.deberes.net\/tesis\/wp-json\/wp\/v2\/users\/1"}],"replies":[{"embeddable":true,"href":"https:\/\/www.deberes.net\/tesis\/wp-json\/wp\/v2\/comments?post=92085"}],"version-history":[{"count":0,"href":"https:\/\/www.deberes.net\/tesis\/wp-json\/wp\/v2\/posts\/92085\/revisions"}],"wp:attachment":[{"href":"https:\/\/www.deberes.net\/tesis\/wp-json\/wp\/v2\/media?parent=92085"}],"wp:term":[{"taxonomy":"category","embeddable":true,"href":"https:\/\/www.deberes.net\/tesis\/wp-json\/wp\/v2\/categories?post=92085"},{"taxonomy":"post_tag","embeddable":true,"href":"https:\/\/www.deberes.net\/tesis\/wp-json\/wp\/v2\/tags?post=92085"}],"curies":[{"name":"wp","href":"https:\/\/api.w.org\/{rel}","templated":true}]}}