{"id":92124,"date":"2009-09-03T00:00:00","date_gmt":"2009-09-03T00:00:00","guid":{"rendered":"https:\/\/www.deberes.net\/tesis\/sin-categoria\/procesos-psicosociales-en-la-construccion-del-conflicto-pola%c2%adtico\/"},"modified":"2009-09-03T00:00:00","modified_gmt":"2009-09-03T00:00:00","slug":"procesos-psicosociales-en-la-construccion-del-conflicto-pola%c2%adtico","status":"publish","type":"post","link":"https:\/\/www.deberes.net\/tesis\/actitudes-politicas\/procesos-psicosociales-en-la-construccion-del-conflicto-pola%c2%adtico\/","title":{"rendered":"Procesos psicosociales en la construcci\u00f3n del conflicto pol\u00edtico"},"content":{"rendered":"<h2>Tesis doctoral de <strong> M\u00f3nica Alzate Garc\u00eda <\/strong><\/h2>\n<p>Esta tesis doctoral tiene como objetivo principal identificar y analizar un conjunto de variables psicosociales que contribuyen a la conformaci\u00f3n de creencias en la poblaci\u00f3n civil que se encuentra dentro de un conflicto sociopol\u00edtico violento. Basados en diversos modelos te\u00f3ricos que se enmarcan dentro del campo de estudio de la psicolog\u00eda social, hemos propuesto un conjunto de variables que podr\u00edan describir la tendencia de la poblaci\u00f3n civil hacia procesos de transformaci\u00f3n constructiva del conflicto. Con el fin de comprobar emp\u00edricamente dicha propuesta, se elabor\u00f3 un cuestionario de disposici\u00f3n psicosocial y se aplic\u00f3 a una muestra de 378 personas voluntarias, identificadas como poblaci\u00f3n civil que se encuentra dentro de un conflicto sociopol\u00edtico violento. Tras la recolecci\u00f3n de datos se estableci\u00f3 una adecuada fiabilidad estad\u00edstica del instrumento y a trav\u00e9s de an\u00e1lisis multivariantes se mostr\u00f3 que el modelo tiene una buena capacidad predictora sobre la reconciliaci\u00f3n social y\/o la imposici\u00f3n autoritaria.<\/p>\n<p>&nbsp;<\/p>\n<h3>Datos acad\u00e9micos de la tesis doctoral \u00ab<strong>Procesos psicosociales en la construcci\u00f3n del conflicto pol\u00edtico<\/strong>\u00ab<\/h3>\n<ul>\n<li><strong>T\u00edtulo de la tesis:<\/strong>\u00a0 Procesos psicosociales en la construcci\u00f3n del conflicto pol\u00edtico <\/li>\n<li><strong>Autor:<\/strong>\u00a0 M\u00f3nica Alzate Garc\u00eda <\/li>\n<li><strong>Universidad:<\/strong>\u00a0 Santiago de compostela<\/li>\n<li><strong>Fecha de lectura de la tesis:<\/strong>\u00a0 09\/03\/2009<\/li>\n<\/ul>\n<p>&nbsp;<\/p>\n<h3>Direcci\u00f3n y tribunal<\/h3>\n<ul>\n<li><strong>Director de la tesis<\/strong>\n<ul>\n<li>Jos\u00e9 Manuel Sabucedo Cameselle<\/li>\n<\/ul>\n<\/li>\n<li><strong>Tribunal<\/strong>\n<ul>\n<li>Presidente del tribunal: constantino Arce fern\u00e1ndez <\/li>\n<li>anastasio Ovejero bernal (vocal)<\/li>\n<li>Luis de la Corte iba\u00f1ez (vocal)<\/li>\n<li>\u00c1lvaro Rodriguez carballeira (vocal)<\/li>\n<\/ul>\n<\/li>\n<\/ul>\n<p>&nbsp;<\/p>\n","protected":false},"excerpt":{"rendered":"<p>Tesis doctoral de M\u00f3nica Alzate Garc\u00eda Esta tesis doctoral tiene como objetivo principal identificar y analizar un conjunto de variables [&hellip;]<\/p>\n","protected":false},"author":1,"featured_media":0,"comment_status":"open","ping_status":"open","sticky":false,"template":"","format":"standard","meta":{"site-sidebar-layout":"default","site-content-layout":"","ast-site-content-layout":"","site-content-style":"default","site-sidebar-style":"default","ast-global-header-display":"","ast-banner-title-visibility":"","ast-main-header-display":"","ast-hfb-above-header-display":"","ast-hfb-below-header-display":"","ast-hfb-mobile-header-display":"","site-post-title":"","ast-breadcrumbs-content":"","ast-featured-img":"","footer-sml-layout":"","theme-transparent-header-meta":"","adv-header-id-meta":"","stick-header-meta":"","header-above-stick-meta":"","header-main-stick-meta":"","header-below-stick-meta":"","astra-migrate-meta-layouts":"default","ast-page-background-enabled":"default","ast-page-background-meta":{"desktop":{"background-color":"var(--ast-global-color-4)","background-image":"","background-repeat":"repeat","background-position":"center center","background-size":"auto","background-attachment":"scroll","background-type":"","background-media":"","overlay-type":"","overlay-color":"","overlay-gradient":""},"tablet":{"background-color":"","background-image":"","background-repeat":"repeat","background-position":"center center","background-size":"auto","background-attachment":"scroll","background-type":"","background-media":"","overlay-type":"","overlay-color":"","overlay-gradient":""},"mobile":{"background-color":"","background-image":"","background-repeat":"repeat","background-position":"center center","background-size":"auto","background-attachment":"scroll","background-type":"","background-media":"","overlay-type":"","overlay-color":"","overlay-gradient":""}},"ast-content-background-meta":{"desktop":{"background-color":"var(--ast-global-color-5)","background-image":"","background-repeat":"repeat","background-position":"center center","background-size":"auto","background-attachment":"scroll","background-type":"","background-media":"","overlay-type":"","overlay-color":"","overlay-gradient":""},"tablet":{"background-color":"var(--ast-global-color-5)","background-image":"","background-repeat":"repeat","background-position":"center center","background-size":"auto","background-attachment":"scroll","background-type":"","background-media":"","overlay-type":"","overlay-color":"","overlay-gradient":""},"mobile":{"background-color":"var(--ast-global-color-5)","background-image":"","background-repeat":"repeat","background-position":"center center","background-size":"auto","background-attachment":"scroll","background-type":"","background-media":"","overlay-type":"","overlay-color":"","overlay-gradient":""}},"footnotes":""},"categories":[943,7757,10512,21119,977],"tags":[190677,2998,2633,21328,52744,190676],"class_list":["post-92124","post","type-post","status-publish","format-standard","hentry","category-actitudes-politicas","category-actitudes-sociales","category-percepciones-y-movimientos-sociales","category-resolucion-de-conflictos","category-santiago-de-compostela","tag-alvaro-rodriguez-carballeira","tag-anastasio-ovejero-bernal","tag-constantino-arce-fernandez","tag-jose-manuel-sabucedo-cameselle","tag-luis-de-la-corte-ibanez","tag-monica-alzate-garcia"],"_links":{"self":[{"href":"https:\/\/www.deberes.net\/tesis\/wp-json\/wp\/v2\/posts\/92124","targetHints":{"allow":["GET"]}}],"collection":[{"href":"https:\/\/www.deberes.net\/tesis\/wp-json\/wp\/v2\/posts"}],"about":[{"href":"https:\/\/www.deberes.net\/tesis\/wp-json\/wp\/v2\/types\/post"}],"author":[{"embeddable":true,"href":"https:\/\/www.deberes.net\/tesis\/wp-json\/wp\/v2\/users\/1"}],"replies":[{"embeddable":true,"href":"https:\/\/www.deberes.net\/tesis\/wp-json\/wp\/v2\/comments?post=92124"}],"version-history":[{"count":0,"href":"https:\/\/www.deberes.net\/tesis\/wp-json\/wp\/v2\/posts\/92124\/revisions"}],"wp:attachment":[{"href":"https:\/\/www.deberes.net\/tesis\/wp-json\/wp\/v2\/media?parent=92124"}],"wp:term":[{"taxonomy":"category","embeddable":true,"href":"https:\/\/www.deberes.net\/tesis\/wp-json\/wp\/v2\/categories?post=92124"},{"taxonomy":"post_tag","embeddable":true,"href":"https:\/\/www.deberes.net\/tesis\/wp-json\/wp\/v2\/tags?post=92124"}],"curies":[{"name":"wp","href":"https:\/\/api.w.org\/{rel}","templated":true}]}}