{"id":92129,"date":"2009-09-03T00:00:00","date_gmt":"2009-09-03T00:00:00","guid":{"rendered":"https:\/\/www.deberes.net\/tesis\/sin-categoria\/falangismo-y-propaganda-cultural-en-el-nuevo-estado-la-revista-escorial-1940-1950\/"},"modified":"2009-09-03T00:00:00","modified_gmt":"2009-09-03T00:00:00","slug":"falangismo-y-propaganda-cultural-en-el-nuevo-estado-la-revista-escorial-1940-1950","status":"publish","type":"post","link":"https:\/\/www.deberes.net\/tesis\/teoria-analisis-y-critica-literarios\/falangismo-y-propaganda-cultural-en-el-nuevo-estado-la-revista-escorial-1940-1950\/","title":{"rendered":"Falangismo y propaganda cultural en el nuevo estado: la revista \u00abescorial\u00bb (1940-1950)"},"content":{"rendered":"<h2>Tesis doctoral de <strong> Eduardo I\u00e1\u00f1ez Pareja <\/strong><\/h2>\n<p>La tesis sit\u00faa  en la historia intelectual de los a\u00f1os 40 tanto la revista \u00abescorial\u00bb como el grupo de ide\u00f3logos falangistas que la fundaron y desarrollaron hasta su posteridad, al margen por tanto de las apreciaciones consagradas sobre una pretendida \u00abfalange liberal\u00bb. en concreto, la primera parte sit\u00faa en la historia pol\u00edtica de los a\u00f1os 40 a tal grupo y los diversos \u00f3rganos de propaganda de los servicios del estado y del movimiento, entre ellos la revista \u00abescorial\u00bb en el entramado propagand\u00edstico de fet-jons, y destaca sus \u00abservicios\u00bb hasta su relevo por los propagandistas catolicistas de la acnp. La segunda parta analiza y valora justamente la llamada \u00abposteridad\u00bb del escorialismo, desde su alianza con los acenepistas en la primera mitad de los 50 hasta su derrota y descalificaci\u00f3n \u00abizquierdista\u00bb por el reaccionarismo integrista en los 60, y su posteridad como \u00abliberales\u00bb reclamados por la oposici\u00f3n al franquismo a finales de los 60. La tercera parte vuelve a instalarse en los a\u00f1os 40 para leer en clave estrictamente hist\u00f3rica los contenidos propagand\u00edsticos, pol\u00edticos e ideol\u00f3gico-literarios (en sus vertientes cr\u00edtico-te\u00f3rica y creativa) de la revista \u00abescorial\u00bb. La tesis incluye un anexo con un \u00fatil \u00edndice cronol\u00f3gico de los 65 n\u00fameros de \u00abescorial\u00bb, incluyendo las secciones correspondientes a cada art\u00edculo, adem\u00e1s del obligado cap\u00edtulo bibliogr\u00e1fico (con referencias a los suplementos de arte y de poes\u00eda de \u00abescorial\u00bb, sus separatas y los libros publicados bajo el sello de ediciones escorial [editora nacional]). en definitiva, esta tesis pretende reintegrar el an\u00e1lisis y valoraci\u00f3n de la revista \u00abescorial\u00bb al terreno ideol\u00f3gico y pol\u00edtico en el que hab\u00eda surgido, proponiendo por tanto una lectura en clave propagand\u00edstica de una \u00abrevista de cultura y letras\u00bb que hab\u00eda nacido para una \u00abpropaganda en la alta manera\u00bb destinada a las \u00e9lites intelectuales.<\/p>\n<p>&nbsp;<\/p>\n<h3>Datos acad\u00e9micos de la tesis doctoral \u00ab<strong>Falangismo y propaganda cultural en el nuevo estado: la revista \u00abescorial\u00bb (1940-1950)<\/strong>\u00ab<\/h3>\n<ul>\n<li><strong>T\u00edtulo de la tesis:<\/strong>\u00a0 Falangismo y propaganda cultural en el nuevo estado: la revista \u00abescorial\u00bb (1940-1950) <\/li>\n<li><strong>Autor:<\/strong>\u00a0 Eduardo I\u00e1\u00f1ez Pareja <\/li>\n<li><strong>Universidad:<\/strong>\u00a0 Granada<\/li>\n<li><strong>Fecha de lectura de la tesis:<\/strong>\u00a0 09\/03\/2009<\/li>\n<\/ul>\n<p>&nbsp;<\/p>\n<h3>Direcci\u00f3n y tribunal<\/h3>\n<ul>\n<li><strong>Director de la tesis<\/strong>\n<ul>\n<li>Jos\u00e9 Antonio Fortes Fern\u00e1ndez<\/li>\n<\/ul>\n<\/li>\n<li><strong>Tribunal<\/strong>\n<ul>\n<li>Presidente del tribunal: julio Rodriguez puertolas <\/li>\n<li>Miguel Gomez oliver (vocal)<\/li>\n<li>Alberto Reig tapia (vocal)<\/li>\n<li>c\u00e9sar De vicente hernando (vocal)<\/li>\n<\/ul>\n<\/li>\n<\/ul>\n<p>&nbsp;<\/p>\n","protected":false},"excerpt":{"rendered":"<p>Tesis doctoral de Eduardo I\u00e1\u00f1ez Pareja La tesis sit\u00faa en la historia intelectual de los a\u00f1os 40 tanto la revista [&hellip;]<\/p>\n","protected":false},"author":1,"featured_media":0,"comment_status":"open","ping_status":"open","sticky":false,"template":"","format":"standard","meta":{"site-sidebar-layout":"default","site-content-layout":"","ast-site-content-layout":"","site-content-style":"default","site-sidebar-style":"default","ast-global-header-display":"","ast-banner-title-visibility":"","ast-main-header-display":"","ast-hfb-above-header-display":"","ast-hfb-below-header-display":"","ast-hfb-mobile-header-display":"","site-post-title":"","ast-breadcrumbs-content":"","ast-featured-img":"","footer-sml-layout":"","theme-transparent-header-meta":"","adv-header-id-meta":"","stick-header-meta":"","header-above-stick-meta":"","header-main-stick-meta":"","header-below-stick-meta":"","astra-migrate-meta-layouts":"default","ast-page-background-enabled":"default","ast-page-background-meta":{"desktop":{"background-color":"var(--ast-global-color-4)","background-image":"","background-repeat":"repeat","background-position":"center center","background-size":"auto","background-attachment":"scroll","background-type":"","background-media":"","overlay-type":"","overlay-color":"","overlay-gradient":""},"tablet":{"background-color":"","background-image":"","background-repeat":"repeat","background-position":"center center","background-size":"auto","background-attachment":"scroll","background-type":"","background-media":"","overlay-type":"","overlay-color":"","overlay-gradient":""},"mobile":{"background-color":"","background-image":"","background-repeat":"repeat","background-position":"center center","background-size":"auto","background-attachment":"scroll","background-type":"","background-media":"","overlay-type":"","overlay-color":"","overlay-gradient":""}},"ast-content-background-meta":{"desktop":{"background-color":"var(--ast-global-color-5)","background-image":"","background-repeat":"repeat","background-position":"center center","background-size":"auto","background-attachment":"scroll","background-type":"","background-media":"","overlay-type":"","overlay-color":"","overlay-gradient":""},"tablet":{"background-color":"var(--ast-global-color-5)","background-image":"","background-repeat":"repeat","background-position":"center center","background-size":"auto","background-attachment":"scroll","background-type":"","background-media":"","overlay-type":"","overlay-color":"","overlay-gradient":""},"mobile":{"background-color":"var(--ast-global-color-5)","background-image":"","background-repeat":"repeat","background-position":"center center","background-size":"auto","background-attachment":"scroll","background-type":"","background-media":"","overlay-type":"","overlay-color":"","overlay-gradient":""}},"footnotes":""},"categories":[1867,47010,23527,628],"tags":[125735,190684,190683,22293,14625,3540],"class_list":["post-92129","post","type-post","status-publish","format-standard","hentry","category-historia-de-la-literatura-espanola","category-politica-cultural","category-propaganda","category-teoria-analisis-y-critica-literarios","tag-alberto-reig-tapia","tag-cesar-de-vicente-hernando","tag-eduardo-ianez-pareja","tag-jose-antonio-fortes-fernandez","tag-julio-rodriguez-puertolas","tag-miguel-gomez-oliver"],"_links":{"self":[{"href":"https:\/\/www.deberes.net\/tesis\/wp-json\/wp\/v2\/posts\/92129","targetHints":{"allow":["GET"]}}],"collection":[{"href":"https:\/\/www.deberes.net\/tesis\/wp-json\/wp\/v2\/posts"}],"about":[{"href":"https:\/\/www.deberes.net\/tesis\/wp-json\/wp\/v2\/types\/post"}],"author":[{"embeddable":true,"href":"https:\/\/www.deberes.net\/tesis\/wp-json\/wp\/v2\/users\/1"}],"replies":[{"embeddable":true,"href":"https:\/\/www.deberes.net\/tesis\/wp-json\/wp\/v2\/comments?post=92129"}],"version-history":[{"count":0,"href":"https:\/\/www.deberes.net\/tesis\/wp-json\/wp\/v2\/posts\/92129\/revisions"}],"wp:attachment":[{"href":"https:\/\/www.deberes.net\/tesis\/wp-json\/wp\/v2\/media?parent=92129"}],"wp:term":[{"taxonomy":"category","embeddable":true,"href":"https:\/\/www.deberes.net\/tesis\/wp-json\/wp\/v2\/categories?post=92129"},{"taxonomy":"post_tag","embeddable":true,"href":"https:\/\/www.deberes.net\/tesis\/wp-json\/wp\/v2\/tags?post=92129"}],"curies":[{"name":"wp","href":"https:\/\/api.w.org\/{rel}","templated":true}]}}