{"id":92165,"date":"2009-11-03T00:00:00","date_gmt":"2009-11-03T00:00:00","guid":{"rendered":"https:\/\/www.deberes.net\/tesis\/sin-categoria\/el-plan-nacional-de-recursos-ha%c2%addricos-brasileno-regimen-jura%c2%addico\/"},"modified":"2009-11-03T00:00:00","modified_gmt":"2009-11-03T00:00:00","slug":"el-plan-nacional-de-recursos-ha%c2%addricos-brasileno-regimen-jura%c2%addico","status":"publish","type":"post","link":"https:\/\/www.deberes.net\/tesis\/derecho-administrativo\/el-plan-nacional-de-recursos-ha%c2%addricos-brasileno-regimen-jura%c2%addico\/","title":{"rendered":"El plan nacional de recursos h\u00eddricos brasile\u00f1o: regim\u00e9n jur\u00eddico"},"content":{"rendered":"<h2>Tesis doctoral de <strong> Otac\u00edlio Dos Santos Silveira Neto <\/strong><\/h2>\n<p>El aumento del consumo dela agua en to el mundo, en especial en los \u00faltimos 30 a\u00f1os, y su posible escasez futura, viene despertando la preocupaci\u00f3n de los pa\u00edses. Algunos encuentros de la comunidad internacional &#8211; de los cuales brasil particip\u00f3 intensamente &#8211; fueron hechos con el sentido de establecerse medidas para administra esa cuestion. Una de ellas es la insitucionalizaci\u00f3n de sistemas de planificaci\u00f3n dels uso del agua, la conocida planificaci\u00f3n hidrol\u00f3gica. Esa planificaci\u00f3n requiere un soporte juridico que le haga tener eficacia, ademas, su inserci\u00f3n dentro de un contexto juridico ya existente requiere su total compatibilidad sobre todo en pa\u00edses como brasil donde se trata de algo nuevo. En brasil, especificamente, la planificaci\u00f3n economica tiene regimen pr\u00f3pio dentro de la constituici\u00f3n federal y ahi la planificaci\u00f3n hidrol\u00f3gica, como una esp\u00e9cie de planificaci\u00f3n, gana contornos especiales en razon de la complejidad hidrica del pa\u00eds. La falta de tradicion en este estudio en brasil trae la necesidad de subsidiarlo con la docrtina extranjera.<\/p>\n<p>&nbsp;<\/p>\n<h3>Datos acad\u00e9micos de la tesis doctoral \u00ab<strong>El plan nacional de recursos h\u00eddricos brasile\u00f1o: regim\u00e9n jur\u00eddico<\/strong>\u00ab<\/h3>\n<ul>\n<li><strong>T\u00edtulo de la tesis:<\/strong>\u00a0 El plan nacional de recursos h\u00eddricos brasile\u00f1o: regim\u00e9n jur\u00eddico <\/li>\n<li><strong>Autor:<\/strong>\u00a0 Otac\u00edlio Dos Santos Silveira Neto <\/li>\n<li><strong>Universidad:<\/strong>\u00a0 Zaragoza<\/li>\n<li><strong>Fecha de lectura de la tesis:<\/strong>\u00a0 11\/03\/2009<\/li>\n<\/ul>\n<p>&nbsp;<\/p>\n<h3>Direcci\u00f3n y tribunal<\/h3>\n<ul>\n<li><strong>Director de la tesis<\/strong>\n<ul>\n<li>Antonio Embid Irujo<\/li>\n<\/ul>\n<\/li>\n<li><strong>Tribunal<\/strong>\n<ul>\n<li>Presidente del tribunal: demetrio Loperena rota <\/li>\n<li>ismael Jimenez compaired (vocal)<\/li>\n<li>raymundo Juliano feitosa (vocal)<\/li>\n<li>Andr\u00e9s Betancor rodriguez (vocal)<\/li>\n<\/ul>\n<\/li>\n<\/ul>\n<p>&nbsp;<\/p>\n","protected":false},"excerpt":{"rendered":"<p>Tesis doctoral de Otac\u00edlio Dos Santos Silveira Neto El aumento del consumo dela agua en to el mundo, en especial [&hellip;]<\/p>\n","protected":false},"author":1,"featured_media":0,"comment_status":"open","ping_status":"open","sticky":false,"template":"","format":"standard","meta":{"site-sidebar-layout":"default","site-content-layout":"","ast-site-content-layout":"","site-content-style":"default","site-sidebar-style":"default","ast-global-header-display":"","ast-banner-title-visibility":"","ast-main-header-display":"","ast-hfb-above-header-display":"","ast-hfb-below-header-display":"","ast-hfb-mobile-header-display":"","site-post-title":"","ast-breadcrumbs-content":"","ast-featured-img":"","footer-sml-layout":"","theme-transparent-header-meta":"","adv-header-id-meta":"","stick-header-meta":"","header-above-stick-meta":"","header-main-stick-meta":"","header-below-stick-meta":"","astra-migrate-meta-layouts":"default","ast-page-background-enabled":"default","ast-page-background-meta":{"desktop":{"background-color":"var(--ast-global-color-4)","background-image":"","background-repeat":"repeat","background-position":"center center","background-size":"auto","background-attachment":"scroll","background-type":"","background-media":"","overlay-type":"","overlay-color":"","overlay-gradient":""},"tablet":{"background-color":"","background-image":"","background-repeat":"repeat","background-position":"center center","background-size":"auto","background-attachment":"scroll","background-type":"","background-media":"","overlay-type":"","overlay-color":"","overlay-gradient":""},"mobile":{"background-color":"","background-image":"","background-repeat":"repeat","background-position":"center center","background-size":"auto","background-attachment":"scroll","background-type":"","background-media":"","overlay-type":"","overlay-color":"","overlay-gradient":""}},"ast-content-background-meta":{"desktop":{"background-color":"var(--ast-global-color-5)","background-image":"","background-repeat":"repeat","background-position":"center center","background-size":"auto","background-attachment":"scroll","background-type":"","background-media":"","overlay-type":"","overlay-color":"","overlay-gradient":""},"tablet":{"background-color":"var(--ast-global-color-5)","background-image":"","background-repeat":"repeat","background-position":"center center","background-size":"auto","background-attachment":"scroll","background-type":"","background-media":"","overlay-type":"","overlay-color":"","overlay-gradient":""},"mobile":{"background-color":"var(--ast-global-color-5)","background-image":"","background-repeat":"repeat","background-position":"center center","background-size":"auto","background-attachment":"scroll","background-type":"","background-media":"","overlay-type":"","overlay-color":"","overlay-gradient":""}},"footnotes":""},"categories":[1667,1442,1666,16555,13610],"tags":[22096,48400,38336,95877,190744,190745],"class_list":["post-92165","post","type-post","status-publish","format-standard","hentry","category-calidad-de-las-aguas","category-derecho-administrativo","category-hidrologia","category-planificacion","category-zaragoza","tag-andres-betancor-rodriguez","tag-antonio-embid-irujo","tag-demetrio-loperena-rota","tag-ismael-jimenez-compaired","tag-otacilio-dos-santos-silveira-neto","tag-raymundo-juliano-feitosa"],"_links":{"self":[{"href":"https:\/\/www.deberes.net\/tesis\/wp-json\/wp\/v2\/posts\/92165","targetHints":{"allow":["GET"]}}],"collection":[{"href":"https:\/\/www.deberes.net\/tesis\/wp-json\/wp\/v2\/posts"}],"about":[{"href":"https:\/\/www.deberes.net\/tesis\/wp-json\/wp\/v2\/types\/post"}],"author":[{"embeddable":true,"href":"https:\/\/www.deberes.net\/tesis\/wp-json\/wp\/v2\/users\/1"}],"replies":[{"embeddable":true,"href":"https:\/\/www.deberes.net\/tesis\/wp-json\/wp\/v2\/comments?post=92165"}],"version-history":[{"count":0,"href":"https:\/\/www.deberes.net\/tesis\/wp-json\/wp\/v2\/posts\/92165\/revisions"}],"wp:attachment":[{"href":"https:\/\/www.deberes.net\/tesis\/wp-json\/wp\/v2\/media?parent=92165"}],"wp:term":[{"taxonomy":"category","embeddable":true,"href":"https:\/\/www.deberes.net\/tesis\/wp-json\/wp\/v2\/categories?post=92165"},{"taxonomy":"post_tag","embeddable":true,"href":"https:\/\/www.deberes.net\/tesis\/wp-json\/wp\/v2\/tags?post=92165"}],"curies":[{"name":"wp","href":"https:\/\/api.w.org\/{rel}","templated":true}]}}