{"id":92175,"date":"2009-12-03T00:00:00","date_gmt":"2009-12-03T00:00:00","guid":{"rendered":"https:\/\/www.deberes.net\/tesis\/sin-categoria\/ornamentacion-arquitectonica-del-racionalismo-al-art-nouveau-concrecion-en-la-arquitectura-cartagenera-del-eclecticismo-y-el-modernismo\/"},"modified":"2009-12-03T00:00:00","modified_gmt":"2009-12-03T00:00:00","slug":"ornamentacion-arquitectonica-del-racionalismo-al-art-nouveau-concrecion-en-la-arquitectura-cartagenera-del-eclecticismo-y-el-modernismo","status":"publish","type":"post","link":"https:\/\/www.deberes.net\/tesis\/historia-del-arte\/ornamentacion-arquitectonica-del-racionalismo-al-art-nouveau-concrecion-en-la-arquitectura-cartagenera-del-eclecticismo-y-el-modernismo\/","title":{"rendered":"Ornamentaci\u00f3n arquitect\u00f3nica: del racionalismo al art nouveau. concreci\u00f3n en la arquitectura cartagenera del eclecticismo y el modernismo"},"content":{"rendered":"<h2>Tesis doctoral de <strong> Miguel Garc\u00eda C\u00f3rdoba <\/strong><\/h2>\n<p>A finales del siglo xvii se produce un replanteamiento de los criterios arquitect\u00f3nicos llevados a cabo en los tiempos precedentes. El hast\u00edo del barroco y, en especial, de su ornamentaci\u00f3n llevan a arquitectos y te\u00f3ricos a buscar nuevas ideas que fundamenten la arquitectura sobre planteamientos diferentes. \u00e9stos se buscan inicialmente a partir de criterios racionalistas que poco a poco, a lo largo del siglo xviii, se ir\u00e1n matizando con otras justificaciones est\u00e9ticas, t\u00e9cnicas y filos\u00f3ficas. El clasicismo es el recurso tomado como base para la nueva creaci\u00f3n pues en \u00e9l se encuentran lo que se consideran los fundamentos constructivos y est\u00e9ticos m\u00e1s s\u00f3lidos donde apoyar la nueva arquitectura. Este nuevo desarrollo iniciado en francia tiene su paralelo en inglaterra, aunque con importantes matices en su fundamento que generan s\u00f3lidas diferencias. Todo esto tiene por supuesto un notable impacto sobre la ornamentaci\u00f3n arquitect\u00f3nica, que se ve profundamente afectada al considerar estos nuevos planteamientos la importancia de su supeditaci\u00f3n a los criterios constructivos globales del edificio, a los que a partir de ahora s\u00f3lo debe acompa\u00f1ar sin empa\u00f1ar u ocultar lo que en este momento se considera m\u00e1s importante, es decir, el conjunto de elementos constructivos y la clara representaci\u00f3n de su funci\u00f3n. Hacia final de siglo, la actividad socio-pol\u00edtica, con la revoluci\u00f3n en francia, hace entrar en juego otros elementos de tipo simb\u00f3lico o social. el siglo xix se inicia con una continuidad respecto al siglo anterior, en la que han perdido fuerza los valores iniciales que generaron la renovaci\u00f3n, habi\u00e9ndose establecido unas tipolog\u00edas arquitect\u00f3nicas que ya parecen inamovibles. Los descubrimientos arqueol\u00f3gicos respecto al color en la arquitectura cl\u00e1sica y los nuevos materiales y t\u00e9cnicas suponen una revoluci\u00f3n que har\u00e1 replantearse de nuevo los criterios est\u00e9ticos y constructivos y que afectar\u00e1 de forma decisiva a la ornamentaci\u00f3n. Es el nacimiento \u00aboficial\u00bb, hacia mitad del siglo, del eclecticismo arquitect\u00f3nico que implica una mayor libertad, aunque a\u00fan relativa, en la est\u00e9tica arquitect\u00f3nica. Ser\u00e1 el modernismo de final de siglo el que traiga consigo una autentica revoluci\u00f3n creativa que, aunque ef\u00edmera, dejar\u00e1 la impronta de la renovaci\u00f3n real, en todos los \u00e1mbitos, como sustento de la aut\u00e9ntica creaci\u00f3n. en espa\u00f1a el reflejo de la renovaci\u00f3n del xix se ver\u00e1 frenada por las dificultades en la aplicaci\u00f3n de los nuevos materiales, dificultades concretadas en las corrientes encontradas en el seno del contexto arquitect\u00f3nico as\u00ed como en los problemas que una  deficiente o insuficientemente desarrollada  industria metal\u00fargica   impone para una aplicaci\u00f3n  totalmente libre de los avances t\u00e9cnicos asociados. El eclecticismo en espa\u00f1a va especialmente ligado a recuperaciones historicistas m\u00e1s o menos afortunadas que frenan inicialmente un proceso creativo m\u00e1s libre y que acaban encorset\u00e1ndose en el marco de criterios nacionalistas. La academia asume y dirige los planteamientos del eclecticismo como una ampliaci\u00f3n del repertorio ornamental y constructivo, rompiendo con la hegemon\u00eda y exclusividad del clasicismo precedente.  en cartagena, eclecticismo y modernismo reflejan una serie de interesantes singularidades, desde el modelo clasicista y acad\u00e9mico del \u00faltimo tercio del xix en el caso del primero, que acabar\u00e1 incorporando elementos del nuevo estilo a comienzos del xix  hasta, en el caso del segundo, la asunci\u00f3n de un modelo de modernismo ecl\u00e9ctico que incorpora referencias catalanas, levantinas y europeas que dan lugar a unas creaciones particularmente interesantes en el plano ornamental al tiempo que difuminan la separaci\u00f3n entre ambas adscripciones arquitect\u00f3nicas.<\/p>\n<p>&nbsp;<\/p>\n<h3>Datos acad\u00e9micos de la tesis doctoral \u00ab<strong>Ornamentaci\u00f3n arquitect\u00f3nica: del racionalismo al art nouveau. concreci\u00f3n en la arquitectura cartagenera del eclecticismo y el modernismo<\/strong>\u00ab<\/h3>\n<ul>\n<li><strong>T\u00edtulo de la tesis:<\/strong>\u00a0 Ornamentaci\u00f3n arquitect\u00f3nica: del racionalismo al art nouveau. concreci\u00f3n en la arquitectura cartagenera del eclecticismo y el modernismo <\/li>\n<li><strong>Autor:<\/strong>\u00a0 Miguel Garc\u00eda C\u00f3rdoba <\/li>\n<li><strong>Universidad:<\/strong>\u00a0 Murcia<\/li>\n<li><strong>Fecha de lectura de la tesis:<\/strong>\u00a0 12\/03\/2009<\/li>\n<\/ul>\n<p>&nbsp;<\/p>\n<h3>Direcci\u00f3n y tribunal<\/h3>\n<ul>\n<li><strong>Director de la tesis<\/strong>\n<ul>\n<li>Elias Hernandez Albaladejo<\/li>\n<\/ul>\n<\/li>\n<li><strong>Tribunal<\/strong>\n<ul>\n<li>Presidente del tribunal: cristobal Belda navarro <\/li>\n<li>alfredo Morales Martinez (vocal)<\/li>\n<li>Miguel angel Castillo oreja (vocal)<\/li>\n<li>Francisco De la plaza Santiago (vocal)<\/li>\n<\/ul>\n<\/li>\n<\/ul>\n<p>&nbsp;<\/p>\n","protected":false},"excerpt":{"rendered":"<p>Tesis doctoral de Miguel Garc\u00eda C\u00f3rdoba A finales del siglo xvii se produce un replanteamiento de los criterios arquitect\u00f3nicos llevados [&hellip;]<\/p>\n","protected":false},"author":1,"featured_media":0,"comment_status":"open","ping_status":"open","sticky":false,"template":"","format":"standard","meta":{"site-sidebar-layout":"default","site-content-layout":"","ast-site-content-layout":"","site-content-style":"default","site-sidebar-style":"default","ast-global-header-display":"","ast-banner-title-visibility":"","ast-main-header-display":"","ast-hfb-above-header-display":"","ast-hfb-below-header-display":"","ast-hfb-mobile-header-display":"","site-post-title":"","ast-breadcrumbs-content":"","ast-featured-img":"","footer-sml-layout":"","theme-transparent-header-meta":"","adv-header-id-meta":"","stick-header-meta":"","header-above-stick-meta":"","header-main-stick-meta":"","header-below-stick-meta":"","astra-migrate-meta-layouts":"default","ast-page-background-enabled":"default","ast-page-background-meta":{"desktop":{"background-color":"var(--ast-global-color-4)","background-image":"","background-repeat":"repeat","background-position":"center center","background-size":"auto","background-attachment":"scroll","background-type":"","background-media":"","overlay-type":"","overlay-color":"","overlay-gradient":""},"tablet":{"background-color":"","background-image":"","background-repeat":"repeat","background-position":"center center","background-size":"auto","background-attachment":"scroll","background-type":"","background-media":"","overlay-type":"","overlay-color":"","overlay-gradient":""},"mobile":{"background-color":"","background-image":"","background-repeat":"repeat","background-position":"center center","background-size":"auto","background-attachment":"scroll","background-type":"","background-media":"","overlay-type":"","overlay-color":"","overlay-gradient":""}},"ast-content-background-meta":{"desktop":{"background-color":"var(--ast-global-color-5)","background-image":"","background-repeat":"repeat","background-position":"center center","background-size":"auto","background-attachment":"scroll","background-type":"","background-media":"","overlay-type":"","overlay-color":"","overlay-gradient":""},"tablet":{"background-color":"var(--ast-global-color-5)","background-image":"","background-repeat":"repeat","background-position":"center center","background-size":"auto","background-attachment":"scroll","background-type":"","background-media":"","overlay-type":"","overlay-color":"","overlay-gradient":""},"mobile":{"background-color":"var(--ast-global-color-5)","background-image":"","background-repeat":"repeat","background-position":"center center","background-size":"auto","background-attachment":"scroll","background-type":"","background-media":"","overlay-type":"","overlay-color":"","overlay-gradient":""}},"footnotes":""},"categories":[1745,1014,8235],"tags":[3684,4050,64732,149437,17197,190760],"class_list":["post-92175","post","type-post","status-publish","format-standard","hentry","category-historia-de-la-arquitectura","category-historia-del-arte","category-murcia","tag-alfredo-morales-Martinez","tag-cristobal-belda-navarro","tag-elias-hernandez-albaladejo","tag-francisco-de-la-plaza-santiago","tag-miguel-angel-castillo-oreja","tag-miguel-garcia-cordoba"],"_links":{"self":[{"href":"https:\/\/www.deberes.net\/tesis\/wp-json\/wp\/v2\/posts\/92175","targetHints":{"allow":["GET"]}}],"collection":[{"href":"https:\/\/www.deberes.net\/tesis\/wp-json\/wp\/v2\/posts"}],"about":[{"href":"https:\/\/www.deberes.net\/tesis\/wp-json\/wp\/v2\/types\/post"}],"author":[{"embeddable":true,"href":"https:\/\/www.deberes.net\/tesis\/wp-json\/wp\/v2\/users\/1"}],"replies":[{"embeddable":true,"href":"https:\/\/www.deberes.net\/tesis\/wp-json\/wp\/v2\/comments?post=92175"}],"version-history":[{"count":0,"href":"https:\/\/www.deberes.net\/tesis\/wp-json\/wp\/v2\/posts\/92175\/revisions"}],"wp:attachment":[{"href":"https:\/\/www.deberes.net\/tesis\/wp-json\/wp\/v2\/media?parent=92175"}],"wp:term":[{"taxonomy":"category","embeddable":true,"href":"https:\/\/www.deberes.net\/tesis\/wp-json\/wp\/v2\/categories?post=92175"},{"taxonomy":"post_tag","embeddable":true,"href":"https:\/\/www.deberes.net\/tesis\/wp-json\/wp\/v2\/tags?post=92175"}],"curies":[{"name":"wp","href":"https:\/\/api.w.org\/{rel}","templated":true}]}}