{"id":92202,"date":"2018-03-11T10:11:11","date_gmt":"2018-03-11T10:11:11","guid":{"rendered":"https:\/\/www.deberes.net\/tesis\/sin-categoria\/modificacion-en-la-variabilidad-de-la-precipitacion-sobre-la-pena%c2%adnsulaiberica\/"},"modified":"2018-03-11T10:11:11","modified_gmt":"2018-03-11T10:11:11","slug":"modificacion-en-la-variabilidad-de-la-precipitacion-sobre-la-pena%c2%adnsulaiberica","status":"publish","type":"post","link":"https:\/\/www.deberes.net\/tesis\/sin-categoria\/modificacion-en-la-variabilidad-de-la-precipitacion-sobre-la-pena%c2%adnsulaiberica\/","title":{"rendered":"Modificaci\u00f3n en la variabilidad de la precipitaci\u00f3n sobre la pen\u00ednsulaib\u00e9rica"},"content":{"rendered":"<h2>Tesis doctoral de <strong> Daniel Paredes Beato <\/strong><\/h2>\n<p>La pen\u00ednsula ib\u00e9rica est\u00e1 situada sobre una regi\u00f3n que es muy vulnerable a la escasez de precipitaci\u00f3n, debido a los habituales bajos registros de precipitaci\u00f3n media y la alta variabilidad de su ciclo de precipitaci\u00f3n anual. Desde 1960 hasta el prin cipio del siglo xxi, la precipitaci\u00f3n media en la pen\u00ednsula ha sufrido descensos significativos que han generado un fuerte impacto en el ciclo hidrol\u00f3gico, y en consecuencia, sobre la cantidad de agua disponible sobre su territorio. En particular, el  fuerte descenso de la precipitaci\u00f3n de invierno en las \u00faltimas cuatro d\u00e9cadas del siglo xx ha producido un enorme impacto en los registros de precipitaci\u00f3n anual acumulada. Por otro lado, la intensa y prolongada sequ\u00eda registrada durante el a\u00f1o hidr ol\u00f3gico 2004-2005 ha afectado seriamente los niveles de agua disponibles para consumo humano, agr\u00edcola y de producci\u00f3n energ\u00e9tica, que todav\u00eda no han recuperado completamente su nivel habitual.     de todas formas, pocos trabajos anteriores han valor ado las consecuencias del aumento de la variabilidad en la circulaci\u00f3n atmosf\u00e9rica sobre el r\u00e9gimen de precipitaci\u00f3n en la pen\u00ednsula ib\u00e9rica, particularmente para los fen\u00f3menos que suprimen la precipitaci\u00f3n sobre esta regi\u00f3n. El estudio de esta relac i\u00f3n es fundamental, debido a que la pen\u00ednsula ib\u00e9rica en particular, y el \u00e1rea del mediterr\u00e1neo en general, han sido se\u00f1alados como los sectores que m\u00e1s pueden sufrir las consecuencias futuras de la escasez de precipitaci\u00f3n bajo un escenario de aumen to continuo de las emisiones de gases de efecto invernadero. En este contexto, este trabajo presenta un an\u00e1lisis a escala diaria y mensual de los dos fuertes descensos de precipitaci\u00f3n observados sobre la pen\u00ednsula ib\u00e9rica, englob\u00e1ndolos en una persp ectiva m\u00e1s amplia a trav\u00e9s del an\u00e1lisis de los cambios en la variabilidad de la precipitaci\u00f3n observados sobre el continente europeo. Con el objetivo de presentar resultados robustos, se han empleado datos de precipitaci\u00f3n obtenidos de una serie de e staciones meteorol\u00f3gicas sobre la pen\u00ednsula as\u00ed como dos bases de datos de precipitaci\u00f3n mensual sobre mallas regulares (cru y gpcc), que han sido analizadas aplicando t\u00e9cnicas lineales y no lineales.       los resultados muestran que la precipitaci\u00f3 n estacional de invierno en la pen\u00ednsula ib\u00e9rica ha experimentado una intensa tendencia descendente desde 1960 hasta el a\u00f1o 2000, principalmente causada por el significativo y continuo descenso de la precipitaci\u00f3n media en los meses de marzo y febrer<\/p>\n<p>&nbsp;<\/p>\n<h3>Datos acad\u00e9micos de la tesis doctoral \u00ab<strong>Modificaci\u00f3n en la variabilidad de la precipitaci\u00f3n sobre la pen\u00ednsulaib\u00e9rica<\/strong>\u00ab<\/h3>\n<ul>\n<li><strong>T\u00edtulo de la tesis:<\/strong>\u00a0 Modificaci\u00f3n en la variabilidad de la precipitaci\u00f3n sobre la pen\u00ednsulaib\u00e9rica <\/li>\n<li><strong>Autor:<\/strong>\u00a0 Daniel Paredes Beato <\/li>\n<li><strong>Universidad:<\/strong>\u00a0 Complutense de Madrid<\/li>\n<li><strong>Fecha de lectura de la tesis:<\/strong>\u00a0 13\/03\/2009<\/li>\n<\/ul>\n<p>&nbsp;<\/p>\n<h3>Direcci\u00f3n y tribunal<\/h3>\n<ul>\n<li><strong>Director de la tesis<\/strong>\n<ul>\n<li>Ricardo Machado Trigo<\/li>\n<\/ul>\n<\/li>\n<li><strong>Tribunal<\/strong>\n<ul>\n<li>Presidente del tribunal: emiliano Hern\u00e1ndez mart\u00edn <\/li>\n<li>Luis Gimeno presa (vocal)<\/li>\n<li>piero Lionello (vocal)<\/li>\n<li>pedro Ribera rodr\u00edguez (vocal)<\/li>\n<\/ul>\n<\/li>\n<\/ul>\n<p>&nbsp;<\/p>\n","protected":false},"excerpt":{"rendered":"<p>Tesis doctoral de Daniel Paredes Beato La pen\u00ednsula ib\u00e9rica est\u00e1 situada sobre una regi\u00f3n que es muy vulnerable a la [&hellip;]<\/p>\n","protected":false},"author":1,"featured_media":0,"comment_status":"open","ping_status":"open","sticky":false,"template":"","format":"standard","meta":{"site-sidebar-layout":"default","site-content-layout":"","ast-site-content-layout":"","site-content-style":"default","site-sidebar-style":"default","ast-global-header-display":"","ast-banner-title-visibility":"","ast-main-header-display":"","ast-hfb-above-header-display":"","ast-hfb-below-header-display":"","ast-hfb-mobile-header-display":"","site-post-title":"","ast-breadcrumbs-content":"","ast-featured-img":"","footer-sml-layout":"","theme-transparent-header-meta":"","adv-header-id-meta":"","stick-header-meta":"","header-above-stick-meta":"","header-main-stick-meta":"","header-below-stick-meta":"","astra-migrate-meta-layouts":"default","ast-page-background-enabled":"default","ast-page-background-meta":{"desktop":{"background-color":"var(--ast-global-color-4)","background-image":"","background-repeat":"repeat","background-position":"center center","background-size":"auto","background-attachment":"scroll","background-type":"","background-media":"","overlay-type":"","overlay-color":"","overlay-gradient":""},"tablet":{"background-color":"","background-image":"","background-repeat":"repeat","background-position":"center center","background-size":"auto","background-attachment":"scroll","background-type":"","background-media":"","overlay-type":"","overlay-color":"","overlay-gradient":""},"mobile":{"background-color":"","background-image":"","background-repeat":"repeat","background-position":"center center","background-size":"auto","background-attachment":"scroll","background-type":"","background-media":"","overlay-type":"","overlay-color":"","overlay-gradient":""}},"ast-content-background-meta":{"desktop":{"background-color":"var(--ast-global-color-5)","background-image":"","background-repeat":"repeat","background-position":"center center","background-size":"auto","background-attachment":"scroll","background-type":"","background-media":"","overlay-type":"","overlay-color":"","overlay-gradient":""},"tablet":{"background-color":"var(--ast-global-color-5)","background-image":"","background-repeat":"repeat","background-position":"center center","background-size":"auto","background-attachment":"scroll","background-type":"","background-media":"","overlay-type":"","overlay-color":"","overlay-gradient":""},"mobile":{"background-color":"var(--ast-global-color-5)","background-image":"","background-repeat":"repeat","background-position":"center center","background-size":"auto","background-attachment":"scroll","background-type":"","background-media":"","overlay-type":"","overlay-color":"","overlay-gradient":""}},"footnotes":""},"categories":[1],"tags":[190810,6033,6032,133218,190811,74250],"class_list":["post-92202","post","type-post","status-publish","format-standard","hentry","category-sin-categoria","tag-daniel-paredes-beato","tag-emiliano-hernandez-martin","tag-luis-gimeno-presa","tag-pedro-ribera-rodriguez","tag-piero-lionello","tag-ricardo-machado-trigo"],"_links":{"self":[{"href":"https:\/\/www.deberes.net\/tesis\/wp-json\/wp\/v2\/posts\/92202","targetHints":{"allow":["GET"]}}],"collection":[{"href":"https:\/\/www.deberes.net\/tesis\/wp-json\/wp\/v2\/posts"}],"about":[{"href":"https:\/\/www.deberes.net\/tesis\/wp-json\/wp\/v2\/types\/post"}],"author":[{"embeddable":true,"href":"https:\/\/www.deberes.net\/tesis\/wp-json\/wp\/v2\/users\/1"}],"replies":[{"embeddable":true,"href":"https:\/\/www.deberes.net\/tesis\/wp-json\/wp\/v2\/comments?post=92202"}],"version-history":[{"count":0,"href":"https:\/\/www.deberes.net\/tesis\/wp-json\/wp\/v2\/posts\/92202\/revisions"}],"wp:attachment":[{"href":"https:\/\/www.deberes.net\/tesis\/wp-json\/wp\/v2\/media?parent=92202"}],"wp:term":[{"taxonomy":"category","embeddable":true,"href":"https:\/\/www.deberes.net\/tesis\/wp-json\/wp\/v2\/categories?post=92202"},{"taxonomy":"post_tag","embeddable":true,"href":"https:\/\/www.deberes.net\/tesis\/wp-json\/wp\/v2\/tags?post=92202"}],"curies":[{"name":"wp","href":"https:\/\/api.w.org\/{rel}","templated":true}]}}