{"id":92294,"date":"2018-03-11T10:11:15","date_gmt":"2018-03-11T10:11:15","guid":{"rendered":"https:\/\/www.deberes.net\/tesis\/sin-categoria\/juan-valera-diplomatico\/"},"modified":"2018-03-11T10:11:15","modified_gmt":"2018-03-11T10:11:15","slug":"juan-valera-diplomatico","status":"publish","type":"post","link":"https:\/\/www.deberes.net\/tesis\/sin-categoria\/juan-valera-diplomatico\/","title":{"rendered":"Juan valera, diplom\u00e1tico."},"content":{"rendered":"<h2>Tesis doctoral de <strong> Elena Castello Bocinos <\/strong><\/h2>\n<p>Se trata de un an\u00e1lisis biogr\u00e1fico de la figura de don juan valera en su vertiente profesional, como diplom\u00e1tico. La tesis incluye un estudio de la organizaci\u00f3n del ministerio de estado en el siglo xix y del funcionamiento de la carrera diplom\u00e1tica, para analizar a continuaci\u00f3n la actividad profesional de juan valera, desde su ingreso en la carrera diplom\u00e1tica como agregado sin sueldo en n\u00e1poles en 1847 hasta s\u00fa \u00faltimo destino como embajador en viena entre 1893 y 1895, tomando como marco de refe rencia la pol\u00edtica exterior que los gobiernos espa\u00f1oles ponen en pr\u00e1ctica en sus distintos destinos. En cada destino, el an\u00e1lisis de parte de su correspondencia familiar ha permitido conocer diferentes aspectos de su vida cotidiana.<\/p>\n<p>&nbsp;<\/p>\n<h3>Datos acad\u00e9micos de la tesis doctoral \u00ab<strong>Juan valera, diplom\u00e1tico.<\/strong>\u00ab<\/h3>\n<ul>\n<li><strong>T\u00edtulo de la tesis:<\/strong>\u00a0 Juan valera, diplom\u00e1tico. <\/li>\n<li><strong>Autor:<\/strong>\u00a0 Elena Castello Bocinos <\/li>\n<li><strong>Universidad:<\/strong>\u00a0 Complutense de Madrid<\/li>\n<li><strong>Fecha de lectura de la tesis:<\/strong>\u00a0 17\/03\/2009<\/li>\n<\/ul>\n<p>&nbsp;<\/p>\n<h3>Direcci\u00f3n y tribunal<\/h3>\n<ul>\n<li><strong>Director de la tesis<\/strong>\n<ul>\n<li>Rosario De La Torre Del R\u00edo<\/li>\n<\/ul>\n<\/li>\n<li><strong>Tribunal<\/strong>\n<ul>\n<li>Presidente del tribunal: elena Hernandez sadoica <\/li>\n<li>Carlos Darde morales (vocal)<\/li>\n<li>Manuel Espadas burgos (vocal)<\/li>\n<li>Jos\u00e9 Manuel Cuenca toribio (vocal)<\/li>\n<\/ul>\n<\/li>\n<\/ul>\n<p>&nbsp;<\/p>\n","protected":false},"excerpt":{"rendered":"<p>Tesis doctoral de Elena Castello Bocinos Se trata de un an\u00e1lisis biogr\u00e1fico de la figura de don juan valera en [&hellip;]<\/p>\n","protected":false},"author":1,"featured_media":0,"comment_status":"open","ping_status":"open","sticky":false,"template":"","format":"standard","meta":{"site-sidebar-layout":"default","site-content-layout":"","ast-site-content-layout":"","site-content-style":"default","site-sidebar-style":"default","ast-global-header-display":"","ast-banner-title-visibility":"","ast-main-header-display":"","ast-hfb-above-header-display":"","ast-hfb-below-header-display":"","ast-hfb-mobile-header-display":"","site-post-title":"","ast-breadcrumbs-content":"","ast-featured-img":"","footer-sml-layout":"","theme-transparent-header-meta":"","adv-header-id-meta":"","stick-header-meta":"","header-above-stick-meta":"","header-main-stick-meta":"","header-below-stick-meta":"","astra-migrate-meta-layouts":"default","ast-page-background-enabled":"default","ast-page-background-meta":{"desktop":{"background-color":"var(--ast-global-color-4)","background-image":"","background-repeat":"repeat","background-position":"center center","background-size":"auto","background-attachment":"scroll","background-type":"","background-media":"","overlay-type":"","overlay-color":"","overlay-gradient":""},"tablet":{"background-color":"","background-image":"","background-repeat":"repeat","background-position":"center center","background-size":"auto","background-attachment":"scroll","background-type":"","background-media":"","overlay-type":"","overlay-color":"","overlay-gradient":""},"mobile":{"background-color":"","background-image":"","background-repeat":"repeat","background-position":"center center","background-size":"auto","background-attachment":"scroll","background-type":"","background-media":"","overlay-type":"","overlay-color":"","overlay-gradient":""}},"ast-content-background-meta":{"desktop":{"background-color":"var(--ast-global-color-5)","background-image":"","background-repeat":"repeat","background-position":"center center","background-size":"auto","background-attachment":"scroll","background-type":"","background-media":"","overlay-type":"","overlay-color":"","overlay-gradient":""},"tablet":{"background-color":"var(--ast-global-color-5)","background-image":"","background-repeat":"repeat","background-position":"center center","background-size":"auto","background-attachment":"scroll","background-type":"","background-media":"","overlay-type":"","overlay-color":"","overlay-gradient":""},"mobile":{"background-color":"var(--ast-global-color-5)","background-image":"","background-repeat":"repeat","background-position":"center center","background-size":"auto","background-attachment":"scroll","background-type":"","background-media":"","overlay-type":"","overlay-color":"","overlay-gradient":""}},"footnotes":""},"categories":[1],"tags":[26299,190959,147842,2226,7417,22845],"class_list":["post-92294","post","type-post","status-publish","format-standard","hentry","category-sin-categoria","tag-carlos-darde-morales","tag-elena-castello-bocinos","tag-elena-hernandez-sadoica","tag-jose-manuel-cuenca-toribio","tag-manuel-espadas-burgos","tag-rosario-de-la-torre-del-rio"],"_links":{"self":[{"href":"https:\/\/www.deberes.net\/tesis\/wp-json\/wp\/v2\/posts\/92294","targetHints":{"allow":["GET"]}}],"collection":[{"href":"https:\/\/www.deberes.net\/tesis\/wp-json\/wp\/v2\/posts"}],"about":[{"href":"https:\/\/www.deberes.net\/tesis\/wp-json\/wp\/v2\/types\/post"}],"author":[{"embeddable":true,"href":"https:\/\/www.deberes.net\/tesis\/wp-json\/wp\/v2\/users\/1"}],"replies":[{"embeddable":true,"href":"https:\/\/www.deberes.net\/tesis\/wp-json\/wp\/v2\/comments?post=92294"}],"version-history":[{"count":0,"href":"https:\/\/www.deberes.net\/tesis\/wp-json\/wp\/v2\/posts\/92294\/revisions"}],"wp:attachment":[{"href":"https:\/\/www.deberes.net\/tesis\/wp-json\/wp\/v2\/media?parent=92294"}],"wp:term":[{"taxonomy":"category","embeddable":true,"href":"https:\/\/www.deberes.net\/tesis\/wp-json\/wp\/v2\/categories?post=92294"},{"taxonomy":"post_tag","embeddable":true,"href":"https:\/\/www.deberes.net\/tesis\/wp-json\/wp\/v2\/tags?post=92294"}],"curies":[{"name":"wp","href":"https:\/\/api.w.org\/{rel}","templated":true}]}}