{"id":92318,"date":"2018-03-11T10:11:15","date_gmt":"2018-03-11T10:11:15","guid":{"rendered":"https:\/\/www.deberes.net\/tesis\/sin-categoria\/a-recepa%c2%a7ao-do-concilio-vaticano-ii-na-diocese-da-guarda\/"},"modified":"2018-03-11T10:11:15","modified_gmt":"2018-03-11T10:11:15","slug":"a-recepa%c2%a7ao-do-concilio-vaticano-ii-na-diocese-da-guarda","status":"publish","type":"post","link":"https:\/\/www.deberes.net\/tesis\/historia-local\/a-recepa%c2%a7ao-do-concilio-vaticano-ii-na-diocese-da-guarda\/","title":{"rendered":"A recep\u00c1\u00a7ao do concilio vaticano ii na diocese da guarda"},"content":{"rendered":"<h2>Tesis doctoral de <strong> Henrique Manuel Rodrigues Dos Santos <\/strong><\/h2>\n<p>Cuando juan xxiii anunci\u00f3 que quer\u00eda convocar un concilio no se ha pensado nunca que vendr\u00eda a ser uno de los acontecimientos m\u00e1s importantes en la vida de la iglesia. La realizaci\u00f3n del concilio vaticano ii ha superado todo y todos: la novedad y magnitud de este acontecimiento ha sido tal que redund\u00f3 en una aut\u00e9ntica reforma de la iglesia multisecular. La iglesia ha cambiado su visi\u00f3n ad intra y ad extra: se ha purificado, acercado m\u00e1s a la iglesia primitiva y a su verdadera misi\u00f3n de levar jesucristo a los hombres de nuestros d\u00edas. Este asombroso proceso de cambio y transformaci\u00f3n tiene caracter\u00edsticas propias y especificas de acuerdo con la parcela del pueblo de dios donde se ha implementado. Desde este presupuesto he buscado las especificidades de la aplicaci\u00f3n del concilio vaticano ii en una iglesia particular, la de la di\u00f3cesis de guarda. La investigaci\u00f3n, encuadrada y relacionada con los acontecimientos del pa\u00eds (portugal) de ese tiempo y introducida por las vivencias socio\/pol\u00edticas previas, muestra exhaustivamente como era la di\u00f3cesis de guarda pr\u00e9-conciliar y como fue cambiando para se tornar en iglesia al ritmo del concilio. En esta tesis titulada: a recep\u00ed\u00a7\u00ed\u00a3o do concilio vaticano ii na diocese da guarda, ha sido reconstruida una etapa hist\u00f3rica de la vida de esta iglesia diocesana de c\u00f3mo se recibi\u00f3, se comprendi\u00f3 y se aplic\u00f3 el evento conciliar. Y en resumen se puede decir que el acontecimiento del concilio se ha aplicado, aunque con distintas marchas, y que la recepci\u00f3n del concilio vaticano ii se ha realizado, aunque de forma lenta, morosa, incompleta y con algunos equ\u00edvocos.<\/p>\n<p>&nbsp;<\/p>\n<h3>Datos acad\u00e9micos de la tesis doctoral \u00ab<strong>A recep\u00c1\u00a7ao do concilio vaticano ii na diocese da guarda<\/strong>\u00ab<\/h3>\n<ul>\n<li><strong>T\u00edtulo de la tesis:<\/strong>\u00a0 A recep\u00c1\u00a7ao do concilio vaticano ii na diocese da guarda <\/li>\n<li><strong>Autor:<\/strong>\u00a0 Henrique Manuel Rodrigues Dos Santos <\/li>\n<li><strong>Universidad:<\/strong>\u00a0 Pontificia comillas<\/li>\n<li><strong>Fecha de lectura de la tesis:<\/strong>\u00a0 18\/03\/2009<\/li>\n<\/ul>\n<p>&nbsp;<\/p>\n<h3>Direcci\u00f3n y tribunal<\/h3>\n<ul>\n<li><strong>Director de la tesis<\/strong>\n<ul>\n<li>Juan  Mar\u00eda Laboa Gallego<\/li>\n<\/ul>\n<\/li>\n<li><strong>Tribunal<\/strong>\n<ul>\n<li>Presidente del tribunal: Santiago Madrigal terrazas <\/li>\n<li>Juan  Mar\u00eda Laboa gallego (vocal)<\/li>\n<li>Jos\u00e9 Mar\u00eda D\u00edaz moreno (vocal)<\/li>\n<li>alfredo Verdoy herranz (vocal)<\/li>\n<\/ul>\n<\/li>\n<\/ul>\n<p>&nbsp;<\/p>\n","protected":false},"excerpt":{"rendered":"<p>Tesis doctoral de Henrique Manuel Rodrigues Dos Santos Cuando juan xxiii anunci\u00f3 que quer\u00eda convocar un concilio no se ha [&hellip;]<\/p>\n","protected":false},"author":1,"featured_media":0,"comment_status":"open","ping_status":"open","sticky":false,"template":"","format":"standard","meta":{"site-sidebar-layout":"default","site-content-layout":"","ast-site-content-layout":"","site-content-style":"default","site-sidebar-style":"default","ast-global-header-display":"","ast-banner-title-visibility":"","ast-main-header-display":"","ast-hfb-above-header-display":"","ast-hfb-below-header-display":"","ast-hfb-mobile-header-display":"","site-post-title":"","ast-breadcrumbs-content":"","ast-featured-img":"","footer-sml-layout":"","theme-transparent-header-meta":"","adv-header-id-meta":"","stick-header-meta":"","header-above-stick-meta":"","header-main-stick-meta":"","header-below-stick-meta":"","astra-migrate-meta-layouts":"default","ast-page-background-enabled":"default","ast-page-background-meta":{"desktop":{"background-color":"var(--ast-global-color-4)","background-image":"","background-repeat":"repeat","background-position":"center center","background-size":"auto","background-attachment":"scroll","background-type":"","background-media":"","overlay-type":"","overlay-color":"","overlay-gradient":""},"tablet":{"background-color":"","background-image":"","background-repeat":"repeat","background-position":"center center","background-size":"auto","background-attachment":"scroll","background-type":"","background-media":"","overlay-type":"","overlay-color":"","overlay-gradient":""},"mobile":{"background-color":"","background-image":"","background-repeat":"repeat","background-position":"center center","background-size":"auto","background-attachment":"scroll","background-type":"","background-media":"","overlay-type":"","overlay-color":"","overlay-gradient":""}},"ast-content-background-meta":{"desktop":{"background-color":"var(--ast-global-color-5)","background-image":"","background-repeat":"repeat","background-position":"center center","background-size":"auto","background-attachment":"scroll","background-type":"","background-media":"","overlay-type":"","overlay-color":"","overlay-gradient":""},"tablet":{"background-color":"var(--ast-global-color-5)","background-image":"","background-repeat":"repeat","background-position":"center center","background-size":"auto","background-attachment":"scroll","background-type":"","background-media":"","overlay-type":"","overlay-color":"","overlay-gradient":""},"mobile":{"background-color":"var(--ast-global-color-5)","background-image":"","background-repeat":"repeat","background-position":"center center","background-size":"auto","background-attachment":"scroll","background-type":"","background-media":"","overlay-type":"","overlay-color":"","overlay-gradient":""}},"footnotes":""},"categories":[7220,2224,5914,18397],"tags":[23480,191003,32430,32411,18432],"class_list":["post-92318","post","type-post","status-publish","format-standard","hentry","category-historia-de-las-religiones","category-historia-local","category-historiografia","category-pontificia-comillas","tag-alfredo-verdoy-herranz","tag-henrique-manuel-rodrigues-dos-santos","tag-jose-maria-diaz-moreno","tag-juan-maria-laboa-gallego","tag-santiago-madrigal-terrazas"],"_links":{"self":[{"href":"https:\/\/www.deberes.net\/tesis\/wp-json\/wp\/v2\/posts\/92318","targetHints":{"allow":["GET"]}}],"collection":[{"href":"https:\/\/www.deberes.net\/tesis\/wp-json\/wp\/v2\/posts"}],"about":[{"href":"https:\/\/www.deberes.net\/tesis\/wp-json\/wp\/v2\/types\/post"}],"author":[{"embeddable":true,"href":"https:\/\/www.deberes.net\/tesis\/wp-json\/wp\/v2\/users\/1"}],"replies":[{"embeddable":true,"href":"https:\/\/www.deberes.net\/tesis\/wp-json\/wp\/v2\/comments?post=92318"}],"version-history":[{"count":0,"href":"https:\/\/www.deberes.net\/tesis\/wp-json\/wp\/v2\/posts\/92318\/revisions"}],"wp:attachment":[{"href":"https:\/\/www.deberes.net\/tesis\/wp-json\/wp\/v2\/media?parent=92318"}],"wp:term":[{"taxonomy":"category","embeddable":true,"href":"https:\/\/www.deberes.net\/tesis\/wp-json\/wp\/v2\/categories?post=92318"},{"taxonomy":"post_tag","embeddable":true,"href":"https:\/\/www.deberes.net\/tesis\/wp-json\/wp\/v2\/tags?post=92318"}],"curies":[{"name":"wp","href":"https:\/\/api.w.org\/{rel}","templated":true}]}}